{"id":585118,"date":"2025-12-07T22:56:13","date_gmt":"2025-12-07T22:56:13","guid":{"rendered":"https:\/\/www.europesays.com\/fr\/585118\/"},"modified":"2025-12-07T22:56:13","modified_gmt":"2025-12-07T22:56:13","slug":"a-brest-larchitecte-argouarch-ouvre-sa-galerie-dart","status":"publish","type":"post","link":"https:\/\/www.europesays.com\/fr\/585118\/","title":{"rendered":"\u00c0 Brest, l\u2019architecte Argouarch ouvre sa galerie d\u2019art"},"content":{"rendered":"<p>\u00ab\u00a0En ao\u00fbt, je suis en vacances et je ne vais nulle part. J\u2019attends ce moment avec impatience. Je peins dans mon atelier\u00a0\u00bb. Pierre Henri Argouarch est un architecte reconnu, notamment \u00e0 Brest o\u00f9 l\u2019on ne compte plus ses r\u00e9alisations\ufeff\u00a0: <a href=\"https:\/\/www.letelegramme.fr\/finistere\/brest-29200\/spanmiroir-des-energiesspan-le-premier-chateau-deau-chaude-2867910.php\" target=\"_blank\" rel=\"noopener\">le miroir des \u00e9nergies<\/a>, le ch\u00e2teau d\u2019eau chaude \u00e0 c\u00f4t\u00e9 de la fac de sciences, le Village by CA aux Capucins, <a href=\"https:\/\/www.letelegramme.fr\/finistere\/brest-29200\/span-classamorcecomoediaspan-renaissance-dun-lieu-mythique-4013101.php\" target=\"_blank\" rel=\"noopener\">le Com\u0153dia<\/a>, d\u2019immenses peintures couvrant des immeubles sur le trac\u00e9 du tram, \u00e0 Recouvrance et pr\u00e8s de la place de Strasbourg, le b\u00e2timent ray\u00e9 multicolore boulevard de Plymouth, etc.<\/p>\n<p>Cet architecte plasticien peint aussi, donc, comme il dessine, depuis toujours. \u00ab\u00a0Je peins par s\u00e9ries, \u00e0 l\u2019huile et \u00e0 l\u2019acrylique\u00a0: des locomotives, des batailles navales, des cuirass\u00e9s, des bunkers, des sous-marins, etc.\u00a0\u00bb. Rien de tr\u00e8s glamour \u00e0 premi\u00e8re vue mais le style de l\u2019artiste s\u2019affirme avec des lignes riches en mati\u00e8re, des couleurs fortes\u00a0: un rouge dominant parfois, du bleu surtout. D\u2019o\u00f9 \u00e9merge, perdu dans une \u0153uvre de grande taille, un petit point rouge.<\/p>\n<p>Profond\u00e9ment marqu\u00e9 par le drame du Koursk<\/p>\n<p>\u00ab\u00a0Je suis un fan de <a href=\"https:\/\/www.letelegramme.fr\/finistere\/spanpeinturespan-francois-dilasser-sest-eteint-1603044.php\" target=\"_blank\" rel=\"noopener\">Fran\u00e7ois Dilasser<\/a> et de ses bateaux-feux. Il fallait que je trouve une accroche. Il y a toujours une petite lampe, au fond, dans un sous-marin\u00a0\u00bb. Le drame du Koursk, sous-marin nucl\u00e9aire russe, et de ses marins bloqu\u00e9s au fond de la mer, en 2000, apr\u00e8s l\u2019explosion d\u2019une torpille, l\u2019a profond\u00e9ment marqu\u00e9. Alors, dans la premi\u00e8re exposition de sa galerie, \u00ab\u00a0Les Jumeaux de Thor\u00a0\u00bb, on devine plusieurs sous-marins, dont un jaune. Les fans des Beatles appr\u00e9cieront particuli\u00e8rement ce yellow submarine.<\/p>\n<p>Oui parce que Pierre Henri Argouarch ouvre une galerie, ce dimanche 7 d\u00e9cembre 2025. Adoss\u00e9e \u00e0 son cabinet d\u2019architecte (<a href=\"https:\/\/www.a3archi.com\/\" target=\"_blank\" rel=\"noopener\">A3, Argouarch Architectes Associ\u00e9s<\/a>), sur 100 m2, au <a href=\"https:\/\/www.letelegramme.fr\/finistere\/brest-29200\/sur-le-port-de-brest-le-rond-point-herman-melville-va-etre-reamenage-a-la-hollandaise-4088770.php\" target=\"_blank\" rel=\"noopener\">rond-point Herman-Melville<\/a> (dit \u00ab\u00a0du gaz\u00a0\u00bb ou \u00ab\u00a0\u00e0 la hollandaise\u00a0\u00bb) au port de commerce, A3 Studio est un b\u00e2timent clair, avec une terrasse. \u00ab\u00a0Le terrain \u00e9tait en vente. C\u2019\u00e9tait une opportunit\u00e9\u00a0!\u00a0\u00bb, s\u2019exclame l\u2019architecte, qui n\u2019a pas eu besoin d\u2019en chercher un pour construire un beau nouvel \u00e9difice, faisant la part belle aux baies vitr\u00e9es et au clair voie en bois.<\/p>\n<p>Bient\u00f4t d\u2019autres artistes<\/p>\n<p>C\u2019est en discutant avec <a href=\"https:\/\/www.letelegramme.fr\/finistere\/brest-29200\/cest-totalement-dans-lair-du-temps-a-brest-comment-les-brocantes-rajeunissent-6877954.php\" target=\"_blank\" rel=\"noopener\">Fran\u00e7oise Patris<\/a>, galeriste au centre-ville, qui l\u2019a expos\u00e9 en 2024, que l\u2019id\u00e9e de cr\u00e9er un nouveau lieu d\u2019exposition prend forme. \u00ab\u00a0On s\u2019entoure de conservateurs, de critiques d\u2019art\u00a0\u00bb, disent-ils de concert, pour affiner le projet, auquel elle apporte sa connaissance du m\u00e9tier.<\/p>\n<p>L\u2019exposition de Pierre Henri Argouarch durera deux mois. Elle propose aussi des objets de curiosit\u00e9 dont il pourrait \u00e9galement parler longtemps. \u00ab\u00a0Puis il y aura d\u2019autres artistes, d\u2019ici ou d\u2019ailleurs, ceux qui nous touchent par leur personnalit\u00e9 et leur travail\u00a0\u00bb, appuie-t-elle. \u00c0 d\u00e9couvrir.<\/p>\n<p>Pratique<\/p>\n<p class=\"note\">A3 Studio, la galerie, au 70, rue Amiral-Troude, \u00e0 Brest. Contact\u00a0: t\u00e9l. 06\u00a061\u00a032\u00a011\u00a099\u00a0; courriel, contact@a3studio-galerie.com. Site web <a href=\"https:\/\/a3studio-galerie.com\/\" target=\"_blank\" rel=\"noopener\">a3studio-galerie.com<\/a>. Ouverture au public ce dimanche 7 d\u00e9cembre 2025, de 15\u00a0h \u00e0 18\u00a0h\u00a030. Ensuite, du jeudi au samedi de 14\u00a0h\u00a030 \u00e0 18\u00a0h\u00a030 et sur rendez-vous les autres jours. En vente sur place et dans d\u2019autres lieux \u00e0 Brest, le livre \u00ab\u00a0Pierre Henri Argouarch, architecte plasticien, de l\u2019architecture \u00e0 la peinture\u00a0\u00bb, 25 \u20ac.<\/p>\n","protected":false},"excerpt":{"rendered":"\u00ab\u00a0En ao\u00fbt, je suis en vacances et je ne vais nulle part. J\u2019attends ce moment avec impatience. Je&hellip;\n","protected":false},"author":2,"featured_media":585119,"comment_status":"","ping_status":"","sticky":false,"template":"","format":"standard","meta":{"footnotes":""},"categories":[1358],"tags":[1350,3734,8913,1348,1384,1385,3450,251,1386,58,59,1011,27,1352],"class_list":{"0":"post-585118","1":"post","2":"type-post","3":"status-publish","4":"format-standard","5":"has-post-thumbnail","7":"category-arts-et-design","8":"tag-architecture","9":"tag-art","10":"tag-art-plastique","11":"tag-arts","12":"tag-arts-and-design","13":"tag-arts-et-design","14":"tag-brest","15":"tag-culture","16":"tag-design","17":"tag-divertissement","18":"tag-entertainment","19":"tag-fr","20":"tag-france","21":"tag-urbanisme"},"share_on_mastodon":{"url":"https:\/\/pubeurope.com\/@fr\/115680757886446139","error":""},"_links":{"self":[{"href":"https:\/\/www.europesays.com\/fr\/wp-json\/wp\/v2\/posts\/585118","targetHints":{"allow":["GET"]}}],"collection":[{"href":"https:\/\/www.europesays.com\/fr\/wp-json\/wp\/v2\/posts"}],"about":[{"href":"https:\/\/www.europesays.com\/fr\/wp-json\/wp\/v2\/types\/post"}],"author":[{"embeddable":true,"href":"https:\/\/www.europesays.com\/fr\/wp-json\/wp\/v2\/users\/2"}],"replies":[{"embeddable":true,"href":"https:\/\/www.europesays.com\/fr\/wp-json\/wp\/v2\/comments?post=585118"}],"version-history":[{"count":0,"href":"https:\/\/www.europesays.com\/fr\/wp-json\/wp\/v2\/posts\/585118\/revisions"}],"wp:featuredmedia":[{"embeddable":true,"href":"https:\/\/www.europesays.com\/fr\/wp-json\/wp\/v2\/media\/585119"}],"wp:attachment":[{"href":"https:\/\/www.europesays.com\/fr\/wp-json\/wp\/v2\/media?parent=585118"}],"wp:term":[{"taxonomy":"category","embeddable":true,"href":"https:\/\/www.europesays.com\/fr\/wp-json\/wp\/v2\/categories?post=585118"},{"taxonomy":"post_tag","embeddable":true,"href":"https:\/\/www.europesays.com\/fr\/wp-json\/wp\/v2\/tags?post=585118"}],"curies":[{"name":"wp","href":"https:\/\/api.w.org\/{rel}","templated":true}]}}