{"id":585126,"date":"2025-12-07T23:01:17","date_gmt":"2025-12-07T23:01:17","guid":{"rendered":"https:\/\/www.europesays.com\/fr\/585126\/"},"modified":"2025-12-07T23:01:17","modified_gmt":"2025-12-07T23:01:17","slug":"la-stimulation-cerebrale-profonde-adaptative-ameliore-la-vie-des-patients","status":"publish","type":"post","link":"https:\/\/www.europesays.com\/fr\/585126\/","title":{"rendered":"la stimulation c\u00e9r\u00e9brale profonde \u00ab\u00a0adaptative\u00a0\u00bb am\u00e9liore la vie des patients"},"content":{"rendered":"\n<p>\n    R\u00e9serv\u00e9 aux abonn\u00e9s\n<\/p>\n<p>                             Par     <a class=\"fig-content-metas__author\" href=\"https:\/\/www.lefigaro.fr\/auteur\/margerite-jamet\" rel=\"author noopener\" target=\"_blank\">M.J.<\/a><\/p>\n<p>                Le 7 d\u00e9cembre 2025 \u00e0 18h38<\/p>\n<p>    Avec la technologie aDBS, deux \u00e9lectrodes implant\u00e9es dans le cerveau et un g\u00e9n\u00e9rateur cach\u00e9 sous la clavicule permettent de r\u00e9guler l\u2019activit\u00e9 \u00e9lectrique erratique du noyau sous-thalamique, \u00e0 l\u2019origine de la maladie de Parkinson.<br \/>\n                Silver Place &#8211; stock.adobe.com<\/p>\n<p class=\"fig-standfirst\">\n    <strong>D\u00c9CRYPTAGE &#8211;<\/strong> Cette technologie permet un traitement personnalis\u00e9 de la pathologie, ce qui am\u00e9liore les conditions de vie des patients touch\u00e9s par des formes tr\u00e8s s\u00e9v\u00e8res.<\/p>\n<p class=\"fig-paragraph\"><a href=\"http:\/\/sante.lefigaro.fr\/medecine\/l-apnee-du-sommeil-semble-augmenter-les-risques-de-developper-la-maladie-de-parkinson-20251203\" data-fig-type=\"Article\" data-gtm-custom-categorie=\"navigation\" data-gtm-custom-action=\"crossclick\" data-gtm-custom-label=\"Contextuel\" data-gtm-event=\"customEventSPE\" data-fig-domain=\"SANTE\" target=\"_blank\" rel=\"noopener\">La maladie de Parkinson<\/a>\u00a0est la deuxi\u00e8me cause de handicap moteur chez l\u2019adulte. Cette pathologie est associ\u00e9e \u00e0 des sympt\u00f4mes caract\u00e9ristiques comme des tremblements au repos, une lenteur et des difficult\u00e9s \u00e0 initier des mouvements volontaires qui alt\u00e8rent lourdement l\u2019autonomie et la qualit\u00e9 de vie des patients. Permettre une prise en charge personnalis\u00e9e de ces sympt\u00f4mes\u00a0: c\u2019est le d\u00e9fi relev\u00e9 par la stimulation c\u00e9r\u00e9brale profonde adaptative (aDBS), une technologie rendue possible depuis la mise sur le march\u00e9 en Europe et aux \u00c9tats-Unis de la technologie BrainSense d\u00e9velopp\u00e9e par Medtronic. Ce proc\u00e9d\u00e9 permet de mesurer en temps r\u00e9el les fluctuations de l\u2019activit\u00e9 neuronale d\u2019un patient, et d\u2019envoyer en r\u00e9ponse dans le cerveau une stimulation adapt\u00e9e. Le concept explor\u00e9 depuis 2012 avait d\u00e9j\u00e0 \u00e9t\u00e9 test\u00e9 sur de courtes p\u00e9riodes en service hospitalier, mais les tout premiers r\u00e9sultats en conditions r\u00e9elles et sur le long terme n\u2019ont \u00e9t\u00e9 publi\u00e9s qu\u2019en septembre 2025 dans le journal Jama\u2026<\/p>\n<p class=\"fig-premium-paywall__infos\">\n        Cet article est r\u00e9serv\u00e9 aux abonn\u00e9s.        Il vous reste 79% \u00e0 d\u00e9couvrir.\n    <\/p>\n<p>                <img  data- alt=\"Le Figaro\" class=\"fig-img--complete fig-img\"\/><\/p>\n<p class=\"fig-premium-paywall__title\">Vous avez envie de lire la suite ?<\/p>\n<p class=\"fig-premium-paywall__subtitle\">D\u00e9bloquez tous les articles imm\u00e9diatement.<\/p>\n<p class=\"fig-premium-paywall__connect\">\n                D\u00e9j\u00e0 abonn\u00e9\u00a0?                <a class=\"fig-premium-paywall__connect-link\" href=\"https:\/\/connect.lefigaro.fr\/login?client=sante_web&amp;type=main&amp;redirect_uri=https%3A%2F%2Fsante.lefigaro.fr%2Fmedecine%2Fmaladie-de-parkinson-la-stimulation-cerebrale-profonde-adaptative-ameliore-la-vie-des-patients-20251207\" data-js-gtm=\"{&quot;customCategorie&quot;: &quot;conversion&quot;, &quot;customAction&quot;: &quot;before_Landing_Connexion_paywall_auto&quot;, &quot;customLabel&quot;: &quot;c2FudGUubGVmaWdhcm8uZnJfXzFmMGQxYzMxLWNhZTktNmFhZS1hYzZiLTE5YWU2OTRlY2FlYV9fQXJ0aWNsZQ==_Maladie de Parkinson\u00a0: la stimulation c\u00e9r\u00e9brale profonde \u00ab\u00a0adaptative\u00a0\u00bb am\u00e9liore la vie des patients_1000&quot;, &quot;customIDSPE&quot;: &quot;c2FudGUubGVmaWdhcm8uZnJfXzFmMGQxYzMxLWNhZTktNmFhZS1hYzZiLTE5YWU2OTRlY2FlYV9fQXJ0aWNsZQ==&quot;, &quot;event&quot;: &quot;customEventSPE&quot;}\" target=\"_blank\" rel=\"noopener\"><br \/>\n                    Connectez-vous<br \/>\n                <\/a>\n            <\/p>\n<p>La r\u00e9daction vous conseille<\/p>\n<p class=\"fig-headline-tabbar\">\n        Maladie de Parkinson\u00a0: la stimulation c\u00e9r\u00e9brale profonde \u00ab\u00a0adaptative\u00a0\u00bb am\u00e9liore la vie des patients\n    <\/p>\n<p>            <a href=\"https:\/\/abonnement.lefigaro.fr\/lefigaro?app=Figaro&amp;source=sticky-mobile&amp;redirect_uri=https%3A%2F%2Fsante.lefigaro.fr%2Fmedecine%2Fmaladie-de-parkinson-la-stimulation-cerebrale-profonde-adaptative-ameliore-la-vie-des-patients-20251207\" class=\"fig-subscription-button fig-subscription-button--mobile\" data-gtm=\"{&quot;customCategorie&quot;:&quot;conversion&quot;,&quot;customAction&quot;:&quot;before_Landing_Premium_Tapbar&quot;,&quot;customLabel&quot;:&quot;c2FudGUubGVmaWdhcm8uZnJfXzFmMGQxYzMxLWNhZTktNmFhZS1hYzZiLTE5YWU2OTRlY2FlYV9fQXJ0aWNsZQ==_maladie_de_parkinson_la_stimulation_cerebrale_profonde_adaptative_ameliore_la_vie_des_patients&quot;,&quot;customIDSPE&quot;:&quot;c2FudGUubGVmaWdhcm8uZnJfXzFmMGQxYzMxLWNhZTktNmFhZS1hYzZiLTE5YWU2OTRlY2FlYV9fQXJ0aWNsZQ==&quot;,&quot;event&quot;:&quot;customEventSPE&quot;}\" referrerpolicy=\"unsafe-url\" target=\"_blank\" rel=\"noopener\"><br \/>\n    S&rsquo;ABONNER<br \/>\n<\/a><\/p>\n<p>        Fermer<\/p>\n<p>            <a href=\"https:\/\/abonnement.lefigaro.fr\/lefigaro?app=Figaro&amp;source=sticky-desktop&amp;redirect_uri=https%3A%2F%2Fsante.lefigaro.fr%2Fmedecine%2Fmaladie-de-parkinson-la-stimulation-cerebrale-profonde-adaptative-ameliore-la-vie-des-patients-20251207\" class=\"fig-subscription-button fig-subscription-button--desktop\" data-gtm=\"{&quot;customCategorie&quot;:&quot;conversion&quot;,&quot;customAction&quot;:&quot;before_Landing_Premium_Tapbar&quot;,&quot;customLabel&quot;:&quot;c2FudGUubGVmaWdhcm8uZnJfXzFmMGQxYzMxLWNhZTktNmFhZS1hYzZiLTE5YWU2OTRlY2FlYV9fQXJ0aWNsZQ==_maladie_de_parkinson_la_stimulation_cerebrale_profonde_adaptative_ameliore_la_vie_des_patients&quot;,&quot;customIDSPE&quot;:&quot;c2FudGUubGVmaWdhcm8uZnJfXzFmMGQxYzMxLWNhZTktNmFhZS1hYzZiLTE5YWU2OTRlY2FlYV9fQXJ0aWNsZQ==&quot;,&quot;event&quot;:&quot;customEventSPE&quot;}\" referrerpolicy=\"unsafe-url\" target=\"_blank\" rel=\"noopener\"><br \/>\n    S&rsquo;abonner<br \/>\n<\/a><\/p>\n<p>        <a class=\"fig-a11y-skip\" href=\"#fig-a11y-skip-bottom-taboola-new-site-below-article-thumbnails-premium-paywall\" data-module=\"a11y-skip\" data-context=\"was @visible\"><br \/>\n    Passer la publicit\u00e9<br \/>\n<\/a>        <\/p>\n<p>    <a class=\"fig-a11y-skip\" href=\"#fig-a11y-skip-bottom-taboola-new-site-mobile-feed-article-premium-paywall\" data-module=\"a11y-skip\" data-context=\"was @visible\"><br \/>\n    Passer la publicit\u00e9<br \/>\n<\/a>        <\/p>\n<ol class=\"fig-related-content__list\">\n<li class=\"fig-related-content__item\">\n<p>                                                                                                                                                                                                                                                            <a href=\"https:\/\/sante.lefigaro.fr\/medecine\/l-apnee-du-sommeil-semble-augmenter-les-risques-de-developper-la-maladie-de-parkinson-20251203\" class=\"fig-ranking-profile-link\" aria-label=\"L\u2019apn\u00e9e du sommeil semble augmenter les risques de d\u00e9velopper la maladie de Parkinson (article Premium)\" title=\"L\u2019apn\u00e9e du sommeil semble augmenter les risques de d\u00e9velopper la maladie de Parkinson (article Premium)\" data-gtm=\"{&quot;event&quot;:&quot;customEventGA4&quot;,&quot;eventName&quot;:&quot;click_navigation&quot;,&quot;location&quot;:&quot;bloc_sur_lememe_theme&quot;,&quot;feature&quot;:&quot;new_article_blocs&quot;,&quot;feature_details&quot;:&quot;Sur le m\\u00eame th\\u00e8me&quot;,&quot;button_action&quot;:&quot;crossclick&quot;}\" data-fig-domain=\"LEFIGARO\" target=\"_blank\" rel=\"noopener\"><\/p>\n<p>        L\u2019apn\u00e9e du sommeil semble augmenter les risques de d\u00e9velopper la maladie de Parkinson<\/p>\n<p>                                                <\/a><\/p>\n<p>        <img   class=\"fig-img fig-ranking-profile-media-small-picture__photo\" alt=\"L\u2019apn\u00e9e du sommeil semble augmenter les risques de d\u00e9velopper la maladie de Parkinson\" height=\"2003\" width=\"3000\"\/><\/p>\n<p class=\"fig-ranking-profile-standfirst\">\n    <strong>D\u00c9CRYPTAGE<\/strong> &#8211; Selon les auteurs d\u2019une nouvelle \u00e9tude, ce trouble nocturne est un facteur de risque de la maladie neurod\u00e9g\u00e9n\u00e9rative, et non pas un de ses sympt\u00f4mes pr\u00e9coces. Explications.\n<\/p>\n<\/li>\n<li class=\"fig-related-content__item\">\n<p>                                                                                                                                                                                                                                                            <a href=\"https:\/\/sante.lefigaro.fr\/medecine\/pr-frederic-blanc-on-peut-faire-reculer-les-maladies-neurodegeneratives-20251114\" class=\"fig-ranking-profile-link\" aria-label=\"Pr Fr\u00e9d\u00e9ric Blanc\u00a0: \u00abOn peut faire reculer les maladies neurod\u00e9g\u00e9n\u00e9ratives\u00bb (article Premium)\" title=\"Pr Fr\u00e9d\u00e9ric Blanc\u00a0: \u00abOn peut faire reculer les maladies neurod\u00e9g\u00e9n\u00e9ratives\u00bb (article Premium)\" data-gtm=\"{&quot;event&quot;:&quot;customEventGA4&quot;,&quot;eventName&quot;:&quot;click_navigation&quot;,&quot;location&quot;:&quot;bloc_sur_lememe_theme&quot;,&quot;feature&quot;:&quot;new_article_blocs&quot;,&quot;feature_details&quot;:&quot;Sur le m\\u00eame th\\u00e8me&quot;,&quot;button_action&quot;:&quot;crossclick&quot;}\" data-fig-domain=\"LEFIGARO\" target=\"_blank\" rel=\"noopener\"><\/p>\n<p>        Pr Fr\u00e9d\u00e9ric Blanc\u00a0: \u00abOn peut faire reculer les maladies neurod\u00e9g\u00e9n\u00e9ratives\u00bb<\/p>\n<p>                                                <\/a><\/p>\n<p>        <img   class=\"fig-img fig-ranking-profile-media-small-picture__photo\" alt=\"Pr Fr\u00e9d\u00e9ric Blanc\u00a0: \u00abOn peut faire reculer les maladies neurod\u00e9g\u00e9n\u00e9ratives\u00bb\" height=\"1602\" width=\"2849\"\/><\/p>\n<p class=\"fig-ranking-profile-standfirst\">\n    <strong>ENTRETIEN &#8211; <\/strong>Alzheimer, Parkinson et la maladie \u00e0 corps de Lewy ne sont pas une mal\u00e9diction\u00a0: avec des soins pr\u00e9ventifs et une hygi\u00e8ne de vie appropri\u00e9e, on peut diminuer son risque de moiti\u00e9.\n<\/p>\n<\/li>\n<li class=\"fig-related-content__item\">\n<p>                                                                                                                                                                                                                                                            <a href=\"https:\/\/sante.lefigaro.fr\/medecine\/depister-la-maladie-d-alzheimer-a-un-stade-tres-precoce-en-detectant-des-signaux-invisibles-dans-la-demarche-des-patients-20251011\" class=\"fig-ranking-profile-link\" aria-label=\"D\u00e9pister la maladie d\u2019Alzheimer \u00e0 un stade tr\u00e8s pr\u00e9coce en d\u00e9tectant des signaux \u00abinvisibles\u00bb dans la d\u00e9marche des patients (article Premium)\" title=\"D\u00e9pister la maladie d\u2019Alzheimer \u00e0 un stade tr\u00e8s pr\u00e9coce en d\u00e9tectant des signaux \u00abinvisibles\u00bb dans la d\u00e9marche des patients (article Premium)\" data-gtm=\"{&quot;event&quot;:&quot;customEventGA4&quot;,&quot;eventName&quot;:&quot;click_navigation&quot;,&quot;location&quot;:&quot;bloc_sur_lememe_theme&quot;,&quot;feature&quot;:&quot;new_article_blocs&quot;,&quot;feature_details&quot;:&quot;Sur le m\\u00eame th\\u00e8me&quot;,&quot;button_action&quot;:&quot;crossclick&quot;}\" data-fig-domain=\"LEFIGARO\" target=\"_blank\" rel=\"noopener\"><\/p>\n<p>        D\u00e9pister la maladie d\u2019Alzheimer \u00e0 un stade tr\u00e8s pr\u00e9coce en d\u00e9tectant des signaux \u00abinvisibles\u00bb dans la d\u00e9marche des patients<\/p>\n<p>                                                <\/a><\/p>\n<p>        <img   class=\"fig-img fig-ranking-profile-media-small-picture__photo\" alt=\"D\u00e9pister la maladie d\u2019Alzheimer \u00e0 un stade tr\u00e8s pr\u00e9coce en d\u00e9tectant des signaux \u00abinvisibles\u00bb dans la d\u00e9marche des patients\" height=\"2000\" width=\"3000\"\/><\/p>\n<p class=\"fig-ranking-profile-standfirst\">\n    <strong>REPORTAGE &#8211; <\/strong>A Caen, des chercheurs ont mis au point un dispositif tr\u00e8s prometteur permettant de mettre au jour des signaux pr\u00e9coces de maladies neurod\u00e9g\u00e9n\u00e9ratives.\n<\/p>\n<\/li>\n<li class=\"fig-related-content__item\">\n<p>                                                                                                                                                                                                                                                            <a href=\"https:\/\/sante.lefigaro.fr\/medecine\/alzheimer-parkinson-a-quoi-peut-servir-l-orthophonie-20250928\" class=\"fig-ranking-profile-link\" aria-label=\"Alzheimer, Parkinson\u00a0: \u00e0 quoi peut servir l\u2019orthophonie\u00a0? (article Premium)\" title=\"Alzheimer, Parkinson\u00a0: \u00e0 quoi peut servir l\u2019orthophonie\u00a0? (article Premium)\" data-gtm=\"{&quot;event&quot;:&quot;customEventGA4&quot;,&quot;eventName&quot;:&quot;click_navigation&quot;,&quot;location&quot;:&quot;bloc_sur_lememe_theme&quot;,&quot;feature&quot;:&quot;new_article_blocs&quot;,&quot;feature_details&quot;:&quot;Sur le m\\u00eame th\\u00e8me&quot;,&quot;button_action&quot;:&quot;crossclick&quot;}\" data-fig-domain=\"LEFIGARO\" target=\"_blank\" rel=\"noopener\"><\/p>\n<p>        Alzheimer, Parkinson\u00a0: \u00e0 quoi peut servir l\u2019orthophonie\u00a0?<\/p>\n<p>                                                <\/a><\/p>\n<p>        <img   class=\"fig-img fig-ranking-profile-media-small-picture__photo\" alt=\"Alzheimer, Parkinson\u00a0: \u00e0 quoi peut servir l\u2019orthophonie\u00a0?\" height=\"1687\" width=\"3000\"\/><\/p>\n<p class=\"fig-ranking-profile-standfirst\">\n    Plus connus pour prendre en charge les troubles du langage chez l\u2019enfant, les orthophonistes poss\u00e8dent une v\u00e9ritable expertise pour pr\u00e9server l\u2019autonomie des patients atteints de maladies neurod\u00e9g\u00e9n\u00e9ratives.\n<\/p>\n<\/li>\n<li class=\"fig-related-content__item\">\n<p>                                                                                                                                                                                                                                                            <a href=\"https:\/\/sante.lefigaro.fr\/medecine\/les-anticorps-de-lamas-pourront-ils-soigner-les-maladies-du-cerveau-20250901\" class=\"fig-ranking-profile-link\" aria-label=\"Les anticorps de lamas pourront-ils soigner les maladies du cerveau\u00a0? (article Premium)\" title=\"Les anticorps de lamas pourront-ils soigner les maladies du cerveau\u00a0? (article Premium)\" data-gtm=\"{&quot;event&quot;:&quot;customEventGA4&quot;,&quot;eventName&quot;:&quot;click_navigation&quot;,&quot;location&quot;:&quot;bloc_sur_lememe_theme&quot;,&quot;feature&quot;:&quot;new_article_blocs&quot;,&quot;feature_details&quot;:&quot;Sur le m\\u00eame th\\u00e8me&quot;,&quot;button_action&quot;:&quot;crossclick&quot;}\" data-fig-domain=\"LEFIGARO\" target=\"_blank\" rel=\"noopener\"><\/p>\n<p>        Les anticorps de lamas pourront-ils soigner les maladies du cerveau\u00a0?<\/p>\n<p>                                                <\/a><\/p>\n<p>        <img   class=\"fig-img fig-ranking-profile-media-small-picture__photo\" alt=\"Les anticorps de lamas pourront-ils soigner les maladies du cerveau\u00a0?\" height=\"1495\" width=\"2658\"\/><\/p>\n<p class=\"fig-ranking-profile-standfirst\">\n    Les cam\u00e9lid\u00e9s sont les seuls mammif\u00e8res connus \u00e0 ce jour pour produire des mini-anticorps capables de rentrer et de diffuser dans le cerveau.\n<\/p>\n<\/li>\n<li class=\"fig-related-content__item\">\n<p>                                                                                                                                                                                                                                                            <a href=\"https:\/\/sante.lefigaro.fr\/medecine\/une-premiere-etape-de-franchie-pour-soigner-la-maladie-de-parkinson-une-piste-se-precise-20250417\" class=\"fig-ranking-profile-link\" aria-label=\"\u00abUne premi\u00e8re \u00e9tape de franchie\u00bb\u00a0: pour soigner la maladie de Parkinson, une piste se pr\u00e9cise (article Premium)\" title=\"\u00abUne premi\u00e8re \u00e9tape de franchie\u00bb\u00a0: pour soigner la maladie de Parkinson, une piste se pr\u00e9cise (article Premium)\" data-gtm=\"{&quot;event&quot;:&quot;customEventGA4&quot;,&quot;eventName&quot;:&quot;click_navigation&quot;,&quot;location&quot;:&quot;bloc_sur_lememe_theme&quot;,&quot;feature&quot;:&quot;new_article_blocs&quot;,&quot;feature_details&quot;:&quot;Sur le m\\u00eame th\\u00e8me&quot;,&quot;button_action&quot;:&quot;crossclick&quot;}\" data-fig-domain=\"LEFIGARO\" target=\"_blank\" rel=\"noopener\"><\/p>\n<p>        \u00abUne premi\u00e8re \u00e9tape de franchie\u00bb\u00a0: pour soigner la maladie de Parkinson, une piste se pr\u00e9cise<\/p>\n<p>                                                <\/a><\/p>\n<p>        <img   class=\"fig-img fig-ranking-profile-media-small-picture__photo\" alt=\"\u00abUne premi\u00e8re \u00e9tape de franchie\u00bb\u00a0: pour soigner la maladie de Parkinson, une piste se pr\u00e9cise\" height=\"1603\" width=\"2850\"\/><\/p>\n<p class=\"fig-ranking-profile-standfirst\">\n    Deux \u00e9quipes ind\u00e9pendantes ont r\u00e9ussi \u00e0 greffer des cellules productrices de dopamine dans le cerveau d\u2019une dizaine de patients, sans effets ind\u00e9sirables graves.\n<\/p>\n<\/li>\n<li class=\"fig-related-content__item\">\n<p>                                                                                                                                                                                                                                                            <a href=\"https:\/\/sante.lefigaro.fr\/medecine\/je-n-ai-jamais-eu-de-tremblements-cette-forme-meconnue-de-la-maladie-de-parkinson-qui-touche-30-des-patients-20250411\" class=\"fig-ranking-profile-link\" aria-label=\"\u00ab\u00a0Je n\u2019ai jamais eu de tremblements\u00a0\u00bb\u00a0: cette forme m\u00e9connue de la maladie de Parkinson qui touche 30\u00a0% des patients (article Premium)\" title=\"\u00ab\u00a0Je n\u2019ai jamais eu de tremblements\u00a0\u00bb\u00a0: cette forme m\u00e9connue de la maladie de Parkinson qui touche 30\u00a0% des patients (article Premium)\" data-gtm=\"{&quot;event&quot;:&quot;customEventGA4&quot;,&quot;eventName&quot;:&quot;click_navigation&quot;,&quot;location&quot;:&quot;bloc_sur_lememe_theme&quot;,&quot;feature&quot;:&quot;new_article_blocs&quot;,&quot;feature_details&quot;:&quot;Sur le m\\u00eame th\\u00e8me&quot;,&quot;button_action&quot;:&quot;crossclick&quot;}\" data-fig-domain=\"LEFIGARO\" target=\"_blank\" rel=\"noopener\"><\/p>\n<p>        \u00ab\u00a0Je n\u2019ai jamais eu de tremblements\u00a0\u00bb\u00a0: cette forme m\u00e9connue de la maladie de Parkinson qui touche 30\u00a0% des patients<\/p>\n<p>                                                <\/a><\/p>\n<p>        <img   class=\"fig-img fig-ranking-profile-media-small-picture__photo\" alt=\"\u00ab\u00a0Je n\u2019ai jamais eu de tremblements\u00a0\u00bb\u00a0: cette forme m\u00e9connue de la maladie de Parkinson qui touche 30\u00a0% des patients\" height=\"2003\" width=\"3000\"\/><\/p>\n<p class=\"fig-ranking-profile-standfirst\">\n    \u00c0 l\u2019occasion de la journ\u00e9e mondiale consacr\u00e9e \u00e0 cette maladie, Le Figaro fait le point sur la forme \u00ab\u00a0akin\u00e9to-rigide\u00a0\u00bb qui, bien que peu connue par le grand public, est tout aussi handicapante.\n<\/p>\n<\/li>\n<li class=\"fig-related-content__item\">\n<p>                                                                                                                                                                                                                                                            <a href=\"https:\/\/sante.lefigaro.fr\/medecine\/contre-parkinson-cette-prouesse-de-chercheurs-francais-qui-injectent-de-la-dopamine-directement-dans-le-cerveau-20250204\" class=\"fig-ranking-profile-link\" aria-label=\"Contre Parkinson, cette prouesse de chercheurs fran\u00e7ais qui injectent de la dopamine directement dans le cerveau (article Premium)\" title=\"Contre Parkinson, cette prouesse de chercheurs fran\u00e7ais qui injectent de la dopamine directement dans le cerveau (article Premium)\" data-gtm=\"{&quot;event&quot;:&quot;customEventGA4&quot;,&quot;eventName&quot;:&quot;click_navigation&quot;,&quot;location&quot;:&quot;bloc_sur_lememe_theme&quot;,&quot;feature&quot;:&quot;new_article_blocs&quot;,&quot;feature_details&quot;:&quot;Sur le m\\u00eame th\\u00e8me&quot;,&quot;button_action&quot;:&quot;crossclick&quot;}\" data-fig-domain=\"LEFIGARO\" target=\"_blank\" rel=\"noopener\"><\/p>\n<p>        Contre Parkinson, cette prouesse de chercheurs fran\u00e7ais qui injectent de la dopamine directement dans le cerveau<\/p>\n<p>                                                <\/a><\/p>\n<p>        <img   class=\"fig-img fig-ranking-profile-media-small-picture__photo\" alt=\"Contre Parkinson, cette prouesse de chercheurs fran\u00e7ais qui injectent de la dopamine directement dans le cerveau\" height=\"1074\" width=\"1910\"\/><\/p>\n<p class=\"fig-ranking-profile-standfirst\">\n    <strong>D\u00c9CRYPTAGE<\/strong> &#8211; Des chercheurs lillois ont mis au point une technologie permettant de fournir au cerveau des patients la mol\u00e9cule qui leur fait d\u00e9faut. Avec de bons r\u00e9sultats pr\u00e9liminaires, et de moindres effets secondaires.\n<\/p>\n<\/li>\n<li class=\"fig-related-content__item\">\n<p>                                                                                                                                                                                                                                                            <a href=\"https:\/\/sante.lefigaro.fr\/social\/sante-publique\/medicaments-contre-parkinson-et-controle-des-impulsions-ces-effets-secondaires-sont-ils-minimises-20250130\" class=\"fig-ranking-profile-link\" aria-label=\"M\u00e9dicaments contre Parkinson et contr\u00f4le des impulsions\u00a0: ces effets secondaires sont-ils minimis\u00e9s\u00a0? (article Premium)\" title=\"M\u00e9dicaments contre Parkinson et contr\u00f4le des impulsions\u00a0: ces effets secondaires sont-ils minimis\u00e9s\u00a0? (article Premium)\" data-gtm=\"{&quot;event&quot;:&quot;customEventGA4&quot;,&quot;eventName&quot;:&quot;click_navigation&quot;,&quot;location&quot;:&quot;bloc_sur_lememe_theme&quot;,&quot;feature&quot;:&quot;new_article_blocs&quot;,&quot;feature_details&quot;:&quot;Sur le m\\u00eame th\\u00e8me&quot;,&quot;button_action&quot;:&quot;crossclick&quot;}\" data-fig-domain=\"LEFIGARO\" target=\"_blank\" rel=\"noopener\"><\/p>\n<p>        M\u00e9dicaments contre Parkinson et contr\u00f4le des impulsions\u00a0: ces effets secondaires sont-ils minimis\u00e9s\u00a0?<\/p>\n<p>                                                <\/a><\/p>\n<p>        <img   class=\"fig-img fig-ranking-profile-media-small-picture__photo\" alt=\"M\u00e9dicaments contre Parkinson et contr\u00f4le des impulsions\u00a0: ces effets secondaires sont-ils minimis\u00e9s\u00a0?\" height=\"1267\" width=\"2253\"\/><\/p>\n<p class=\"fig-ranking-profile-standfirst\">\n    Deux patients trait\u00e9s avec le m\u00e9dicament Requip ont engag\u00e9 une proc\u00e9dure contre le laboratoire GlaxoSmithKline. Ils estiment que l\u2019information sur ces effets secondaires graves ne refl\u00e8te pas leur fr\u00e9quence r\u00e9elle.\n<\/p>\n<\/li>\n<li class=\"fig-related-content__item\">\n<p>                                                                                                                                                                                                                                                            <a href=\"https:\/\/sante.lefigaro.fr\/medecine\/medicaments-contre-parkinson-et-addictions-au-sexe-et-au-jeu-ce-que-l-on-sait-de-cet-effet-indesirable-20250117\" class=\"fig-ranking-profile-link\" data-gtm=\"{&quot;event&quot;:&quot;customEventGA4&quot;,&quot;eventName&quot;:&quot;click_navigation&quot;,&quot;location&quot;:&quot;bloc_sur_lememe_theme&quot;,&quot;feature&quot;:&quot;new_article_blocs&quot;,&quot;feature_details&quot;:&quot;Sur le m\\u00eame th\\u00e8me&quot;,&quot;button_action&quot;:&quot;crossclick&quot;}\" data-fig-domain=\"LEFIGARO\" target=\"_blank\" rel=\"noopener\"><\/p>\n<p>        M\u00e9dicaments contre Parkinson et addictions au sexe et au jeu \u00a0: ce que l\u2019on sait de cet effet ind\u00e9sirable<\/p>\n<p>                                                <\/a><\/p>\n<p>        <img   class=\"fig-img fig-ranking-profile-media-small-picture__photo\" alt=\"M\u00e9dicaments contre Parkinson et addictions au sexe et au jeu \u00a0: ce que l\u2019on sait de cet effet ind\u00e9sirable\" height=\"1496\" width=\"2660\"\/><\/p>\n<p class=\"fig-ranking-profile-standfirst\">\n    Un m\u00e9dicament contre Parkinson est mis en cause par des patients pour avoir entra\u00een\u00e9 chez eux des pulsions incontr\u00f4lables. Quel est cet effet ind\u00e9sirable, et peut-on y \u00e9chapper\u00a0?\n<\/p>\n<\/li>\n<\/ol>\n","protected":false},"excerpt":{"rendered":"R\u00e9serv\u00e9 aux abonn\u00e9s Par M.J. Le 7 d\u00e9cembre 2025 \u00e0 18h38 Avec la technologie aDBS, deux \u00e9lectrodes implant\u00e9es&hellip;\n","protected":false},"author":2,"featured_media":585127,"comment_status":"","ping_status":"","sticky":false,"template":"","format":"standard","meta":{"footnotes":""},"categories":[10],"tags":[1011,27,72,36723,69856,71],"class_list":{"0":"post-585126","1":"post","2":"type-post","3":"status-publish","4":"format-standard","5":"has-post-thumbnail","7":"category-sante","8":"tag-fr","9":"tag-france","10":"tag-health","11":"tag-la-maladie-de-parkinson","12":"tag-pathologie-neurologique","13":"tag-sante"},"share_on_mastodon":{"url":"https:\/\/pubeurope.com\/@fr\/115680777663865697","error":""},"_links":{"self":[{"href":"https:\/\/www.europesays.com\/fr\/wp-json\/wp\/v2\/posts\/585126","targetHints":{"allow":["GET"]}}],"collection":[{"href":"https:\/\/www.europesays.com\/fr\/wp-json\/wp\/v2\/posts"}],"about":[{"href":"https:\/\/www.europesays.com\/fr\/wp-json\/wp\/v2\/types\/post"}],"author":[{"embeddable":true,"href":"https:\/\/www.europesays.com\/fr\/wp-json\/wp\/v2\/users\/2"}],"replies":[{"embeddable":true,"href":"https:\/\/www.europesays.com\/fr\/wp-json\/wp\/v2\/comments?post=585126"}],"version-history":[{"count":0,"href":"https:\/\/www.europesays.com\/fr\/wp-json\/wp\/v2\/posts\/585126\/revisions"}],"wp:featuredmedia":[{"embeddable":true,"href":"https:\/\/www.europesays.com\/fr\/wp-json\/wp\/v2\/media\/585127"}],"wp:attachment":[{"href":"https:\/\/www.europesays.com\/fr\/wp-json\/wp\/v2\/media?parent=585126"}],"wp:term":[{"taxonomy":"category","embeddable":true,"href":"https:\/\/www.europesays.com\/fr\/wp-json\/wp\/v2\/categories?post=585126"},{"taxonomy":"post_tag","embeddable":true,"href":"https:\/\/www.europesays.com\/fr\/wp-json\/wp\/v2\/tags?post=585126"}],"curies":[{"name":"wp","href":"https:\/\/api.w.org\/{rel}","templated":true}]}}