{"id":585132,"date":"2025-12-07T23:04:11","date_gmt":"2025-12-07T23:04:11","guid":{"rendered":"https:\/\/www.europesays.com\/fr\/585132\/"},"modified":"2025-12-07T23:04:11","modified_gmt":"2025-12-07T23:04:11","slug":"des-teles-a-lelectromenager-le-discret-raz-de-maree-des-marques-de-la-tech-chinoise-dans-les-foyers-francais","status":"publish","type":"post","link":"https:\/\/www.europesays.com\/fr\/585132\/","title":{"rendered":"Des t\u00e9l\u00e9s \u00e0 l\u2019\u00e9lectrom\u00e9nager, le discret raz-de-mar\u00e9e des marques de la tech chinoise dans les foyers fran\u00e7ais"},"content":{"rendered":"<p>\n    <strong>ENQU\u00caTE &#8211; <\/strong>TCL, Hisense, Xiaomi, Lenovo, Haier\u2026 \u00c0 l\u2019\u00e9troit sur leur march\u00e9 domestique, ces g\u00e9ants chinois se sont massivement tourn\u00e9s vers l\u2019Europe. Bien plus innovants qu\u2019il y a dix ans, leurs produits s\u00e9duisent des consommateurs pas toujours conscients de leur nationalit\u00e9.<\/p>\n<p class=\"fig-paragraph\">Les r\u00f4les se sont invers\u00e9s. \u00c0 la fin du si\u00e8cle dernier,\u00a0<a href=\"http:\/\/www.lefigaro.fr\/international\/une-visite-strategique-cruciale-en-chine-emmanuel-macron-revient-a-la-charge-sur-l-ukraine-20251203\" data-fig-type=\"Article\" data-gtm-custom-categorie=\"navigation\" data-gtm-custom-action=\"crossclick\" data-gtm-custom-label=\"Contextuel\" data-gtm-event=\"customEventSPE\" data-fig-domain=\"LEFIGARO\" target=\"_blank\" rel=\"noopener\">lorsqu\u2019un pr\u00e9sident fran\u00e7ais se rendait en Chine<\/a>, il emmenait les patrons des principales soci\u00e9t\u00e9s technologiques fran\u00e7aises, susceptibles d\u2019exporter leurs produits vers un pays alors avide d\u2019innovation. Deux d\u00e9cennies plus tard, Emmanuel Macron a appel\u00e9 la semaine derni\u00e8re, \u00e0 P\u00e9kin puis \u00e0 Chengdu, \u00e0 un meilleur transfert des technologies chinoises vers l\u2019Europe. Xi Jinping aurait pu lui r\u00e9pondre, sourire en coin, que certaines d\u2019entre elles ont d\u00e9j\u00e0 trouv\u00e9 le chemin du Vieux Continent.<\/p>\n<p class=\"fig-paragraph\">Moins m\u00e9diatis\u00e9 que<a href=\"http:\/\/www.lefigaro.fr\/societes\/face-a-shein-et-temu-les-vingt-sept-sont-d-accord-pour-taxer-les-petits-colis-des-2026-20251113\" data-fig-type=\"Article\" data-gtm-custom-categorie=\"navigation\" data-gtm-custom-action=\"crossclick\" data-gtm-custom-label=\"Contextuel\" data-gtm-event=\"customEventSPE\" data-fig-domain=\"LEFIGARO\" target=\"_blank\" rel=\"noopener\">\u00a0la submersion de petits colis estampill\u00e9s Shein ou Temu<\/a>, c\u2019est un v\u00e9ritable raz-de-mar\u00e9e de produits tech \u00ab\u00a0made in China\u00a0\u00bb qui a d\u00e9ferl\u00e9 sur l\u2019Hexagone ces derni\u00e8res ann\u00e9es. Ordinateurs, smartphones, \u00e9lectrom\u00e9nager ou \u00e9lectronique grand public \u00e9taient les quatre biens les plus import\u00e9s depuis la Chine l\u2019an pass\u00e9, pour un montant atteignant environ 20\u00a0milliards d\u2019euros.<\/p>\n<p class=\"fig-body-link\">\n            \u00c0 lire aussi<br \/>\n        <a class=\"fig-body-link__link fig-premium-mark\" href=\"http:\/\/www.lefigaro.fr\/secteur\/high-tech\/cinema-series-jeux-video-l-intelligence-artificielle-va-t-elle-faire-disparaitre-les-doubleurs-francais-20251206\" target=\"_blank\" data-fig-type=\"Article\" rel=\"noopener\" data-gtm-custom-categorie=\"navigation\" data-gtm-custom-action=\"crossclick\" data-gtm-custom-label=\"Contextuel\" data-gtm-event=\"customEventSPE\" data-fig-domain=\"LEFIGARO\"><\/p>\n<p>        Cin\u00e9ma, s\u00e9ries, jeux vid\u00e9o\u00a0: l\u2019intelligence artificielle va-t-elle faire dispara\u00eetre les doubleurs fran\u00e7ais\u00a0?<br \/>\n    <\/a>\n<\/p>\n<p class=\"fig-paragraph\"><a href=\"http:\/\/www.lefigaro.fr\/secteur\/high-tech\/droits-de-douane-la-mondialisation-ne-fera-pas-marche-arriere-confie-le-pdg-de-lenovo-20250414\" data-fig-type=\"Article\" data-gtm-custom-categorie=\"navigation\" data-gtm-custom-action=\"crossclick\" data-gtm-custom-label=\"Contextuel\" data-gtm-event=\"customEventSPE\" data-fig-domain=\"LEFIGARO\" target=\"_blank\" rel=\"noopener\">Ordinateurs Lenovo<\/a>, frigos et fours Hisense, lave-linge et\u2026<\/p>\n<p class=\"fig-premium-paywall__infos\">\n        Cet article est r\u00e9serv\u00e9 aux abonn\u00e9s.        Il vous reste 91% \u00e0 d\u00e9couvrir.\n    <\/p>\n<p>                <img  data- alt=\"Le Figaro\" class=\"fig-img--complete fig-img\"\/><\/p>\n<p class=\"fig-premium-paywall__title\">Vous avez envie de lire la suite ?<\/p>\n<p class=\"fig-premium-paywall__subtitle\">D\u00e9bloquez tous les articles imm\u00e9diatement.<\/p>\n<p class=\"fig-premium-paywall__connect\">\n                D\u00e9j\u00e0 abonn\u00e9\u00a0?                <a class=\"fig-premium-paywall__connect-link\" href=\"https:\/\/connect.lefigaro.fr\/login?client=horizon_web&amp;type=main&amp;redirect_uri=https%3A%2F%2Fwww.lefigaro.fr%2Fsecteur%2Fhigh-tech%2Fdes-teles-a-l-electromenager-le-discret-raz-de-maree-des-marques-de-la-tech-chinoise-dans-les-foyers-francais-20251207\" data-js-gtm=\"{&quot;customCategorie&quot;: &quot;conversion&quot;, &quot;customAction&quot;: &quot;before_Landing_Connexion_paywall_auto&quot;, &quot;customLabel&quot;: &quot;bGVmaWdhcm8uZnJfXzFmMGQxMzA3LTgwZDQtNjZmZS05Mjc0LWJmZDFmNmIyMzY0M19fQXJ0aWNsZQ==_Des t\u00e9l\u00e9s \u00e0 l\u2019\u00e9lectrom\u00e9nager, le discret raz-de-mar\u00e9e des marques de la tech chinoise dans les foyers fran\u00e7ais_56&quot;, &quot;customIDSPE&quot;: &quot;bGVmaWdhcm8uZnJfXzFmMGQxMzA3LTgwZDQtNjZmZS05Mjc0LWJmZDFmNmIyMzY0M19fQXJ0aWNsZQ==&quot;, &quot;event&quot;: &quot;customEventSPE&quot;}\" target=\"_blank\" rel=\"noopener\"><br \/>\n                    Connectez-vous<br \/>\n                <\/a>\n            <\/p>\n","protected":false},"excerpt":{"rendered":"ENQU\u00caTE &#8211; TCL, Hisense, Xiaomi, Lenovo, Haier\u2026 \u00c0 l\u2019\u00e9troit sur leur march\u00e9 domestique, ces g\u00e9ants chinois se sont&hellip;\n","protected":false},"author":2,"featured_media":585133,"comment_status":"","ping_status":"","sticky":false,"template":"","format":"standard","meta":{"footnotes":""},"categories":[7],"tags":[309,9860,1011,27,43,40,41,39,717,42,44],"class_list":{"0":"post-585132","1":"post","2":"type-post","3":"status-publish","4":"format-standard","5":"has-post-thumbnail","7":"category-sciences-et-technologies","8":"tag-chine","9":"tag-electronique","10":"tag-fr","11":"tag-france","12":"tag-science","13":"tag-science-and-technology","14":"tag-sciences","15":"tag-sciences-et-technologies","16":"tag-technologie","17":"tag-technologies","18":"tag-technology"},"share_on_mastodon":{"url":"https:\/\/pubeurope.com\/@fr\/115680789442613412","error":""},"_links":{"self":[{"href":"https:\/\/www.europesays.com\/fr\/wp-json\/wp\/v2\/posts\/585132","targetHints":{"allow":["GET"]}}],"collection":[{"href":"https:\/\/www.europesays.com\/fr\/wp-json\/wp\/v2\/posts"}],"about":[{"href":"https:\/\/www.europesays.com\/fr\/wp-json\/wp\/v2\/types\/post"}],"author":[{"embeddable":true,"href":"https:\/\/www.europesays.com\/fr\/wp-json\/wp\/v2\/users\/2"}],"replies":[{"embeddable":true,"href":"https:\/\/www.europesays.com\/fr\/wp-json\/wp\/v2\/comments?post=585132"}],"version-history":[{"count":0,"href":"https:\/\/www.europesays.com\/fr\/wp-json\/wp\/v2\/posts\/585132\/revisions"}],"wp:featuredmedia":[{"embeddable":true,"href":"https:\/\/www.europesays.com\/fr\/wp-json\/wp\/v2\/media\/585133"}],"wp:attachment":[{"href":"https:\/\/www.europesays.com\/fr\/wp-json\/wp\/v2\/media?parent=585132"}],"wp:term":[{"taxonomy":"category","embeddable":true,"href":"https:\/\/www.europesays.com\/fr\/wp-json\/wp\/v2\/categories?post=585132"},{"taxonomy":"post_tag","embeddable":true,"href":"https:\/\/www.europesays.com\/fr\/wp-json\/wp\/v2\/tags?post=585132"}],"curies":[{"name":"wp","href":"https:\/\/api.w.org\/{rel}","templated":true}]}}