{"id":585135,"date":"2025-12-07T23:06:11","date_gmt":"2025-12-07T23:06:11","guid":{"rendered":"https:\/\/www.europesays.com\/fr\/585135\/"},"modified":"2025-12-07T23:06:11","modified_gmt":"2025-12-07T23:06:11","slug":"le-fils-de-jair-bolsonaro-evoque-un-retrait-de-la-presidentielle-en-echange-de-lamnistie-pour-son-pere","status":"publish","type":"post","link":"https:\/\/www.europesays.com\/fr\/585135\/","title":{"rendered":"Le fils de Jair Bolsonaro \u00e9voque un retrait de la pr\u00e9sidentielle en \u00e9change de l\u2019amnistie pour son p\u00e8re"},"content":{"rendered":"<p>C\u2019est une proposition qui ressemble \u00e0 un chantage. Ce dimanche, le s\u00e9nateur br\u00e9silien <a href=\"https:\/\/www.20minutes.fr\/monde\/2678279-20191218-bresil-perquisitions-chez-ex-employes-flavio-bolsonaro-fils-president\" class=\"c-link c-link--is-underlined\" target=\"_blank\" rel=\"noopener\">Flavio Bolsonaro<\/a> a d\u00e9clar\u00e9 qu\u2019il pourrait renoncer \u00e0 sa candidature \u00e0 la pr\u00e9sidence moyennant un \u00ab\u00a0prix\u00a0\u00bb et a sugg\u00e9r\u00e9 l\u2019adoption d\u2019une amnistie pour son p\u00e8re, l\u2019ex-pr\u00e9sident d\u2019<a href=\"https:\/\/www.20minutes.fr\/dossier\/extreme_droite\" class=\"c-link c-link--is-underlined\" target=\"_blank\" rel=\"noopener\">extr\u00eame droite<\/a> emprisonn\u00e9, <a href=\"https:\/\/www.20minutes.fr\/politique\/jair-bolsonaro\/\" class=\"c-link c-link--is-underlined\" target=\"_blank\" rel=\"noopener\">Jair Bolsonaro<\/a>.<\/p>\n<p>Flavio Bolsonaro, 44 ans, avait annonc\u00e9 vendredi que son p\u00e8re, condamn\u00e9 \u00e0 <a href=\"https:\/\/www.20minutes.fr\/monde\/bresil\/4187927-20251125-bresil-ancien-president-bolsonaro-devra-bel-bien-purger-27-ans-prison-recours-epuises\" class=\"c-link c-link--is-underlined\" target=\"_blank\" rel=\"noopener\">27 ans de prison<\/a> pour tentative de coup d\u2019\u00c9tat, <a href=\"https:\/\/www.20minutes.fr\/monde\/bresil\/4190032-20251206-bresil-bolsonaro-designe-fils-aine-disputer-presidentielle-2026\" class=\"c-link c-link--is-underlined\" target=\"_blank\" rel=\"noopener\">l\u2019avait d\u00e9sign\u00e9 pour pr\u00e9senter son camp<\/a> \u00e0 l\u2019\u00e9lection de\u00a02026 au Br\u00e9sil.<\/p>\n<p>\u00ab\u00a0Il est possible que je n\u2019aille pas jusqu\u2019au bout, j\u2019ai un prix pour cela\u00a0\u00bb<\/p>\n<p>Mais il s\u2019est dit dimanche dispos\u00e9 \u00e0 \u00ab\u00a0n\u00e9gocier\u00a0\u00bb un \u00e9ventuel retrait de sa candidature. \u00ab\u00a0Il est possible que je n\u2019aille pas jusqu\u2019au bout, j\u2019ai un prix pour cela, je vais n\u00e9gocier\u00a0\u00bb, a-t-il dit \u00e0 des journalistes \u00e0 la sortie d\u2019une \u00e9glise \u00e9vang\u00e9lique \u00e0 <a href=\"https:\/\/www.20minutes.fr\/monde\/brasilia\/\" class=\"c-link c-link--is-underlined\" target=\"_blank\" rel=\"noopener\">Brasilia<\/a>.<\/p>\n<\/p>\n<p>Il a promis de donner plus de d\u00e9tails lundi, lors d\u2019une rencontre avec des dirigeants conservateurs.<\/p>\n<p>Une d\u00e9signation qui ne pla\u00eet pas \u00e0 son propre camp<\/p>\n<p>Les partisans de Jair Bolsonaro au Congr\u00e8s tentent sans succ\u00e8s de faire adopter un projet de loi ouvrant la voie \u00e0 l\u2019amnistie de l\u2019ancien pr\u00e9sident et de ses partisans <a href=\"https:\/\/www.20minutes.fr\/diaporama\/diaporama-15462-images-partisans-jair-bolsonaro-sement-chaos-bresil-contre-election-president-lula\" class=\"c-link c-link--is-underlined\" target=\"_blank\" rel=\"noopener\">condamn\u00e9s pour l\u2019assaut de janvier\u00a02023<\/a> contre les si\u00e8ges des pouvoirs publics \u00e0 Brasilia.<\/p>\n<p>L\u2019\u00e9pouse de Jair Bolsonaro, Michelle, dont le nom a \u00e9t\u00e9 \u00e9voqu\u00e9 comme possible candidate du camp conservateur, a apport\u00e9 son soutien \u00e0 Flavio.<\/p>\n<p>Mais sa d\u00e9signation par son p\u00e8re a \u00e9t\u00e9 fra\u00eechement accueillie par l\u2019establishment, qui privil\u00e9giait Tarc\u00edsio de Freitas, le gouverneur de <a href=\"https:\/\/www.20minutes.fr\/dossier\/sao_paulo\" class=\"c-link c-link--is-underlined\" target=\"_blank\" rel=\"noopener\">S\u00e3o Paulo<\/a>, capitale \u00e9conomique du pays.<\/p>\n<p>\u00ab\u00a0Un Bolsonaro diff\u00e9rent, [\u2026] beaucoup plus centriste\u00a0\u00bb<\/p>\n<p>La bourse de S\u00e3o Paulo a connu vendredi sa plus forte baisse en quatre ans apr\u00e8s cette annonce. Pour Flavio Bolsonaro, le march\u00e9 a fait \u00ab\u00a0une analyse anticip\u00e9e\u00a0\u00bb de ses chances \u00e9lectorales.<\/p>\n<p>\u00ab\u00a0Vous allez d\u00e9couvrir un Bolsonaro diff\u00e9rent, un Bolsonaro beaucoup plus centriste\u00a0\u00bb, a ajout\u00e9 le s\u00e9nateur, consid\u00e9r\u00e9 comme plus mod\u00e9r\u00e9 que son p\u00e8re.<\/p>\n<p>Il a assur\u00e9 avoir obtenu le soutien de Tarc\u00edsio De Freitas, niant toute \u00ab\u00a0fragmentation\u00a0\u00bb de la droite br\u00e9silienne. D\u2019autres figures du camp conservateur, comme Romeu Zema, gouverneur de l\u2019\u00e9tat de Minas (centre-ouest), maintiennent toutefois leurs ambitions pour\u00a02026.<\/p>\n","protected":false},"excerpt":{"rendered":"C\u2019est une proposition qui ressemble \u00e0 un chantage. Ce dimanche, le s\u00e9nateur br\u00e9silien Flavio Bolsonaro a d\u00e9clar\u00e9 qu\u2019il&hellip;\n","protected":false},"author":2,"featured_media":585136,"comment_status":"","ping_status":"","sticky":false,"template":"","format":"standard","meta":{"footnotes":""},"categories":[5],"tags":[47,11,69857,19156,2548,1011,27,14,35977,19363,74,12,806,33323,28],"class_list":{"0":"post-585135","1":"post","2":"type-post","3":"status-publish","4":"format-standard","5":"has-post-thumbnail","7":"category-international","8":"tag-actualite","9":"tag-actualites","10":"tag-amnistie","11":"tag-brasilia","12":"tag-bresil","13":"tag-fr","14":"tag-france","15":"tag-international","16":"tag-jair-bolsonaro","17":"tag-lula","18":"tag-monde","19":"tag-news","20":"tag-prison","21":"tag-sao-paulo","22":"tag-world"},"share_on_mastodon":{"url":"https:\/\/pubeurope.com\/@fr\/115680797289908891","error":""},"_links":{"self":[{"href":"https:\/\/www.europesays.com\/fr\/wp-json\/wp\/v2\/posts\/585135","targetHints":{"allow":["GET"]}}],"collection":[{"href":"https:\/\/www.europesays.com\/fr\/wp-json\/wp\/v2\/posts"}],"about":[{"href":"https:\/\/www.europesays.com\/fr\/wp-json\/wp\/v2\/types\/post"}],"author":[{"embeddable":true,"href":"https:\/\/www.europesays.com\/fr\/wp-json\/wp\/v2\/users\/2"}],"replies":[{"embeddable":true,"href":"https:\/\/www.europesays.com\/fr\/wp-json\/wp\/v2\/comments?post=585135"}],"version-history":[{"count":0,"href":"https:\/\/www.europesays.com\/fr\/wp-json\/wp\/v2\/posts\/585135\/revisions"}],"wp:featuredmedia":[{"embeddable":true,"href":"https:\/\/www.europesays.com\/fr\/wp-json\/wp\/v2\/media\/585136"}],"wp:attachment":[{"href":"https:\/\/www.europesays.com\/fr\/wp-json\/wp\/v2\/media?parent=585135"}],"wp:term":[{"taxonomy":"category","embeddable":true,"href":"https:\/\/www.europesays.com\/fr\/wp-json\/wp\/v2\/categories?post=585135"},{"taxonomy":"post_tag","embeddable":true,"href":"https:\/\/www.europesays.com\/fr\/wp-json\/wp\/v2\/tags?post=585135"}],"curies":[{"name":"wp","href":"https:\/\/api.w.org\/{rel}","templated":true}]}}