{"id":585137,"date":"2025-12-07T23:07:11","date_gmt":"2025-12-07T23:07:11","guid":{"rendered":"https:\/\/www.europesays.com\/fr\/585137\/"},"modified":"2025-12-07T23:07:11","modified_gmt":"2025-12-07T23:07:11","slug":"messages-anti-police-projetes-a-la-fete-des-lumieres-a-lyon-les-soulevements-de-la-terre-revendiquent-laction","status":"publish","type":"post","link":"https:\/\/www.europesays.com\/fr\/585137\/","title":{"rendered":"Messages anti police projet\u00e9s \u00e0 la F\u00eate des Lumi\u00e8res, \u00e0 Lyon\u00a0: Les Soul\u00e8vements de la Terre revendiquent l\u2019action"},"content":{"rendered":"<p class=\"paragraph text_align_left lp-f-body-02\">L\u2019identit\u00e9 des auteurs \u00e9tait dans un premier temps rest\u00e9e inconnue. Le mouvement \u00e9cologiste <a href=\"https:\/\/www.leparisien.fr\/societe\/les-soulevements-de-la-terre-annoncent-des-actions-directes-de-masse-pour-ces-prochains-mois-19-03-2024-NXJN7WZNKVEDNMIJR27KN65QII.php\" target=\"_blank\" rel=\"noreferrer noopener\">Les Soul\u00e8vements de la Terre<\/a> a revendiqu\u00e9 \u00eatre \u00e0 l\u2019origine des<a href=\"https:\/\/www.leparisien.fr\/faits-divers\/la-police-blesse-et-tue-le-maire-de-lyon-condamne-des-messages-projetes-pendant-la-fete-des-lumieres-06-12-2025-WUGN7CBVKFG7RCXAJZBTWUMI6Y.php\" target=\"_blank\" rel=\"noreferrer noopener\"> messages \u00e0 caract\u00e8re politique et hostile \u00e0 la police<\/a>, projet\u00e9s sur les murs du palais Saint-Pierre, \u00e0 Lyon, lors de la F\u00eate des Lumi\u00e8res ce samedi.<\/p>\n<p class=\"paragraph text_align_left lp-f-body-02\">\u00ab On \u00e9tait \u00e0 la F\u00eates des Lumi\u00e8res ce soir \u00bb, ont en effet \u00e9crit samedi en soir\u00e9e Les Soul\u00e8vements de la Terre Lyon sur leur compte Instagram, affichant une s\u00e9rie de clich\u00e9s de certaines projections lumineuses en cause.<\/p>\n<p class=\"paragraph text_align_left lp-f-body-02\">La F\u00eate des Lumi\u00e8res, qui accueille chaque ann\u00e9e pr\u00e8s de deux millions de spectateurs \u00e0 Lyon, expose du 5 au 8 d\u00e9cembre 23 \u0153uvres lumineuses sur plusieurs places embl\u00e9matiques de la ville. Les br\u00e8ves projections lumineuses, dont des captures vid\u00e9os et photos ont vite circul\u00e9 sur les r\u00e9seaux sociaux, ont \u00e9t\u00e9 vues en pleine affluence sur la fa\u00e7ade du mus\u00e9e des beaux-arts.<\/p>\n<p class=\"paragraph text_align_left lp-f-body-02\">Le public a pu lire notamment \u00ab La police blesse et tue \u00bb, \u00ab Non \u00e0 l\u2019\u00c9tat policier \u00bb, \u00ab La violence polici\u00e8re est partout \u00bb ou encore \u00ab Sainte-Soline (m\u00e9gabassines), ni oubli, ni pardon \u00bb et \u00ab On d\u00e9gage le RN \u00bb.<\/p>\n<p>Condamnation du ministre de l\u2019Int\u00e9rieur<\/p>\n<p class=\"paragraph text_align_left lp-f-body-02\">\u00ab Condamnation totale des messages haineux \u00e0 Lyon contre nos forces de l\u2019ordre qui prot\u00e8gent. Soutien \u00e0 nos policiers et gendarmes \u00bb, a r\u00e9agi dimanche sur X <a href=\"https:\/\/www.leparisien.fr\/politique\/ne-rien-laisser-passer-laurent-nunez-reaffirme-le-soutien-de-letat-aux-juifs-de-france-16-11-2025-M6VTMV6BH5FGBHYZCF67HLO2WI.php\" target=\"_blank\" rel=\"noreferrer noopener\">le ministre de l\u2019Int\u00e9rieur, Laurent Nu\u00f1ez<\/a>.<\/p>\n<p class=\"paragraph text_align_left lp-f-body-02\">Parall\u00e8lement, <a href=\"https:\/\/www.leparisien.fr\/faits-divers\/un-sentiment-dimpunite-la-prefete-du-rhone-denonce-la-difficulte-a-expulser-les-delinquants-algeriens-en-situation-irreguliere-30-07-2025-Y6DCLS2G65EJXEBHS5RHKD4JZA.php\" target=\"_blank\" rel=\"noreferrer noopener\">la pr\u00e9f\u00e8te du Rh\u00f4ne Fabienne Buccio<\/a> a indiqu\u00e9 sur BFMTV que les messages avaient \u00e9t\u00e9 revendiqu\u00e9s par les Soul\u00e8vements de la Terre, d\u00e9non\u00e7ant une \u00ab op\u00e9ration d\u2019extr\u00eame gauche \u00bb, avant d\u2019annoncer qu\u2019elle saisissait la justice au titre de l\u2019article 40 du code de proc\u00e9dure p\u00e9nale.<\/p>\n<p class=\"paragraph text_align_left lp-f-body-02\">La <a href=\"https:\/\/www.leparisien.fr\/rhone-69\/la-fete-des-lumieres-de-lyon-a-t-elle-vendu-son-ame-a-netflix-03-12-2025-SCQ2ONWL65HFNA7LQUE4IDB6AU.php\" target=\"_blank\" rel=\"noreferrer noopener\">F\u00eate des Lumi\u00e8res <\/a>d\u00e9coule d\u2019une tradition catholique, visant \u00e0 remercier la Vierge Marie, protectrice de la cit\u00e9, chaque 8 d\u00e9cembre en d\u00e9posant un lumignon \u00e0 sa fen\u00eatre. Depuis une quarantaine d\u2019ann\u00e9es, elle donne lieu \u00e0 des cr\u00e9ations artistiques lumineuses.<\/p>\n","protected":false},"excerpt":{"rendered":"L\u2019identit\u00e9 des auteurs \u00e9tait dans un premier temps rest\u00e9e inconnue. Le mouvement \u00e9cologiste Les Soul\u00e8vements de la Terre&hellip;\n","protected":false},"author":2,"featured_media":583056,"comment_status":"","ping_status":"","sticky":false,"template":"","format":"standard","meta":{"footnotes":""},"categories":[4],"tags":[11,459,118,1011,27,12,25,11244],"class_list":{"0":"post-585137","1":"post","2":"type-post","3":"status-publish","4":"format-standard","5":"has-post-thumbnail","7":"category-france","8":"tag-actualites","9":"tag-departements-horsidfo","10":"tag-faits-divers","11":"tag-fr","12":"tag-france","13":"tag-news","14":"tag-republique-francaise","15":"tag-rhone-69"},"share_on_mastodon":{"url":"https:\/\/pubeurope.com\/@fr\/115680801323510627","error":""},"_links":{"self":[{"href":"https:\/\/www.europesays.com\/fr\/wp-json\/wp\/v2\/posts\/585137","targetHints":{"allow":["GET"]}}],"collection":[{"href":"https:\/\/www.europesays.com\/fr\/wp-json\/wp\/v2\/posts"}],"about":[{"href":"https:\/\/www.europesays.com\/fr\/wp-json\/wp\/v2\/types\/post"}],"author":[{"embeddable":true,"href":"https:\/\/www.europesays.com\/fr\/wp-json\/wp\/v2\/users\/2"}],"replies":[{"embeddable":true,"href":"https:\/\/www.europesays.com\/fr\/wp-json\/wp\/v2\/comments?post=585137"}],"version-history":[{"count":0,"href":"https:\/\/www.europesays.com\/fr\/wp-json\/wp\/v2\/posts\/585137\/revisions"}],"wp:featuredmedia":[{"embeddable":true,"href":"https:\/\/www.europesays.com\/fr\/wp-json\/wp\/v2\/media\/583056"}],"wp:attachment":[{"href":"https:\/\/www.europesays.com\/fr\/wp-json\/wp\/v2\/media?parent=585137"}],"wp:term":[{"taxonomy":"category","embeddable":true,"href":"https:\/\/www.europesays.com\/fr\/wp-json\/wp\/v2\/categories?post=585137"},{"taxonomy":"post_tag","embeddable":true,"href":"https:\/\/www.europesays.com\/fr\/wp-json\/wp\/v2\/tags?post=585137"}],"curies":[{"name":"wp","href":"https:\/\/api.w.org\/{rel}","templated":true}]}}