{"id":585138,"date":"2025-12-07T23:08:14","date_gmt":"2025-12-07T23:08:14","guid":{"rendered":"https:\/\/www.europesays.com\/fr\/585138\/"},"modified":"2025-12-07T23:08:14","modified_gmt":"2025-12-07T23:08:14","slug":"en-lespace-de-peu-de-temps-on-voit-tous-nos-defauts","status":"publish","type":"post","link":"https:\/\/www.europesays.com\/fr\/585138\/","title":{"rendered":"\u00ab\u00a0En l\u2019espace de peu de temps, on voit tous nos d\u00e9fauts\u00a0\u00bb"},"content":{"rendered":"<p><strong>Comment analyser cette d\u00e9faite du FC Metz <a href=\"https:\/\/www.republicain-lorrain.fr\/sport\/2025\/12\/07\/aj-auxerre-fc-metz-suivez-la-rencontre-en-direct\" target=\"_blank\" rel=\"noopener\">\u00e0 Auxerre (3-1)<\/a> \u00a0?<\/strong><\/p>\n<p>\u00ab\u00a0La d\u00e9faite est forc\u00e9ment difficile parce qu\u2019on encaisse trois buts, on vient chez une \u00e9quipe qui est mal class\u00e9e et on repart avec un sentiment un peu bizarre. <a href=\"https:\/\/www.republicain-lorrain.fr\/sport\/2025\/12\/07\/aj-auxerre-fc-metz-suivez-la-rencontre-en-direct\" target=\"_blank\" rel=\"noopener\">On contr\u00f4le le match pendant 25-30 minutes<\/a> et en l\u2019espace de trois minutes, on perd le fil. On est men\u00e9s 2-0 et on sait qu\u2019\u00e0 l\u2019ext\u00e9rieur, c\u2019est une situation d\u00e9licate. On a pas mal de situations, de phases de d\u00e9s\u00e9quilibre o\u00f9 on peut aller plus loin mais on n\u2019arrive pas \u00e0 concr\u00e9tiser notre domination. En l\u2019espace de peu de temps, on voit tous nos d\u00e9fauts, c\u2019est-\u00e0-dire qu\u2019on est vuln\u00e9rable et que d\u00e8s que l\u2019adversaire acc\u00e9l\u00e8re, on est transperc\u00e9. C\u2019est ce qui se passe sur le premier et le deuxi\u00e8me but, o\u00f9 on manque d\u2019engagement pour \u00e9viter que l\u2019adversaire se retrouve en bonne situation. Ensuite, on a le coup franc de Gauthier (Hein) qui nous remet dans le match. On a des situations d\u00e8s le d\u00e9but de seconde p\u00e9riode. Habib (Diallo) a des occasions int\u00e9ressantes mais c\u2019est une domination qui se fait st\u00e9rile. Ce troisi\u00e8me but arrive sur la fin et on se fait d\u00e9passer. On encaisse trois buts, c\u2019est r\u00e9dhibitoire. Il n\u2019y a pas de d\u00e9bat, les d\u00e9faites sont forc\u00e9ment m\u00e9rit\u00e9es dans ces cas-l\u00e0.\u00a0\u00bb<\/p>\n<p><strong>Cette \u00e9quipe manque-t-elle de caract\u00e8re pour la Ligue 1\u00a0?<\/strong><\/p>\n<p>\u00ab\u00a0D\u2019un peu de caract\u00e8re, d\u2019engagement sur ces actions qui sont tr\u00e8s cibl\u00e9es. Je pense au premier but qui am\u00e8ne le penalty. Au d\u00e9part, on est trop l\u00e9ger. Sur le deuxi\u00e8me but encaiss\u00e9, c\u2019est un lat\u00e9ral qui remonte le terrain de tr\u00e8s loin. Oui, sur ce genre de situation, on est vuln\u00e9rable et on a de gros manques. Le troisi\u00e8me but est aussi un exemple o\u00f9 on perd des duels. On a beau faire des choses int\u00e9ressantes, la r\u00e9alit\u00e9 est d\u2019\u00eatre costaud dans les phases o\u00f9 l\u2019\u00e9quipe adverse attaque.\u00a0\u00bb<\/p>\n<p>\u00ab\u00a0San\u00e9 m\u00e9ritait de rejouer\u00a0\u00bb<\/p>\n<p><strong>Pourquoi avoir relanc\u00e9 Sadibou San\u00e9, apr\u00e8s les mois compliqu\u00e9s v\u00e9cus par votre d\u00e9fenseur\u00a0?<\/strong><\/p>\n<p>\u00ab\u00a0Cela faisait dix jours qu\u2019il travaillait bien, il avait envie de montrer que son d\u00e9but de saison \u00e9tait rat\u00e9 et qu\u2019il \u00e9tait reparti de l\u2019avant dans la concentration, dans l\u2019application. Il a \u00e9t\u00e9 malheureux sur le penalty. Il \u00e9tait sur de bonnes s\u00e9ances d\u2019entra\u00eenement et m\u00e9ritait de rejouer.\u00a0\u00bb<\/p>\n<p><strong>Habib Diallo \u00e9tait trop juste pour d\u00e9marrer\u00a0la rencontre\u00a0?<\/strong><\/p>\n<p>\u00ab\u00a0Oui, c\u2019est \u00e7a, c\u2019\u00e9tait d\u2019un commun accord entre Habib et le staff m\u00e9dical. C\u2019\u00e9tait dangereux de le faire d\u00e9buter. Il \u00e9tait pr\u00e9vu de le faire entrer en seconde p\u00e9riode. Il est rentr\u00e9 plus t\u00f4t que pr\u00e9vu, \u00e7a a failli \u00eatre tr\u00e8s bien car sur le premier ballon qu\u2019il\u00a0touche, il a une occasion de but. Malheureusement, \u00e7a fait quelques semaines qu\u2019il est \u00e0 l\u2019arr\u00eat, forc\u00e9ment il n\u2019est pas dans le rythme. Il fallait prendre le risque de le lancer.\u00a0\u00bb<\/p>\n<p><strong>Il y avait une intention d\u2019aller de l\u2019avant sur le d\u00e9but de\u00a0match. C\u2019\u00e9tait votre plan de jeu\u00a0?<\/strong><\/p>\n<p>\u00ab\u00a0Oui, c\u2019\u00e9tait le plan, par rapport \u00e0 cette \u00e9quipe. Les intentions \u00e9taient bonnes, int\u00e9ressantes mais ce n\u2019est qu\u2019une partie du foot. Derri\u00e8re, sur des situations plus basiques, de duels notamment, il faut \u00eatre bien plus solide. La fa\u00e7on dont on joue ne doit pas engendrer un manque d\u2019engagement. Dans les 25 derniers m\u00e8tres, l\u00e0 on est en difficult\u00e9 que ce soit offensivement, comme d\u00e9fensivement.\u00a0\u00bb<\/p>\n","protected":false},"excerpt":{"rendered":"Comment analyser cette d\u00e9faite du FC Metz \u00e0 Auxerre (3-1) \u00a0? \u00ab\u00a0La d\u00e9faite est forc\u00e9ment difficile parce qu\u2019on&hellip;\n","protected":false},"author":2,"featured_media":585139,"comment_status":"","ping_status":"","sticky":false,"template":"","format":"standard","meta":{"footnotes":""},"categories":[2],"tags":[11,5598,8113,107,1701,63,1011,27,7020,6212,6213,5599,8112,12,517,1700],"class_list":{"0":"post-585138","1":"post","2":"type-post","3":"status-publish","4":"format-standard","5":"has-post-thumbnail","7":"category-actualites","8":"tag-actualites","9":"tag-edition-metz-et-agglomeration","10":"tag-fc-metz","11":"tag-fil-info","12":"tag-fil-info-sport","13":"tag-football","14":"tag-fr","15":"tag-france","16":"tag-ligue-1-football","17":"tag-metz","18":"tag-metz-ville-57b","19":"tag-moselle","20":"tag-moselle-est","21":"tag-news","22":"tag-sport","23":"tag-sport-lorrain"},"share_on_mastodon":{"url":"https:\/\/pubeurope.com\/@fr\/115680805053221470","error":""},"_links":{"self":[{"href":"https:\/\/www.europesays.com\/fr\/wp-json\/wp\/v2\/posts\/585138","targetHints":{"allow":["GET"]}}],"collection":[{"href":"https:\/\/www.europesays.com\/fr\/wp-json\/wp\/v2\/posts"}],"about":[{"href":"https:\/\/www.europesays.com\/fr\/wp-json\/wp\/v2\/types\/post"}],"author":[{"embeddable":true,"href":"https:\/\/www.europesays.com\/fr\/wp-json\/wp\/v2\/users\/2"}],"replies":[{"embeddable":true,"href":"https:\/\/www.europesays.com\/fr\/wp-json\/wp\/v2\/comments?post=585138"}],"version-history":[{"count":0,"href":"https:\/\/www.europesays.com\/fr\/wp-json\/wp\/v2\/posts\/585138\/revisions"}],"wp:featuredmedia":[{"embeddable":true,"href":"https:\/\/www.europesays.com\/fr\/wp-json\/wp\/v2\/media\/585139"}],"wp:attachment":[{"href":"https:\/\/www.europesays.com\/fr\/wp-json\/wp\/v2\/media?parent=585138"}],"wp:term":[{"taxonomy":"category","embeddable":true,"href":"https:\/\/www.europesays.com\/fr\/wp-json\/wp\/v2\/categories?post=585138"},{"taxonomy":"post_tag","embeddable":true,"href":"https:\/\/www.europesays.com\/fr\/wp-json\/wp\/v2\/tags?post=585138"}],"curies":[{"name":"wp","href":"https:\/\/api.w.org\/{rel}","templated":true}]}}