{"id":58514,"date":"2025-04-28T05:43:08","date_gmt":"2025-04-28T05:43:08","guid":{"rendered":"https:\/\/www.europesays.com\/fr\/58514\/"},"modified":"2025-04-28T05:43:08","modified_gmt":"2025-04-28T05:43:08","slug":"grenoble-cette-rue-devenue-pietonne-ne-fait-pas-lunanimite-cest-une-privatisation","status":"publish","type":"post","link":"https:\/\/www.europesays.com\/fr\/58514\/","title":{"rendered":"Grenoble. Cette rue devenue pi\u00e9tonne ne fait pas l&rsquo;unanimit\u00e9 : \u00ab\u00a0C&rsquo;est une privatisation\u00a0\u00bb"},"content":{"rendered":"<p>            Par<br \/>\n        <strong><br \/>\n            <a href=\"https:\/\/actu.fr\/auteur\/lisa-rodrigues\" title=\"Consulter tous les articles de Lisa Rodrigues\" rel=\"nofollow noopener\" target=\"_blank\">Lisa Rodrigues<\/a><br \/>\n        <\/strong><\/p>\n<p>        Publi\u00e9 le<\/p>\n<p>            28 avr. 2025 \u00e0 7h16        <\/p>\n<p>Depuis quelques jours, la portion de la rue Lazare-Carnot entre la place Championnet et la rue Humbert II \u00e0 <a href=\"https:\/\/actu.fr\/auvergne-rhone-alpes\/grenoble_38185\" rel=\"nofollow noopener\" target=\"_blank\">Grenoble<\/a> est bien moins emprunt\u00e9e par les automobilistes. Et pour cause : la <strong>zone est devenue pi\u00e9tonne<\/strong>, par arr\u00eat\u00e9 municipal en date du 2 avril.<br \/>Des poteaux fixes \u00e0 l\u2019entr\u00e9e c\u00f4t\u00e9 rue Lesdigui\u00e8res ont \u00e9t\u00e9 install\u00e9s, tout comme les panneaux r\u00e9glementaires. Cette pi\u00e9tonisation, <strong>elle ne passe pas<\/strong> pour une partie des habitants et des commer\u00e7ants du quartier.<\/p>\n<p>    <a href=\"https:\/\/www.google.com\/maps\/embed?pb=!1m18!1m12!1m3!1d2812.163685299168!2d5.719190186696909!3d45.183782696478815!2m3!1f0!2f0!3f0!3m2!1i1024!2i768!4f13.1!3m3!1m2!1s0x478af49032c64211%3A0xb503de51b8508d54!2sRue%20Lazare%20Carnot%2C%2038000%20Grenoble!5e0!3m2!1sfr!2sfr!4v1745315328431!5m2!1sfr!2sfr\" title=\"Ouvrie le lien\" rel=\"nofollow noopener\" target=\"_blank\">Cliquez ici pour visualiser le contenu<\/a><\/p>\n<p>Une pi\u00e9tonisation temporaire il y a un an<\/p>\n<p class=\" wall-content\">L\u2019\u00e9t\u00e9 dernier, cette portion de rue avait <a href=\"https:\/\/actu.fr\/auvergne-rhone-alpes\/grenoble_38185\/grenoble-cette-rue-du-centre-interdite-aux-voitures-les-riverains-n-ont-aucun-droit_61465292.html\" rel=\"nofollow noopener\" target=\"_blank\">temporairement \u00e9t\u00e9 rendue pi\u00e9tonne<\/a> pour aider \u00e0 l\u2019organisation d\u2019activit\u00e9 en plein air. Les habitants s\u2019inqui\u00e9taient d\u00e9j\u00e0 d\u2019une pi\u00e9tonisation rendue p\u00e9renne, ce que n\u2019avait d\u2019ailleurs pas compl\u00e8tement \u00e9cart\u00e9 la mairie, contact\u00e9e \u00e0 l\u2019\u00e9poque par la r\u00e9daction.<\/p>\n<p class=\" wall-content\">\u00ab\u2009Une pi\u00e9tonisation p\u00e9renne n\u00e9cessitant une instruction plus approfondie, il a \u00e9t\u00e9 propos\u00e9 de tester dans un premier temps le principe d\u2019une coupure de la circulation \u00e0 travers une pi\u00e9tonisation pour la p\u00e9riode estivale\u2009\u00bb, expliquait alors Alan Confesson, adjoint au Secteur 2.<\/p>\n<p class=\" wall-content\">Un test qui a donc \u00e9t\u00e9 rendu <strong>installation p\u00e9renne<\/strong> depuis le vendredi 18 avril. \u00ab\u00a0L\u2019exp\u00e9rimentation r\u00e9ussie l\u2019\u00e9t\u00e9 dernier ainsi que l\u2019observation des usages tout au long de l\u2019ann\u00e9e sur cette partie de rue ont montr\u00e9 que les flux de v\u00e9hicules motoris\u00e9s y sont d\u00e9j\u00e0 tr\u00e8s minimes\u00a0\u00bb, explique la Ville \u00e0 actu Grenoble.<\/p>\n<p>Une zone de rencontre avait \u00e9t\u00e9 cr\u00e9\u00e9e<\/p>\n<p class=\" wall-content\">\u00ab\u00a0Imposer cette mesure sur une courte distance, <strong>on ne comprend pas<\/strong>, soupire Michel Voilin, pr\u00e9sident de l\u2019union de quartier Championnet-Bonne-Condorcet-Hoche. Il n\u2019y a pas eu de concertation sur le sujet. J\u2019ai plus d\u2019habitants et commer\u00e7ants oppos\u00e9s que favorables \u00e0 ce projet dans le voisinage !\u00a0\u00bb<\/p>\n<p class=\" wall-content\">C\u2019est le cas de ce riverain et membre de l\u2019union de quartier, joint par la r\u00e9daction. En 2017, une consultation men\u00e9e par <a href=\"https:\/\/actu.fr\/tag\/grenoble-alpes-metropole\" rel=\"nofollow noopener\" target=\"_blank\">Grenoble Alpes M\u00e9tropole<\/a> et la Ville avait conclu \u00e0 la mise en place d\u2019une zone de rencontre sur cette portion de rue. \u00ab\u00a0<strong>C\u2019\u00e9tait positif<\/strong>, car \u00e7a limitait la vitesse et \u00e7a donnait la priorit\u00e9 aux pi\u00e9tons.\u00a0\u00bb<\/p>\n<p>Une p\u00e9tition remise en cause<\/p>\n<p class=\" wall-content\">D\u00e9j\u00e0 \u00e0 l\u2019\u00e9poque, un \u00ab\u00a0collectif voulait rendre pi\u00e9tonne la rue Lazare-Carnot\u00a0\u00bb. Et le Grenoblois en est s\u00fbr, ce sont les m\u00eames personnes qui ont cr\u00e9\u00e9 une association pour demander \u00e0 la mairie la pi\u00e9tonisation du haut de la rue. \u00ab\u00a0Ils auraient fait une p\u00e9tition sign\u00e9e par 400 personnes, mais on ne sait pas d\u2019o\u00f9 ils viennent !\u00a0\u00bb<\/p>\n<p class=\" wall-content\">Une p\u00e9tition donc l\u2019existence a \u00e9t\u00e9 confirm\u00e9e \u00e0 <a href=\"https:\/\/actu.fr\/grenoble\/\" rel=\"nofollow noopener\" target=\"_blank\">actu Grenoble<\/a> par la mairie.<\/p>\n<blockquote class=\"ac-article-quote wall-content\">\n<p>La Ville r\u00e9pond favorablement \u00e0 la demande des habitant-es et commer\u00e7ant-es aux alentours qui, organis\u00e9s au sein de l\u2019association des habitants et des usagers du quartier Championnet, ont \u00e9t\u00e9 fortement mobilis\u00e9s pour faire advenir cette pi\u00e9tonisation. Une p\u00e9tition a en outre r\u00e9uni plus de 500 signatures, mobilisant au-del\u00e0 du simple p\u00e9rim\u00e8tre de la rue.<\/p>\n<p>    <strong>Ville de Grenoble<\/strong>\n            <\/p><\/blockquote>\n<p class=\" wall-content\">Cette association serait li\u00e9e au caf\u00e9 de la place Championnet, dont le g\u00e9rant serait membre de ladite association. La r\u00e9daction a essay\u00e9 de joindre le patron comme l\u2019association, sans succ\u00e8s.<\/p>\n<p class=\" wall-content\">\u00ab\u00a0Pour nous, cette pi\u00e9tonisation, <strong>c\u2019est une privatisation de la rue<\/strong> au b\u00e9n\u00e9fice du patron du bar et de sa terrasse, peste le riverain. La voirie n\u2019est pas quelque chose de priv\u00e9 !\u00a0\u00bb\u00a0<\/p>\n<p>\u00ab\u00a0\u00c0 aucun moment on a \u00e9t\u00e9 concert\u00e9\u00a0\u00bb<\/p>\n<p class=\" wall-content\">L\u2019incompr\u00e9hension se ressent aussi <strong>du c\u00f4t\u00e9 des commer\u00e7ants.<\/strong> \u00ab\u00a0Les travaux se sont faits en une semaine. Les panneaux disaient qu\u2019il y a eu une concertation avec les habitants et les commer\u00e7ants, mais \u00e0 aucun moment on a \u00e9t\u00e9 concert\u00e9\u00a0\u00bb, ass\u00e8ne Christophe Martin, g\u00e9rant du bar Les Voisins, rue de Turenne au bout de la place Championnet.<\/p>\n<p class=\" wall-content\">Il d\u00e9nonce \u00e9galement une forme de \u00ab\u00a0client\u00e9lisme\u00a0\u00bb avec cette pi\u00e9tonisation accord\u00e9e \u00e0 une association que tous disent \u00ab\u00a0proche de la mairie\u00a0\u00bb.\u00a0<\/p>\n<blockquote class=\"ac-article-quote wall-content\">\n<p>Moi, j&rsquo;adorerais que la rue \u00e0 c\u00f4t\u00e9 de mon bar soit pi\u00e9tonne. J&rsquo;ai demand\u00e9 plusieurs fois une pi\u00e9tonnisation temporaire pour une soir\u00e9e. On m&rsquo;a dit que je ne pouvais pas privatiser un espace commun. Eux, ils demandent une fois et ils obtiennent une pi\u00e9tonnisation permanente !<\/p>\n<p>    <strong>Christophe Martin, g\u00e9rant du bar Les Voisins<\/strong>\n            <\/p><\/blockquote>\n<p>La circulation plus compliqu\u00e9e dans le quartier<\/p>\n<p class=\" wall-content\">L\u2019autre point g\u00eanant de cette pi\u00e9tonisation est d\u2019ordre plus logistique : la portion de rue \u00e9tant un \u00ab\u00a0axe de d\u00e9lestage\u00a0\u00bb pour les habitants du quartier souhaitant \u00e9viter des art\u00e8res comme le boulevard Gambetta. \u00ab\u00a0\u00c7a oblige les riverains \u00e0 faire un grand d\u00e9tour pour acc\u00e9der \u00e0 leur propri\u00e9t\u00e9\u00a0\u00bb, assure Michel Voilin.<\/p>\n<p class=\" wall-content\">Et les difficult\u00e9s se font aussi ressentir chez les commer\u00e7ants. \u00ab\u00a0Les clients qui ne sont pas de Grenoble, ils ne trouvaient d\u00e9j\u00e0 <a href=\"https:\/\/actu.fr\/auvergne-rhone-alpes\/grenoble_38185\/grenoble-moins-de-stationnement-sens-unique-ces-travaux-qui-fachent-les-riverains_62261598.html\" rel=\"nofollow noopener\" target=\"_blank\">pas de place pour se garer<\/a>. L\u00e0, ils ne peuvent m\u00eame pas entrer dans la rue sans faire de d\u00e9tour\u00a0\u00bb, se d\u00e9sole Ali, g\u00e9rant d\u2019un restaurant de la rue.<\/p>\n<p class=\" wall-content\">\u00ab\u00a0Le croisement Lesdigui\u00e8res-Gambetta a toujours \u00e9t\u00e9 probl\u00e9matique et a toujours \u00e9t\u00e9 encombr\u00e9. <strong>Maintenant, les voitures sont immobiles<\/strong>\u00ab\u00a0, lance Christophe Martin.<\/p>\n<p class=\" wall-content\">Il y a aussi les <strong>livraisons qui sont rallong\u00e9es<\/strong>. \u00ab\u00a0Encore ce matin, on est oblig\u00e9 d\u2019aller jusqu\u2019au boulevard Gambetta pour arriver ici et me livrer. Si c\u2019est \u00e7a l\u2019\u00e9cologie, c\u2019est idiot\u00a0\u00bb, souffle Ali.<\/p>\n<p>\u00ab\u00a0Je n\u2019ai qu\u2019une envie, c\u2019est de fermer\u00a0\u00bb<\/p>\n<p class=\" wall-content\">Christophe Martin n\u2019est pas impact\u00e9 directement dans son activit\u00e9 par la pi\u00e9tonisation, mais \u00ab\u00a0c\u2019est pour les copains dans les petites rues perpendiculaires qui vont avoir moins de monde\u00a0\u00bb. Des commer\u00e7ants comme Ali, qui s\u2019inqui\u00e8te pour l\u2019avenir de son restaurant.<\/p>\n<blockquote class=\"ac-article-quote wall-content\">\n<p>S&rsquo;ils commencent \u00e0 fermer une partie, qui me dit que l&rsquo;ann\u00e9e prochaine, ils ne vont pas tout rendre pi\u00e9ton ? \u00c7a fait 34 ans que je suis ici.  Je suis \u00e9c\u0153ur\u00e9. Je n&rsquo;ai qu&rsquo;une seule envie, c&rsquo;est de fermer, mais je dis quoi \u00e0 mes 6 salari\u00e9s ?<\/p>\n<p>    <strong>Ali, g\u00e9rant d&rsquo;un restaurant du quartier, impact\u00e9 par la pi\u00e9tonnisation<\/strong>\n            <\/p><\/blockquote>\n<p class=\" wall-content\">Une extension de la pi\u00e9tonisation dans le quartier qui inqui\u00e8tent \u00e9galement des riverains. \u00ab\u00a0On craint que les arguments avanc\u00e9s pour la rue Lazare-Carnot soit r\u00e9utilis\u00e9 pour la rue Lakanal\u00a0\u00bb, souffle un habitant.<\/p>\n<p class=\" wall-content\">\u00ab\u00a0On aurait pu pi\u00e9tonniser ponctuellement la rue par exemple, avance Michel Voilin. Mais il n\u2019y a pas eu de concertation.\u00a0\u00bb L\u2019union de quartier assure \u00eatre en train de <strong>r\u00e9fl\u00e9chir \u00e0 des actions<\/strong> \u00e0 mener pour contester cette d\u00e9cision.\u00a0<\/p>\n<p class=\" wall-content\">Suivez toute l\u2019actualit\u00e9 de vos villes et m\u00e9dias favoris en vous inscrivant \u00e0 <a href=\"https:\/\/moncompte.actu.fr\" title=\"D\u00e9couvez Mon Actu\" rel=\"nofollow noopener\" data-trk=\"{&quot;cta&quot;:{&quot;action&quot;:&quot;https:\\\/\\\/moncompte.actu.fr&quot;,&quot;category&quot;:&quot;mon compte&quot;,&quot;from&quot;:&quot;article footer&quot;,&quot;name&quot;:&quot;Mon actu&quot;,&quot;type&quot;:&quot;cta&quot;}}\" target=\"_blank\">Mon Actu<\/a>.<\/p>\n","protected":false},"excerpt":{"rendered":"Par Lisa Rodrigues Publi\u00e9 le 28 avr. 2025 \u00e0 7h16 Depuis quelques jours, la portion de la rue&hellip;\n","protected":false},"author":2,"featured_media":58515,"comment_status":"","ping_status":"","sticky":false,"template":"","format":"standard","meta":{"footnotes":""},"categories":[9566],"tags":[1111,11,2430,215,1777,674,1011,27,2731,12,25,104,1352],"class_list":{"0":"post-58514","1":"post","2":"type-post","3":"status-publish","4":"format-standard","5":"has-post-thumbnail","7":"category-grenoble","8":"tag-actu","9":"tag-actualites","10":"tag-auvergne-rhone-alpes","11":"tag-commerce","12":"tag-eu","13":"tag-europe","14":"tag-fr","15":"tag-france","16":"tag-grenoble","17":"tag-news","18":"tag-republique-francaise","19":"tag-societe","20":"tag-urbanisme"},"share_on_mastodon":{"url":"https:\/\/pubeurope.com\/@fr\/114414000799838964","error":""},"_links":{"self":[{"href":"https:\/\/www.europesays.com\/fr\/wp-json\/wp\/v2\/posts\/58514","targetHints":{"allow":["GET"]}}],"collection":[{"href":"https:\/\/www.europesays.com\/fr\/wp-json\/wp\/v2\/posts"}],"about":[{"href":"https:\/\/www.europesays.com\/fr\/wp-json\/wp\/v2\/types\/post"}],"author":[{"embeddable":true,"href":"https:\/\/www.europesays.com\/fr\/wp-json\/wp\/v2\/users\/2"}],"replies":[{"embeddable":true,"href":"https:\/\/www.europesays.com\/fr\/wp-json\/wp\/v2\/comments?post=58514"}],"version-history":[{"count":0,"href":"https:\/\/www.europesays.com\/fr\/wp-json\/wp\/v2\/posts\/58514\/revisions"}],"wp:featuredmedia":[{"embeddable":true,"href":"https:\/\/www.europesays.com\/fr\/wp-json\/wp\/v2\/media\/58515"}],"wp:attachment":[{"href":"https:\/\/www.europesays.com\/fr\/wp-json\/wp\/v2\/media?parent=58514"}],"wp:term":[{"taxonomy":"category","embeddable":true,"href":"https:\/\/www.europesays.com\/fr\/wp-json\/wp\/v2\/categories?post=58514"},{"taxonomy":"post_tag","embeddable":true,"href":"https:\/\/www.europesays.com\/fr\/wp-json\/wp\/v2\/tags?post=58514"}],"curies":[{"name":"wp","href":"https:\/\/api.w.org\/{rel}","templated":true}]}}