{"id":585140,"date":"2025-12-07T23:11:31","date_gmt":"2025-12-07T23:11:31","guid":{"rendered":"https:\/\/www.europesays.com\/fr\/585140\/"},"modified":"2025-12-07T23:11:31","modified_gmt":"2025-12-07T23:11:31","slug":"as-saint-etienne-horneland-dehors","status":"publish","type":"post","link":"https:\/\/www.europesays.com\/fr\/585140\/","title":{"rendered":"AS Saint-\u00c9tienne : Horneland dehors ?"},"content":{"rendered":"<p>La d\u00e9faite \u00e0 Dunkerque a tout remis en vrac. L\u2019ASSE, d\u00e9j\u00e0 fragile, voit sa saison filer entre les doigts alors que le club avait b\u00e2ti un mercato ambitieux pour enfin respirer.<\/p>\n<p>Depuis plusieurs semaines, les Verts avancent comme une vieille barque qui prend l\u2019eau partout. Selon plusieurs observateurs cit\u00e9s par Winamax FC, l\u2019\u00e9quipe d\u2019Eirik Horneland est capable d\u2019un 4-0 encaiss\u00e9 \u00e0 Annecy comme d\u2019un succ\u00e8s propre contre Troyes ou Nancy. Cette irr\u00e9gularit\u00e9 finit par tout ronger. Samedi soir, le coach norv\u00e9gien a l\u00e2ch\u00e9 un aveu un peu sec : \u00ab On n\u2019est pas du tout l\u00e0 o\u00f9 j\u2019esp\u00e9rais \u00eatre\u2026 Il faudra imp\u00e9rativement trois points contre Bastia \u00bb. Dans les tribunes num\u00e9riques, l\u2019ambiance est \u00e9lectrique. Sur X, on peut lire des messages durs, presque rageurs : \u00ab Minable \u00bb, \u00e9crit un supporter outr\u00e9 par les performances, tandis qu\u2019un autre compare les bilans Horneland-Dall\u2019Oglio et pointe \u00ab un \u00e9cart injustifiable \u00bb.<\/p>\n<p><strong>Une victoire obligatoire avant la tr\u00eave<\/strong><\/p>\n<p>D\u2019apr\u00e8s les \u00e9changes en ligne, certains demandent d\u00e9j\u00e0 son d\u00e9part imm\u00e9diat : \u00ab D\u00e9gage le Norv\u00e9gien \u00bb, claque l\u2019un d\u2019eux. Saint-\u00c9tienne doit battre Bastia pour calmer la temp\u00eate, au moins le temps de passer No\u00ebl sans entendre couiner tout le Chaudron.<\/p>\n","protected":false},"excerpt":{"rendered":"La d\u00e9faite \u00e0 Dunkerque a tout remis en vrac. L\u2019ASSE, d\u00e9j\u00e0 fragile, voit sa saison filer entre les&hellip;\n","protected":false},"author":2,"featured_media":585141,"comment_status":"","ping_status":"","sticky":false,"template":"","format":"standard","meta":{"footnotes":""},"categories":[9653],"tags":[1111,11,2430,1777,674,1011,27,12,25,4001],"class_list":{"0":"post-585140","1":"post","2":"type-post","3":"status-publish","4":"format-standard","5":"has-post-thumbnail","7":"category-saint-etienne","8":"tag-actu","9":"tag-actualites","10":"tag-auvergne-rhone-alpes","11":"tag-eu","12":"tag-europe","13":"tag-fr","14":"tag-france","15":"tag-news","16":"tag-republique-francaise","17":"tag-saint-etienne"},"share_on_mastodon":{"url":"https:\/\/pubeurope.com\/@fr\/115680816883124057","error":""},"_links":{"self":[{"href":"https:\/\/www.europesays.com\/fr\/wp-json\/wp\/v2\/posts\/585140","targetHints":{"allow":["GET"]}}],"collection":[{"href":"https:\/\/www.europesays.com\/fr\/wp-json\/wp\/v2\/posts"}],"about":[{"href":"https:\/\/www.europesays.com\/fr\/wp-json\/wp\/v2\/types\/post"}],"author":[{"embeddable":true,"href":"https:\/\/www.europesays.com\/fr\/wp-json\/wp\/v2\/users\/2"}],"replies":[{"embeddable":true,"href":"https:\/\/www.europesays.com\/fr\/wp-json\/wp\/v2\/comments?post=585140"}],"version-history":[{"count":0,"href":"https:\/\/www.europesays.com\/fr\/wp-json\/wp\/v2\/posts\/585140\/revisions"}],"wp:featuredmedia":[{"embeddable":true,"href":"https:\/\/www.europesays.com\/fr\/wp-json\/wp\/v2\/media\/585141"}],"wp:attachment":[{"href":"https:\/\/www.europesays.com\/fr\/wp-json\/wp\/v2\/media?parent=585140"}],"wp:term":[{"taxonomy":"category","embeddable":true,"href":"https:\/\/www.europesays.com\/fr\/wp-json\/wp\/v2\/categories?post=585140"},{"taxonomy":"post_tag","embeddable":true,"href":"https:\/\/www.europesays.com\/fr\/wp-json\/wp\/v2\/tags?post=585140"}],"curies":[{"name":"wp","href":"https:\/\/api.w.org\/{rel}","templated":true}]}}