{"id":585146,"date":"2025-12-07T23:18:23","date_gmt":"2025-12-07T23:18:23","guid":{"rendered":"https:\/\/www.europesays.com\/fr\/585146\/"},"modified":"2025-12-07T23:18:23","modified_gmt":"2025-12-07T23:18:23","slug":"equipement-controverse-a-montpellier-la-chaufferie-csr-disposera-des-meilleures-techniques-disponibles-assure-urbaser-environnement","status":"publish","type":"post","link":"https:\/\/www.europesays.com\/fr\/585146\/","title":{"rendered":"\u00c9quipement controvers\u00e9 \u00e0 Montpellier, \u00ab\u00a0la chaufferie CSR disposera des meilleures techniques disponibles\u00a0\u00bb assure Urbaser environnement"},"content":{"rendered":"<p>\n                                                                Nicolas Bequaert est le pr\u00e9sident-directeur g\u00e9n\u00e9ral d\u2019Urbaser environnement qui vient d\u2019obtenir la d\u00e9l\u00e9gation de service public de l\u2019usine Ametyst et la construction de la chaudi\u00e8re CSR (combustible solide de r\u00e9cup\u00e9ration) dont la mise en service est annonc\u00e9e pour la fin 2029.\n                            <\/p>\n<p class=\"txt-question\">Urbaser environnement a \u00e9t\u00e9 d\u00e9sign\u00e9 par la M\u00e9tropole pour reprendre l\u2019usine Ametyst et construire la chaudi\u00e8re CSR. Cette d\u00e9cision est intervenue \u00e0 proximit\u00e9 des prochaines \u00e9lections municipales. Cette \u00e9ch\u00e9ance constitue-t-elle un frein pour conduire ce projet\u00a0d\u00e8s maintenant\u00a0?<\/p>\n<p>On ne fait pas de politique. On g\u00e8re les d\u00e9chets pour le compte des collectivit\u00e9s locales dans le cadre de march\u00e9s qui nous sont attribu\u00e9s. On g\u00e8re ces march\u00e9s-l\u00e0 en suivant le contrat qu\u2019on nous a confi\u00e9. Celui-l\u00e0 va d\u00e9marrer le 1er\u00a0janvier 2026.<\/p>\n<p class=\"txt-question\">Ces choix vont animer la prochaine campagne \u00e9lectorale et certains candidats les remettent en cause.<\/p>\n<p>Ce contrat pr\u00e9voit un certain nombre d\u2019\u00e9tapes. Les choix qui ont \u00e9t\u00e9 faits \u00e0 l\u2019\u00e9poque sont ind\u00e9pendants de la situation du moment. Apr\u00e8s, il y a \u00e9videmment une forte sensibilit\u00e9 sociale, soci\u00e9tale, environnementale li\u00e9e \u00e0 ce site. Cela date de la construction de l\u2019usine. C\u2019est un sujet important donc \u00e9videmment, \u00e7a attire beaucoup d\u2019attention de notre part et de beaucoup de parties prenantes, ce qui est naturel.<\/p>\n<p>    Bio express<\/p>\n<p>Nicolas Bequaert, 55 ans, vient d\u2019\u00eatre nomm\u00e9 pr\u00e9sident-directeur g\u00e9n\u00e9ral d\u2019Urbaser environnement en remplacement de Claude Saint-Joly, le cofondateur de cette filiale fran\u00e7aise du groupe. Il en assurait la direction g\u00e9n\u00e9rale depuis janvier dernier. Ce dipl\u00f4m\u00e9 d\u2019HEC occupe des responsabilit\u00e9s dans les questions de gestion des d\u00e9chets depuis 25 ans. Urbaser environnement, dont le si\u00e8ge est \u00e0 Montpellier, compte actuellement 1\u00a0500 salari\u00e9s en France.<\/p>\n<p class=\"txt-question\">Comment se passe cette p\u00e9riode avec l\u2019ancien d\u00e9l\u00e9gataire\u00a0?<\/p>\n<p>C\u2019est\u00a0une p\u00e9riode de tuilage. Elle est pr\u00e9vue dans le march\u00e9 qu\u2019on a sign\u00e9. On a officiellement acc\u00e8s aux informations d\u00e9taill\u00e9es concernant le site. L\u2019objectif de cette p\u00e9riode, c\u2019est de permettre\u00a0une bonne reprise en main du march\u00e9 entre le 31\u00a0d\u00e9cembre et le 1er\u00a0janvier. Et \u00e7a se passe de mani\u00e8re tr\u00e8s coordonn\u00e9e, tr\u00e8s positive et tr\u00e8s professionnelle avec nos confr\u00e8res de Suez.<\/p>\n<p class=\"txt-question\">Et avec les salari\u00e9s qui avaient exprim\u00e9 leur inqui\u00e9tude au moment de la d\u00e9cision\u00a0?<\/p>\n<p>Ce sujet a \u00e9t\u00e9 pilot\u00e9 de tr\u00e8s pr\u00e8s par la M\u00e9tropole et Ren\u00e9 Revol. Avec lui, on a, d\u00e8s la fin ao\u00fbt, fait une rencontre avec les partenaires sociaux du site et un certain nombre de collaborateurs. On a eu l\u2019occasion de se pr\u00e9senter une premi\u00e8re fois. Il y avait des inqui\u00e9tudes tr\u00e8s fortes. On a expliqu\u00e9 notre projet, qui on \u00e9tait, nos m\u00e9thodes sociales\u2026 On les applique partout en France, on va les appliquer ici. Notre objectif n\u2019est pas de faire de la casse sociale, de faire du moins disant social. On reprend tous les collaborateurs et toutes les collaboratrices du site. On s\u2019est engag\u00e9 \u00e0\u00a0reprendre les int\u00e9rimaires et \u00e0 les titulariser. C\u2019\u00e9tait une demande de la M\u00e9tropole. On a aussi dit aux\u00a0collaborateurs qu\u2019on les reprend dans leurs conditions de r\u00e9mun\u00e9ration actuelle. On garde la convention collective. Enfin on a fait une r\u00e9union avec l\u2019ensemble du personnel pendant laquelle on a pr\u00e9sent\u00e9\u00a0l\u2019entreprise Urbaser, le projet. Il y a vraiment une volont\u00e9 d\u2019avoir ce dialogue social comme on l\u2019a sur tous nos sites.<\/p>\n<p class=\"txt-question\">Urbaser\u00a0Environnement g\u00e8re-t-elle d\u00e9j\u00e0 un site \u00e9quivalent \u00e0 celui d\u2019Ametyst\u00a0?<\/p>\n<p>Oui. On a fait un march\u00e9 de conception, construction et d\u2019exploitation d\u2019une usine qui est tr\u00e8s proche, \u00e0 c\u00f4t\u00e9 d\u2019Albi dans le Tarn, pour le compte d\u2019une collectivit\u00e9, le syndicat du Tarn qui s\u2019appelle Trifyl. On g\u00e8re des sites de m\u00e9thanisation \u00e0 Bayonne, \u00e0 Varennes-Jarcy, \u00e0 Fos. Ce\u00a0type de site, c\u2019est l\u2019ADN de cette soci\u00e9t\u00e9-l\u00e0. C\u2019est un m\u00e9tier int\u00e9gr\u00e9 par l\u2019entreprise depuis 25 ans. D\u2019ailleurs, Urbaser avait candidat\u00e9 au premier march\u00e9 de DSP de construction\u00a0d\u2019Am\u00e9thyst.<\/p>\n<p class=\"txt-question\">Quels \u00e9taient, selon vous, les qualit\u00e9s, les avantages de votre dossier\u00a0?<\/p>\n<p>La M\u00e9tropole\u00a0a choisi celui qui correspondait le mieux \u00e0 ses attentes en termes de prix, en termes de r\u00e9ponses techniques. On a de notre c\u00f4t\u00e9 beaucoup insist\u00e9 sur plusieurs volets qui \u00e9taient importants pour la M\u00e9tropole. Le premier, c\u2019\u00e9tait la r\u00e9duction des odeurs. On y a apport\u00e9 une attention particuli\u00e8re. Le deuxi\u00e8me sujet, c\u2019\u00e9tait de\u00a0r\u00e9pondre \u00e0 l\u2019interdiction \u00e0 partir du 1er\u00a0janvier 2027 de faire ce qu\u2019on appelle le retour au sol des composts, les composts qui sont actuellement produits par l\u2019usine. Ce\u00a0changement de loi s\u2019impose \u00e0 tout le monde. On y\u00a0r\u00e9pond par des adaptations techniques. On va continuer \u00e0 produire du compost mais uniquement \u00e0 partir de ce qui sera permis par la r\u00e9glementation \u00e0 partir de janvier 27 c\u2019est \u00e0 dire \u00e0 partir des biod\u00e9chets.<\/p>\n<p>Des travaux contre les odeurs d\u00e8s f\u00e9vrier<\/p>\n<p class=\"txt-question\">Sur Ametyst, la question des odeurs reste pr\u00e9gnante. Que comptez-vous entreprendre\u00a0?<\/p>\n<p>On va changer la configuration du site et isoler davantage les b\u00e2timents. Les digestats sont la source de beaucoup d\u2019odeurs parce qu\u2019ils maturent.\u00a0Dans les changements qu\u2019on va faire, au lieu de faire maturer ces 12 ou 15 000 tonnes de mati\u00e8re, on va les s\u00e9cher dans des installations \u00e9tanches. Les s\u00e9cheurs\u00a0aspirent l\u2019humidit\u00e9, ils aspirent les odeurs, et on traite les odeurs avec des\u00a0filtres qui permettent d\u2019\u00e9viter qu\u2019elles se diffusent par le b\u00e2timent, par la porte.\u00a0On va d\u00e9marrer les travaux \u00e0 partir du mois de f\u00e9vrier, on fera tr\u00e8s\u00a0rapidement des \u00e9volutions sur le process. On va aussi am\u00e9liorer la gestion des biofiltres.<\/p>\n<p class=\"txt-question\">Quel est votre calendrier pour le projet de chaudi\u00e8re CSR\u00a0?<\/p>\n<p>Cela passe d\u2019abord par une phase d\u2019\u00e9tudes, une phase d\u2019autorisations administratives, de permis,\u00a0etc. Avec un calendrier de construction qui pr\u00e9voit, une mise en service fin 2029 pour une capacit\u00e9 de 40 m\u00e9gawatts de production \u00e9nerg\u00e9tique. Son r\u00f4le principal, c\u2019est de fournir de la vapeur et de l\u2019\u00e9lectricit\u00e9, principalement de la vapeur, pour aller alimenter le r\u00e9seau de chaleur de la m\u00e9tropole. Et on va produire de l\u2019\u00e9lectricit\u00e9 quand le besoin de vapeur, le besoin de chaleur est plus faible. On va multiplier par sept la production d\u2019\u00e9nergie, \u00e0 partir du m\u00eame volume de d\u00e9chets entrant.<\/p>\n<p class=\"txt-question\">C\u2019est un process que vous utilisez d\u00e9j\u00e0\u00a0?<\/p>\n<p>Oui, c\u2019est\u00a0du CSR qui est produit \u00e0 partir des ordures m\u00e9nag\u00e8res principalement. Il va alimenter la chaufferie du site et la vapeur produite va alimenter le r\u00e9seau de chaleur. Et il y a un deuxi\u00e8me type de CSR, pour le tout-venant de d\u00e9chetterie. C\u2019est ce qui vient des bennes de d\u00e9chetterie, tout le d\u00e9chet r\u00e9siduel. C\u2019est beaucoup de d\u00e9chets d\u2019ameublement, par exemple, beaucoup de d\u00e9chets d\u2019ameublement qui va servir \u00e0 faire un autre type de CSR qui va \u00eatre apport\u00e9 \u00e0 d\u2019autres chaufferies, des cimenteries par exemple.\u00a0On a vraiment deux fili\u00e8res de CSR diff\u00e9rentes \u00e0 partir de deux types de d\u00e9chets diff\u00e9rents. Et ces deux flux sont parall\u00e8les, sont \u00e9tanches. Ce ne sont pas des flux qui se m\u00e9langent.<\/p>\n<p>\u00ab\u00a0Le CSR ce n\u2019est pas que du plastique\u00a0\u00bb<\/p>\n<p class=\"txt-question\">Les contempteurs du projet parlent d\u2019une chaudi\u00e8re \u00e0 plastiques. Que leur r\u00e9pondez-vous\u00a0?<\/p>\n<p>Il y a une incompr\u00e9hension majeure sur ce sujet.\u00a0La premi\u00e8re chose, c\u2019est que, ce qui va\u00a0arriver\u00a0dans cette chaufferie CSR c\u2019est ce qui est aujourd\u2019hui grosso modo contenu dans les digestats. Ce n\u2019est pas du plastique ce sont\u00a0des r\u00e9sidus de la fraction organique des ordures m\u00e9nag\u00e8res.\u00a0Ensuite, il y a un certain nombre d\u2019extractions qui existent d\u00e9j\u00e0 sur le site qu\u2019on va renforcer pour aller enlever tout ce qui ne peut pas \u00eatre m\u00e9thanis\u00e9 et compost\u00e9. On va renforcer toute la captation des m\u00e9taux, des plastiques. On fait des investissements importants pour \u00e7a. C\u2019est pour \u00e7a que ce n\u2019est pas un contenu avec une masse de plastique importante. Il y en aura s\u00fbrement un peu, mais \u00e7a n\u2019a rien \u00e0 voir avec des r\u00e9sidus de plastique\u00a0qui seront plut\u00f4t trait\u00e9s dans l\u2019autre flux de CSR destin\u00e9 aux cimenteries.<\/p>\n<p class=\"txt-question\">Et pour le traitement des fum\u00e9es\u00a0?<\/p>\n<p>On met en place les meilleures techniques disponibles qui permettent de capter les polluants qui sortent de la combustion. Sur l\u2019ensemble des seuils r\u00e9glementaires fran\u00e7ais, on est syst\u00e9matiquement en dessous de ces seuils. On peut \u00eatre douze\u00a0fois plus bas que le seuil r\u00e9glementaire pour tout ce qui est dioxines.\u00a0On suit toutes les \u00e9missions en continu\u00a0avec des mesures qui vont \u00eatre faites par un institut\u00a0ind\u00e9pendant, Air-Occitanie. Ce sont des techniques \u00e9prouv\u00e9es sur tous les autres sites qu\u2019on g\u00e8re en France.<\/p>\n<p class=\"txt-question\">Des riverains s\u2019inqui\u00e8tent malgr\u00e9 tout de ces \u00e9manations de fum\u00e9e, d\u2019un \u00ab\u00a0effet cocktail\u00a0\u00bb avec la pollution venant de l\u2019autoroute toute proche\u2026<\/p>\n<p>Une fois que cette chaufferie CSR sera construite, elle va disposer des meilleures techniques disponibles avec des seuils d\u2019\u00e9missions tr\u00e8s bas. Ensuite, oui on est dans un milieu urbain, p\u00e9riurbain. Mais on n\u2019est pas sur une plate-forme chimique ou p\u00e9troli\u00e8re, une zone industrielle. On sera contr\u00f4l\u00e9 par l\u2019\u00c9tat, la Dr\u00e9al. Ce sont des choses qu\u2019on fait \u00e0 la fois en CSR et en incin\u00e9ration sur d\u2019autres sites en France.<\/p>\n<p class=\"txt-question\">N\u2019y a-t-il pas une incoh\u00e9rence \u00e0 construire\u00a0un \u00e9quipement comme celui-l\u00e0 et, parall\u00e8lement conduire une politique \u00ab\u00a0z\u00e9ro d\u00e9chet\u00a0\u00bb\u00a0?<\/p>\n<p>D\u2019abord, c\u2019est le choix de la M\u00e9tropole. Et je pense que c\u2019est un excellent choix quand on regarde la situation actuelle. Aujourd\u2019hui une grande partie de ces d\u00e9chets sont des refus qui finissent en installation de stockage. Ces installations, la M\u00e9tropole ne les ma\u00eetrise pas, donc, du jour au lendemain, les exploitants peuvent lui dire stop. Donc il faut qu\u2019elle se dote de ces outils. Deuxi\u00e8mement, pour les prochaines ann\u00e9es, il est fait mention d\u2019une augmentation tr\u00e8s forte de la TGAP, la taxe pour l\u2019enfouissement des d\u00e9chets. Aujourd\u2019hui, elle est \u00e0 65\u00a0euros la tonne. En 2030, elle sera \u00e0 105\u00a0euros la tonne. Et la troisi\u00e8me logique, c\u2019est qu\u2019aujourd\u2019hui, ces d\u00e9chets existent, se comptent en dizaines de milliers de tonnes. Il faut les traiter. \u00c7a n\u2019emp\u00eache pas qu\u2019il y a toutes les mesures, les d\u00e9marches de la politique z\u00e9ro d\u00e9chet de la M\u00e9tropole, auxquelles nous, en tant qu\u2019exploitants, en tant que titulaires de cette d\u00e9l\u00e9gation, on est \u00e9galement associ\u00e9s. On a des obligations. On a un int\u00e9r\u00eat strictement \u00e9conomique mais on n\u2019est pas du\u00a0tout incit\u00e9 \u00e0 ce que le volume de d\u00e9chets augmente.<\/p>\n","protected":false},"excerpt":{"rendered":"Nicolas Bequaert est le pr\u00e9sident-directeur g\u00e9n\u00e9ral d\u2019Urbaser environnement qui vient d\u2019obtenir la d\u00e9l\u00e9gation de service public de l\u2019usine&hellip;\n","protected":false},"author":2,"featured_media":585147,"comment_status":"","ping_status":"","sticky":false,"template":"","format":"standard","meta":{"footnotes":""},"categories":[9599],"tags":[1111,11,436,1777,674,1011,27,7089,2208,12,2680,25],"class_list":{"0":"post-585146","1":"post","2":"type-post","3":"status-publish","4":"format-standard","5":"has-post-thumbnail","7":"category-montpellier","8":"tag-actu","9":"tag-actualites","10":"tag-environnement","11":"tag-eu","12":"tag-europe","13":"tag-fr","14":"tag-france","15":"tag-herault","16":"tag-montpellier","17":"tag-news","18":"tag-occitanie","19":"tag-republique-francaise"},"share_on_mastodon":{"url":"https:\/\/pubeurope.com\/@fr\/115680844534271251","error":""},"_links":{"self":[{"href":"https:\/\/www.europesays.com\/fr\/wp-json\/wp\/v2\/posts\/585146","targetHints":{"allow":["GET"]}}],"collection":[{"href":"https:\/\/www.europesays.com\/fr\/wp-json\/wp\/v2\/posts"}],"about":[{"href":"https:\/\/www.europesays.com\/fr\/wp-json\/wp\/v2\/types\/post"}],"author":[{"embeddable":true,"href":"https:\/\/www.europesays.com\/fr\/wp-json\/wp\/v2\/users\/2"}],"replies":[{"embeddable":true,"href":"https:\/\/www.europesays.com\/fr\/wp-json\/wp\/v2\/comments?post=585146"}],"version-history":[{"count":0,"href":"https:\/\/www.europesays.com\/fr\/wp-json\/wp\/v2\/posts\/585146\/revisions"}],"wp:featuredmedia":[{"embeddable":true,"href":"https:\/\/www.europesays.com\/fr\/wp-json\/wp\/v2\/media\/585147"}],"wp:attachment":[{"href":"https:\/\/www.europesays.com\/fr\/wp-json\/wp\/v2\/media?parent=585146"}],"wp:term":[{"taxonomy":"category","embeddable":true,"href":"https:\/\/www.europesays.com\/fr\/wp-json\/wp\/v2\/categories?post=585146"},{"taxonomy":"post_tag","embeddable":true,"href":"https:\/\/www.europesays.com\/fr\/wp-json\/wp\/v2\/tags?post=585146"}],"curies":[{"name":"wp","href":"https:\/\/api.w.org\/{rel}","templated":true}]}}