{"id":585148,"date":"2025-12-07T23:19:11","date_gmt":"2025-12-07T23:19:11","guid":{"rendered":"https:\/\/www.europesays.com\/fr\/585148\/"},"modified":"2025-12-07T23:19:11","modified_gmt":"2025-12-07T23:19:11","slug":"toulouse-et-montpellier-soutiennent-issiaga-sylla-apres-le-deces-de-son-epouse","status":"publish","type":"post","link":"https:\/\/www.europesays.com\/fr\/585148\/","title":{"rendered":"Toulouse et Montpellier soutiennent Issiaga Sylla apr\u00e8s le d\u00e9c\u00e8s de son \u00e9pouse"},"content":{"rendered":"<p>Issiaga Sylla traverse une p\u00e9riode extr\u00eamement difficile\u2026 Aujourd\u2019hui joueur d\u2019Asteras Aktor, en premi\u00e8re division grecque, le d\u00e9fenseur guin\u00e9en de 31 ans a r\u00e9cemment appris le d\u00e9c\u00e8s tragique de son \u00e9pouse. Le <a href=\"https:\/\/www.footmercato.net\/club\/tfc\/\" target=\"_blank\" rel=\"noopener\">Toulouse<\/a> FC, club par lequel il est pass\u00e9 \u00e0 deux reprises entre 2016 et 2020 puis 2021 et 2023, a rapidement tenu \u00e0 lui t\u00e9moigner son soutien. \u00ab Le Club adresse son soutien le plus sinc\u00e8re \u00e0 son ancien joueur <a href=\"https:\/\/www.footmercato.net\/joueur\/issiaga-sylla\/\" target=\"_blank\" rel=\"noopener\">Issiaga Sylla<\/a>, touch\u00e9 par la perte tragique de son \u00e9pouse. Nous pensons \u00e0 lui et ses proches dans cette \u00e9preuve \u00bb, peut-on lire sur une publication X du club.<\/p>\n<p>            La suite apr\u00e8s cette publicit\u00e9<\/p>\n<p>\u00c0 noter que son autre ancien club, le MHSC, a \u00e9galement communiqu\u00e9 pour lui apporter son soutien : \u00ab ce soir, nous pensons tr\u00e8s fort \u00e0 Issiaga Sylla qui traverse un drame personnel ainsi qu\u2019\u00e0 sa petite fille et leur famille. Courage Issiaga. \u00bb<\/p>\n<p>\n    Pub. le 07\/12\/2025 20:55<br \/>\n            &#8211; MAJ le 07\/12\/2025 21:59\n    <\/p>\n","protected":false},"excerpt":{"rendered":"Issiaga Sylla traverse une p\u00e9riode extr\u00eamement difficile\u2026 Aujourd\u2019hui joueur d\u2019Asteras Aktor, en premi\u00e8re division grecque, le d\u00e9fenseur guin\u00e9en&hellip;\n","protected":false},"author":2,"featured_media":585149,"comment_status":"","ping_status":"","sticky":false,"template":"","format":"standard","meta":{"footnotes":""},"categories":[9599],"tags":[1111,11,1777,674,1011,27,2208,12,2680,25],"class_list":{"0":"post-585148","1":"post","2":"type-post","3":"status-publish","4":"format-standard","5":"has-post-thumbnail","7":"category-montpellier","8":"tag-actu","9":"tag-actualites","10":"tag-eu","11":"tag-europe","12":"tag-fr","13":"tag-france","14":"tag-montpellier","15":"tag-news","16":"tag-occitanie","17":"tag-republique-francaise"},"share_on_mastodon":{"url":"https:\/\/pubeurope.com\/@fr\/115680848315573290","error":""},"_links":{"self":[{"href":"https:\/\/www.europesays.com\/fr\/wp-json\/wp\/v2\/posts\/585148","targetHints":{"allow":["GET"]}}],"collection":[{"href":"https:\/\/www.europesays.com\/fr\/wp-json\/wp\/v2\/posts"}],"about":[{"href":"https:\/\/www.europesays.com\/fr\/wp-json\/wp\/v2\/types\/post"}],"author":[{"embeddable":true,"href":"https:\/\/www.europesays.com\/fr\/wp-json\/wp\/v2\/users\/2"}],"replies":[{"embeddable":true,"href":"https:\/\/www.europesays.com\/fr\/wp-json\/wp\/v2\/comments?post=585148"}],"version-history":[{"count":0,"href":"https:\/\/www.europesays.com\/fr\/wp-json\/wp\/v2\/posts\/585148\/revisions"}],"wp:featuredmedia":[{"embeddable":true,"href":"https:\/\/www.europesays.com\/fr\/wp-json\/wp\/v2\/media\/585149"}],"wp:attachment":[{"href":"https:\/\/www.europesays.com\/fr\/wp-json\/wp\/v2\/media?parent=585148"}],"wp:term":[{"taxonomy":"category","embeddable":true,"href":"https:\/\/www.europesays.com\/fr\/wp-json\/wp\/v2\/categories?post=585148"},{"taxonomy":"post_tag","embeddable":true,"href":"https:\/\/www.europesays.com\/fr\/wp-json\/wp\/v2\/tags?post=585148"}],"curies":[{"name":"wp","href":"https:\/\/api.w.org\/{rel}","templated":true}]}}