{"id":585152,"date":"2025-12-07T23:24:12","date_gmt":"2025-12-07T23:24:12","guid":{"rendered":"https:\/\/www.europesays.com\/fr\/585152\/"},"modified":"2025-12-07T23:24:12","modified_gmt":"2025-12-07T23:24:12","slug":"deux-hommes-de-18-et-22-ans-tues-a-grenoble-et-echirolles","status":"publish","type":"post","link":"https:\/\/www.europesays.com\/fr\/585152\/","title":{"rendered":"Deux hommes de 18 et 22 ans tu\u00e9s \u00e0 Grenoble et \u00c9chirolles"},"content":{"rendered":"<p>Deux jeunes hommes ont \u00e9t\u00e9 tu\u00e9s \u00e0 Grenoble et \u00c9chirolles (Is\u00e8re) dans la nuit de samedi 6 \u00e0 dimanche 7 d\u00e9cembre. Ils \u00e9taient \u00e2g\u00e9s de 18 et 22 ans.<\/p>\n<p>Deux hommes ont \u00e9t\u00e9 tu\u00e9s \u00e0 Grenoble et \u00c9chirolles en Is\u00e8re dans la nuit de samedi 6 \u00e0 dimanche 7 d\u00e9cembre, a appris BFMTV du parquet de Grenoble.<\/p>\n<p>Le premier, \u00e2g\u00e9 de 22 ans, a \u00e9t\u00e9 bless\u00e9 par arme \u00e0 feu au niveau de l\u2019avenue du 8 mai 1945 \u00e0 \u00c9chirolles (Is\u00e8re). Il a \u00e9t\u00e9 pris en charge par les secours en urgence vitale, mais a succomb\u00e9 \u00e0 ses blessures peu apr\u00e8s son arriv\u00e9e \u00e0 l&rsquo;h\u00f4pital.<\/p>\n<p>Selon les premiers \u00e9l\u00e9ments recueillis, une rixe opposant plusieurs dizaines d\u2019individus a eu lieu devant un \u00e9tablissement de restauration rapide de la m\u00eame rue, un peu plus t\u00f4t dans la soir\u00e9e. La victime, qui quittait les lieux, a \u00e9t\u00e9 la cible de tirs par un individu mont\u00e9 sur un v\u00e9hicule deux-roues.<\/p>\n<p>Pas de lien avec le narcobanditisme<\/p>\n<p>Sur place, les policiers ont appris qu&rsquo;un jeune homme avait \u00e9galement \u00e9t\u00e9 enlev\u00e9 \u00e0 bord d&rsquo;un v\u00e9hicule, apr\u00e8s avoir subi des violences de la part de plusieurs autres personnes, dans le m\u00eame laps de temps et \u00e0 proximit\u00e9 du m\u00eame \u00e9tablissement.<\/p>\n<p>Le corps sans vie de ce jeune homme, \u00e2g\u00e9 de 18 ans, a \u00e9t\u00e9 retrouv\u00e9 dans le parc de la Bruy\u00e8re \u00e0 Grenoble aux alentours de 8h ce dimanche, selon des sources polici\u00e8res \u00e0 BFMTV. Plusieurs plaies occasionn\u00e9es notamment par une arme \u00e0 feu ont \u00e9t\u00e9 constat\u00e9es.<\/p>\n<p>La premi\u00e8re victime \u00e9tait inconnue des services de police et la seconde l&rsquo;\u00e9tait pour des infractions \u00e0 la l\u00e9gislation sur les stup\u00e9fiants.<\/p>\n<p>Les enqu\u00eateurs n\u2019\u00e9tablissent, cependant et pour l\u2019heure, pas de lien avec le narcobanditisme.<\/p>\n<p>Partager <\/p>\n","protected":false},"excerpt":{"rendered":"Deux jeunes hommes ont \u00e9t\u00e9 tu\u00e9s \u00e0 Grenoble et \u00c9chirolles (Is\u00e8re) dans la nuit de samedi 6 \u00e0&hellip;\n","protected":false},"author":2,"featured_media":99992,"comment_status":"","ping_status":"","sticky":false,"template":"","format":"standard","meta":{"footnotes":""},"categories":[9566],"tags":[1111,11,2430,1777,674,1011,27,2731,12,25],"class_list":{"0":"post-585152","1":"post","2":"type-post","3":"status-publish","4":"format-standard","5":"has-post-thumbnail","7":"category-grenoble","8":"tag-actu","9":"tag-actualites","10":"tag-auvergne-rhone-alpes","11":"tag-eu","12":"tag-europe","13":"tag-fr","14":"tag-france","15":"tag-grenoble","16":"tag-news","17":"tag-republique-francaise"},"share_on_mastodon":{"url":"https:\/\/pubeurope.com\/@fr\/115680868109234365","error":""},"_links":{"self":[{"href":"https:\/\/www.europesays.com\/fr\/wp-json\/wp\/v2\/posts\/585152","targetHints":{"allow":["GET"]}}],"collection":[{"href":"https:\/\/www.europesays.com\/fr\/wp-json\/wp\/v2\/posts"}],"about":[{"href":"https:\/\/www.europesays.com\/fr\/wp-json\/wp\/v2\/types\/post"}],"author":[{"embeddable":true,"href":"https:\/\/www.europesays.com\/fr\/wp-json\/wp\/v2\/users\/2"}],"replies":[{"embeddable":true,"href":"https:\/\/www.europesays.com\/fr\/wp-json\/wp\/v2\/comments?post=585152"}],"version-history":[{"count":0,"href":"https:\/\/www.europesays.com\/fr\/wp-json\/wp\/v2\/posts\/585152\/revisions"}],"wp:featuredmedia":[{"embeddable":true,"href":"https:\/\/www.europesays.com\/fr\/wp-json\/wp\/v2\/media\/99992"}],"wp:attachment":[{"href":"https:\/\/www.europesays.com\/fr\/wp-json\/wp\/v2\/media?parent=585152"}],"wp:term":[{"taxonomy":"category","embeddable":true,"href":"https:\/\/www.europesays.com\/fr\/wp-json\/wp\/v2\/categories?post=585152"},{"taxonomy":"post_tag","embeddable":true,"href":"https:\/\/www.europesays.com\/fr\/wp-json\/wp\/v2\/tags?post=585152"}],"curies":[{"name":"wp","href":"https:\/\/api.w.org\/{rel}","templated":true}]}}