{"id":585153,"date":"2025-12-07T23:25:24","date_gmt":"2025-12-07T23:25:24","guid":{"rendered":"https:\/\/www.europesays.com\/fr\/585153\/"},"modified":"2025-12-07T23:25:24","modified_gmt":"2025-12-07T23:25:24","slug":"lancien-humoriste-de-tiktok-est-devenu-un-grand-voyageur","status":"publish","type":"post","link":"https:\/\/www.europesays.com\/fr\/585153\/","title":{"rendered":"l\u2019ancien humoriste de Tiktok est devenu un grand voyageur"},"content":{"rendered":"<p>                    Par<br \/>\n        <strong><br \/>\n            <a href=\"https:\/\/actu.fr\/auteur\/matheo-girard\" title=\"Consulter tous les articles de Matheo Girard\" target=\"_blank\" rel=\"noopener\">Matheo Girard<\/a><br \/>\n                    <\/strong><\/p>\n<p>        Publi\u00e9 le<\/p>\n<p>            7 d\u00e9c. 2025 \u00e0 17h24        <\/p>\n<p>La France de Kylian Mbapp\u00e9 ou l\u2019Argentine de Lionel Messi\u2009? <b>Matias Cordoba<\/b> n\u2019a m\u00eame pas h\u00e9sit\u00e9 une seconde. \u00ab\u2009D\u00e9sol\u00e9 pour les Fran\u00e7ais, mais c\u2019\u00e9tait vraiment un moment incroyable, l\u2019un des plus beaux de toute ma vie. J\u2019avais pris un vol int\u00e9rieur, juste pour aller voir <b>la finale de la Coupe du monde \u00e0 Buenos Aires.<\/b> Il y avait un million de personnes sur place. Les images sur la place de l\u2019Ob\u00e9lisque, j\u2019en ai encore des frissons\u2026\u2009\u00bb<\/p>\n<p class=\" wall-content\">En d\u00e9cembre\u00a02022, alors que <a href=\"https:\/\/actu.fr\/sports\/football\/coupe-du-monde-l-argentine-bat-la-france-et-devient-championne-du-monde_56034392.html\" target=\"_blank\" rel=\"noopener\">les Bleus \u00e9chouent \u00e0 remporter le Mondial pour la deuxi\u00e8me fois d\u2019affil\u00e9e,<\/a> Matias Cordoba d\u00e9barque dans la capitale depuis <b>San Miguel de Tucum\u00e1n,<\/b> dans le nord-ouest du pays.<\/p>\n<p>Irlande, Argentine, Br\u00e9sil, P\u00e9rou, \u00c9quateur\u2026<\/p>\n<p class=\" wall-content\">\u00c9tudiant en troisi\u00e8me ann\u00e9e de licence <b>Langues \u00e9trang\u00e8res appliqu\u00e9es (LEA), parcours commerce international \u00e0 Rennes 2,<\/b> il est alors de retour dans la province o\u00f9 il est n\u00e9, pour la premi\u00e8re fois depuis dix ans.<\/p>\n<p class=\" wall-content\">Il vit \u00e0 l\u2019\u00e9poque sa deuxi\u00e8me exp\u00e9rience universitaire \u00e0 l\u2019\u00e9tranger, un an apr\u00e8s <b>l\u2019Irlande.<\/b><\/p>\n<p class=\" wall-content\">Il conna\u00eetra ensuite, dans la continuit\u00e9 de ses \u00e9tudes, en Master, d\u2019autres exp\u00e9riences <b>au Br\u00e9sil \u00e0 Rio de Janeiro, au P\u00e9rou, puis un stage en \u00c9quateur.<\/b><\/p>\n<p class=\" wall-content\">\u00ab\u2009Ces voyages m\u2019ont permis de me faire beaucoup de connaissances dans chaque pays. \u00c7a m\u2019a ouvert l\u2019esprit, fait d\u00e9couvrir <b>de nouvelles cultures <\/b>et donn\u00e9 beaucoup d\u2019id\u00e9es. Et j\u2019ai appris l\u2019anglais et le portugais, en plus du fran\u00e7ais et de l\u2019espagnol.\u2009\u00bb Il vient tout juste de rentrer \u00e0 <b>Vitr\u00e9.<\/b><\/p>\n<p>\u00ab\u2009L\u2019int\u00e9gration en France a \u00e9t\u00e9 dure\u2009\u00bb<\/p>\n<p class=\" wall-content\">N\u00e9 en Argentine, Matias Cordoba a pass\u00e9 une bonne partie de sa jeunesse en Espagne, \u00e0 <b>Almeria<\/b>, avant de d\u00e9barquer dans la cit\u00e9 des Portes de Bretagne avec ses parents et ses deux fr\u00e8res pour int\u00e9grer <b>le lyc\u00e9e Bertrand d\u2019Argentr\u00e9.<\/b><\/p>\n<p>Votre r\u00e9gion, votre actu !<\/p>\n<p>Recevez chaque jour les infos qui comptent pour vous.<\/p>\n<p>\t<a href=\"https:\/\/actu.fr\/newsletter\" class=\"ac-btn ac-btn--corner ac-btn--medium ac-btn--blue800\" target=\"_blank\" rel=\"noopener\">S&rsquo;incrire<\/a><\/p>\n<p class=\" wall-content\">\u00ab\u2009Quand je suis arriv\u00e9, la seule chose que je voulais faire, c\u2019\u00e9tait partir, parce que <b>l\u2019int\u00e9gration a \u00e9t\u00e9 dure. <\/b>Je ne parlais pas la langue, et les gens avaient d\u00e9j\u00e0 leurs groupes d\u2019amis. Je n\u2019avais rien d\u2019autre \u00e0 faire que r\u00e9viser mon fran\u00e7ais. J\u2019ai aussi travaill\u00e9 <a href=\"https:\/\/actu.fr\/bretagne\/vitre_35360\/un-restaurant-relais-dalsace-va-ouvrir-centre-ville-vitre_9718094.html\" target=\"_blank\" rel=\"noopener\">aux Relais d\u2019Alsace<\/a>\u2009\u00bb, se souvient le jeune homme de <b>24\u00a0ans<\/b>.<\/p>\n<p>    <img   decoding=\"async\" loading=\"lazy\" class=\"size-large\" src=\"https:\/\/www.europesays.com\/fr\/wp-content\/uploads\/2025\/12\/aa4db4b1a9296535db4b1a929458dbv-960x640.jpg\" alt=\"N\u00e9 en Argentine, Matias Cordoba a grandi en Espagne avant d'arriver \u00e0 Vitr\u00e9 (Ille-et-Vilaine).\" width=\"960\" height=\"640\"\/><br \/>\n    N\u00e9 en Argentine, Matias Cordoba a grandi en Espagne avant d\u2019arriver \u00e0 Vitr\u00e9 (Ille-et-Vilaine). \u00a9Math\u00e9o Girard<\/p>\n<p class=\" wall-content\">Gr\u00e2ce \u00e0 des cours de fran\u00e7ais en tant que langue d\u2019apprentissage (dits FLE), il trouve peu \u00e0 peu sa place \u00e0 Vitr\u00e9. Et se d\u00e9cide \u00e0 poursuivre des \u00e9tudes sup\u00e9rieures \u00e0 Rennes.<\/p>\n<p class=\" wall-content\">C\u2019est aussi \u00e0 peu pr\u00e8s \u00e0 cette p\u00e9riode qu\u2019il se lance sur les r\u00e9seaux sociaux, en publiant <b>de petits sketchs humoristiques.<\/b><\/p>\n<p class=\" wall-content\">Ses vid\u00e9os s\u00e9duisent\u2009: il atteint jusqu\u2019\u00e0 <b>500\u2009000 abonn\u00e9s sur Tiktok<\/b>, et gagne m\u00eame un peu d\u2019argent gr\u00e2ce \u00e0 son audience. Elles ont depuis \u00e9t\u00e9 archiv\u00e9es.<\/p>\n<p class=\" wall-content\">\u00ab\u2009J\u2019avais un humour un peu gamin, et je ne voulais pas qu\u2019on lie mon image \u00e0 \u00e7a. En grandissant, ma mentalit\u00e9 a chang\u00e9. Je profite de mes exp\u00e9riences \u00e0 l\u2019international pour faire des vid\u00e9os l\u00e0-dessus pour accompagner les gens et <b>les inciter \u00e0 faire comme moi<\/b>\u2009\u00bb, sourit Matias Cordoba.<\/p>\n<p class=\" wall-content\">\u00ab\u2009Mati Voyages\u2009\u00bb, moins actif qu\u2019\u00e0 une \u00e9poque, f\u00e9d\u00e8re d\u00e9sormais 107\u2009000 abonn\u00e9s sur Instagram.<\/p>\n<p>\u00ab\u2009Rio, c\u2019est un autre monde\u2009\u00bb<\/p>\n<p class=\" wall-content\">Matias Cordoba, qui ne b\u00e9n\u00e9ficie pas encore de la nationalit\u00e9 fran\u00e7aise, a aussi pris la parole lors du <b>forum <a href=\"https:\/\/actu.fr\/bretagne\/vitre_35360\/vitre-un-forum-sur-le-theme-du-voyage-a-letranger-organise-ce-week-end_63434429.html\" target=\"_blank\" rel=\"noopener\">Partir \u00e0 l\u2019\u00e9tranger,<\/a><\/b> organis\u00e9 par Vitr\u00e9 communaut\u00e9 le 15\u00a0novembre.<\/p>\n<p>Ses conseils pour les jeunes avant un voyage \u00e0 l&rsquo;\u00e9tranger<\/p>\n<p>\u00ab\u2009Il ne faut vraiment pas avoir peur de la barri\u00e8re de la langue. Sur place, il y a des dispositifs pour apprendre la langue aux \u00e9tudiants internationaux. Ce n\u2019est pas du tout bloquant. Il faut aussi avoir un peu d\u2019argent de c\u00f4t\u00e9, et peut-\u00eatre travailler en amont, pour pouvoir \u00eatre libre une fois sur place. Sur place, c\u2019est dommage de se priver de belles exp\u00e9riences. Il ne faut pas non plus se bloquer pour une personne, parce que tu as un copain ou une copine, sur place. On ne sait jamais ce qu\u2019il peut se passer \u00e0 l\u2019avenir.\u2009\u00bb<\/p>\n<p class=\" wall-content\">Sa plus belle exp\u00e9rience\u2009? \u00ab\u2009<b>Le Br\u00e9sil<\/b>, en tant qu\u2019Argentin, a toujours \u00e9t\u00e9 un pays ennemi, m\u00eame pour le foot. Mais vraiment, quand je suis arriv\u00e9, c\u2019\u00e9tait totalement diff\u00e9rent. <b>Rio, c\u2019est un autre monde.<\/b> C\u2019est festif, les gens sont toujours heureux, alors que la pauvret\u00e9 l\u00e0-bas est tr\u00e8s \u00e9lev\u00e9e. C\u2019\u00e9tait incroyable\u2009!\u2009\u00bb<\/p>\n<p class=\" wall-content\">Le jeune Hispano-Argentin prendra bient\u00f4t la direction de Lille, dans le cadre d\u2019un stage de six mois \u00e0 <b>Business France<\/b>, o\u00f9 l\u2019attendent des t\u00e2ches en vue de d\u00e9velopper des entreprises fran\u00e7aises \u00e0 l\u2019international.<\/p>\n<p class=\" wall-content\">\u00ab\u2009Je dois une grande partie de ce que j\u2019ai aujourd\u2019hui \u00e0 des sacrifices personnels et \u00e0 la France, et <b>au syst\u00e8me fran\u00e7ais<\/b>. Je veux pouvoir lui rendre, \u00e0 mon \u00e9chelle\u2009\u00bb, se projette-t-il.<\/p>\n<p class=\" wall-content\">Apr\u00e8s des d\u00e9buts difficiles, le voil\u00e0 r\u00e9concili\u00e9 avec l\u2019Hexagone, m\u00eame si une nouvelle exp\u00e9rience en Am\u00e9rique latine pourrait l\u2019int\u00e9resser \u00e0 l\u2019avenir. Au Chili, ou en Colombie\u2009?<\/p>\n<p class=\" wall-content\">Personnalisez votre actualit\u00e9 en ajoutant vos villes et m\u00e9dias en favori avec <a href=\"https:\/\/moncompte.actu.fr\" title=\"D\u00e9couvez Mon Actu\" rel=\"nofollow noopener\" data-trk=\"{&quot;cta&quot;:{&quot;action&quot;:&quot;https:\\\/\\\/moncompte.actu.fr&quot;,&quot;category&quot;:&quot;mon compte&quot;,&quot;from&quot;:&quot;article footer&quot;,&quot;name&quot;:&quot;Mon actu&quot;,&quot;type&quot;:&quot;cta&quot;}}\" target=\"_blank\">Mon Actu<\/a>.<\/p>\n","protected":false},"excerpt":{"rendered":"Par Matheo Girard Publi\u00e9 le 7 d\u00e9c. 2025 \u00e0 17h24 La France de Kylian Mbapp\u00e9 ou l\u2019Argentine de&hellip;\n","protected":false},"author":2,"featured_media":585154,"comment_status":"","ping_status":"","sticky":false,"template":"","format":"standard","meta":{"footnotes":""},"categories":[2821],"tags":[1111,11,829,1777,674,1011,27,12,584,25,104,586],"class_list":{"0":"post-585153","1":"post","2":"type-post","3":"status-publish","4":"format-standard","5":"has-post-thumbnail","7":"category-rennes","8":"tag-actu","9":"tag-actualites","10":"tag-bretagne","11":"tag-eu","12":"tag-europe","13":"tag-fr","14":"tag-france","15":"tag-news","16":"tag-rennes","17":"tag-republique-francaise","18":"tag-societe","19":"tag-voyage"},"share_on_mastodon":{"url":"https:\/\/pubeurope.com\/@fr\/115680872629719979","error":""},"_links":{"self":[{"href":"https:\/\/www.europesays.com\/fr\/wp-json\/wp\/v2\/posts\/585153","targetHints":{"allow":["GET"]}}],"collection":[{"href":"https:\/\/www.europesays.com\/fr\/wp-json\/wp\/v2\/posts"}],"about":[{"href":"https:\/\/www.europesays.com\/fr\/wp-json\/wp\/v2\/types\/post"}],"author":[{"embeddable":true,"href":"https:\/\/www.europesays.com\/fr\/wp-json\/wp\/v2\/users\/2"}],"replies":[{"embeddable":true,"href":"https:\/\/www.europesays.com\/fr\/wp-json\/wp\/v2\/comments?post=585153"}],"version-history":[{"count":0,"href":"https:\/\/www.europesays.com\/fr\/wp-json\/wp\/v2\/posts\/585153\/revisions"}],"wp:featuredmedia":[{"embeddable":true,"href":"https:\/\/www.europesays.com\/fr\/wp-json\/wp\/v2\/media\/585154"}],"wp:attachment":[{"href":"https:\/\/www.europesays.com\/fr\/wp-json\/wp\/v2\/media?parent=585153"}],"wp:term":[{"taxonomy":"category","embeddable":true,"href":"https:\/\/www.europesays.com\/fr\/wp-json\/wp\/v2\/categories?post=585153"},{"taxonomy":"post_tag","embeddable":true,"href":"https:\/\/www.europesays.com\/fr\/wp-json\/wp\/v2\/tags?post=585153"}],"curies":[{"name":"wp","href":"https:\/\/api.w.org\/{rel}","templated":true}]}}