{"id":58516,"date":"2025-04-28T05:44:21","date_gmt":"2025-04-28T05:44:21","guid":{"rendered":"https:\/\/www.europesays.com\/fr\/58516\/"},"modified":"2025-04-28T05:44:21","modified_gmt":"2025-04-28T05:44:21","slug":"grenoble-quatrieme-blesse-par-balles-en-un-week-end-27-04-2025-a-0937","status":"publish","type":"post","link":"https:\/\/www.europesays.com\/fr\/58516\/","title":{"rendered":"Grenoble : quatri\u00e8me bless\u00e9 par balles en un week-end &#8211; 27\/04\/2025 \u00e0 09:37"},"content":{"rendered":"<p>        <img fetchpriority=\"high\" decoding=\"async\" src=\"https:\/\/www.europesays.com\/fr\/wp-content\/uploads\/2025\/04\/b04708c9e244920d0c72d11821de40fd-760x507.jpg\" alt=\"Un homme a \u00e9t\u00e9 gri\u00e8vement bless\u00e9 par balles dans la banlieue sud de Grenoble, portant \u00e0 quatre en un week-end le nombre de bless\u00e9s par armes \u00e0 feu dans l'agglom\u00e9ration ( AFP \/ DENIS CHARLET )\" loading=\"eager\" width=\"760\" height=\"507\" style=\"max-width: 100%!important; height: auto;\"\/><\/p>\n<p class=\"c-image-news__legend\">Un homme a \u00e9t\u00e9 gri\u00e8vement bless\u00e9 par balles dans la banlieue sud de Grenoble, portant \u00e0 quatre en un week-end le nombre de bless\u00e9s par armes \u00e0 feu dans l&rsquo;agglom\u00e9ration ( AFP \/ DENIS CHARLET )<\/p>\n<p>\n Un homme a \u00e9t\u00e9 gri\u00e8vement bless\u00e9 par balles dans la nuit de samedi \u00e0 dimanche dans la banlieue sud de Grenoble, portant \u00e0 quatre en un week-end le nombre de bless\u00e9s par armes \u00e0 feu dans l&rsquo;agglom\u00e9ration, a-t-on appris de sources concordantes.\n<\/p>\n<p>\n L&rsquo;homme, d&rsquo;une vingtaine d&rsquo;ann\u00e9es selon les pompiers, a \u00e9t\u00e9 bless\u00e9 vers 00H30 et son pronostic vital est engag\u00e9, a pr\u00e9cis\u00e9 une source polici\u00e8re.\n<\/p>\n<p>\n Touch\u00e9e au niveau du cours Jean Jaur\u00e8s, \u00e0 Echirolles, au sud de Grenoble, \u00ab\u00a0dans des circonstances qui restent \u00e0 d\u00e9terminer\u00a0\u00bb, la victime a \u00e9t\u00e9 d\u00e9pos\u00e9e par des amis devant une clinique m\u00e9dicale avant d&rsquo;\u00eatre prise en charge par les pompiers \u00e0 00h38, ont indiqu\u00e9 ces derniers \u00e0 l&rsquo;AFP.\n<\/p>\n<p>\n Il a \u00e9t\u00e9 transport\u00e9 en urgence absolue au service de d\u00e9chocage au CHU de Grenoble.\n<\/p>\n<p>\n Une enqu\u00eate a \u00e9t\u00e9 ouverte, a indiqu\u00e9 le procureur de Grenoble, qui \u00ab\u00a0n&rsquo;a pas d&rsquo;\u00e9l\u00e9ments pr\u00e9cis quant \u00e0 son \u00e9tat de sant\u00e9\u00a0\u00bb \u00e0 l&rsquo;heure actuelle.\n<\/p>\n<p>\n Il s&rsquo;agit du quatri\u00e8me bless\u00e9 par balles ce week-end dans l&rsquo;agglom\u00e9ration grenobloise.\n<\/p>\n<p>\n Un homme de 19 ans est dans un \u00e9tat critique apr\u00e8s avoir \u00e9t\u00e9 bless\u00e9 par balles dans la nuit de vendredi \u00e0 samedi dans le sud-est de Grenoble, et deux autres hommes ont \u00e9galement \u00e9t\u00e9 bless\u00e9s par balles \u00e0 Saint-Martin d&rsquo;H\u00e8res, dans la banlieue sud-est de Grenoble. Leur pronostic vital n&rsquo;est pas engag\u00e9.\n<\/p>\n<p>\n Ces deux tentatives d&rsquo;homicide distinctes \u00ab\u00a0ont un lien avec les stup\u00e9fiants\u00a0\u00bb, a indiqu\u00e9 une source polici\u00e8re \u00e0 l&rsquo;AFP, pr\u00e9cisant que des enqu\u00eates ont \u00e9t\u00e9 ouvertes sans pouvoir confirmer pour l&rsquo;heure si les deux affaires sont li\u00e9es.\n<\/p>\n<p>\n La ville de Grenoble et sa banlieue connaissent r\u00e9guli\u00e8rement des \u00e9pisodes de violences par arme \u00e0 feu en lien avec le trafic de drogue, les autorit\u00e9s n&rsquo;h\u00e9sitant plus \u00e0 parler de \u00ab\u00a0guerre des gangs\u00a0\u00bb.<\/p>\n","protected":false},"excerpt":{"rendered":"Un homme a \u00e9t\u00e9 gri\u00e8vement bless\u00e9 par balles dans la banlieue sud de Grenoble, portant \u00e0 quatre en&hellip;\n","protected":false},"author":2,"featured_media":58517,"comment_status":"","ping_status":"","sticky":false,"template":"","format":"standard","meta":{"footnotes":""},"categories":[9566],"tags":[400,1111,11,2430,398,408,405,1777,674,1011,27,2731,403,402,399,404,12,25,401,406,407],"class_list":{"0":"post-58516","1":"post","2":"type-post","3":"status-publish","4":"format-standard","5":"has-post-thumbnail","7":"category-grenoble","8":"tag-action-cac-40","9":"tag-actu","10":"tag-actualites","11":"tag-auvergne-rhone-alpes","12":"tag-bourse-de-paris","13":"tag-boursorama","14":"tag-cotations","15":"tag-eu","16":"tag-europe","17":"tag-fr","18":"tag-france","19":"tag-grenoble","20":"tag-indices-devises","21":"tag-investir","22":"tag-investissement","23":"tag-marche-boursier","24":"tag-news","25":"tag-republique-francaise","26":"tag-sicav","27":"tag-trackers","28":"tag-warrants"},"share_on_mastodon":{"url":"https:\/\/pubeurope.com\/@fr\/114414004782279117","error":""},"_links":{"self":[{"href":"https:\/\/www.europesays.com\/fr\/wp-json\/wp\/v2\/posts\/58516","targetHints":{"allow":["GET"]}}],"collection":[{"href":"https:\/\/www.europesays.com\/fr\/wp-json\/wp\/v2\/posts"}],"about":[{"href":"https:\/\/www.europesays.com\/fr\/wp-json\/wp\/v2\/types\/post"}],"author":[{"embeddable":true,"href":"https:\/\/www.europesays.com\/fr\/wp-json\/wp\/v2\/users\/2"}],"replies":[{"embeddable":true,"href":"https:\/\/www.europesays.com\/fr\/wp-json\/wp\/v2\/comments?post=58516"}],"version-history":[{"count":0,"href":"https:\/\/www.europesays.com\/fr\/wp-json\/wp\/v2\/posts\/58516\/revisions"}],"wp:featuredmedia":[{"embeddable":true,"href":"https:\/\/www.europesays.com\/fr\/wp-json\/wp\/v2\/media\/58517"}],"wp:attachment":[{"href":"https:\/\/www.europesays.com\/fr\/wp-json\/wp\/v2\/media?parent=58516"}],"wp:term":[{"taxonomy":"category","embeddable":true,"href":"https:\/\/www.europesays.com\/fr\/wp-json\/wp\/v2\/categories?post=58516"},{"taxonomy":"post_tag","embeddable":true,"href":"https:\/\/www.europesays.com\/fr\/wp-json\/wp\/v2\/tags?post=58516"}],"curies":[{"name":"wp","href":"https:\/\/api.w.org\/{rel}","templated":true}]}}