{"id":585173,"date":"2025-12-07T23:36:15","date_gmt":"2025-12-07T23:36:15","guid":{"rendered":"https:\/\/www.europesays.com\/fr\/585173\/"},"modified":"2025-12-07T23:36:15","modified_gmt":"2025-12-07T23:36:15","slug":"un-sexagenaire-tente-de-mettre-le-feu-a-son-domicile-apres-le-deces-de-sa-mere","status":"publish","type":"post","link":"https:\/\/www.europesays.com\/fr\/585173\/","title":{"rendered":"un sexag\u00e9naire tente de mettre le feu \u00e0 son domicile apr\u00e8s le d\u00e9c\u00e8s de sa m\u00e8re"},"content":{"rendered":"<p>                    Par<br \/>\n        <strong><br \/>\n            <a href=\"https:\/\/actu.fr\/auteur\/lea-afonso\" title=\"Consulter tous les articles de L\u00e9a Afonso\" target=\"_blank\" rel=\"noopener\">L\u00e9a Afonso<\/a><br \/>\n                    <\/strong><\/p>\n<p>        Publi\u00e9 le<\/p>\n<p>            7 d\u00e9c. 2025 \u00e0 18h24        <\/p>\n<p>Un homme de 63 ans, domicili\u00e9 \u00e0 <a href=\"https:\/\/actu.fr\/occitanie\/muret_31395\" target=\"_blank\" rel=\"noopener\">Muret<\/a>, au sud de <a href=\"https:\/\/actu.fr\/toulouse\/\" target=\"_blank\" rel=\"noopener\">Toulouse<\/a>, a tent\u00e9 de <strong>mettre le feu \u00e0 son logement<\/strong> samedi 6 d\u00e9cembre 2025 en d\u00e9but de soir\u00e9e. Les secours et la gendarmerie sont rapidement intervenus.<\/p>\n<p>Une importante fum\u00e9e signal\u00e9e<\/p>\n<p class=\" wall-content\">Il est environ 19h30 lorsque les gendarmes sont alert\u00e9s. \u00c0 leur arriv\u00e9e, <strong>d\u2019\u00e9paisses fum\u00e9es se d\u00e9gagent de l\u2019appartement. <\/strong>\u00ab Il y avait beaucoup de fum\u00e9e mais pas de flammes \u00bb, indiquent les militaires.<\/p>\n<p class=\" wall-content\">Par mesure de s\u00e9curit\u00e9, une <strong>dizaine de r\u00e9sidents<\/strong> vivant dans le m\u00eame immeuble ont \u00e9t\u00e9 <strong>\u00e9vacu\u00e9s<\/strong> le temps de l\u2019intervention des pompiers.<\/p>\n<p>Un homme fragilis\u00e9 et sans traitement<\/p>\n<p class=\" wall-content\">Selon les gendarmes, le <strong>sexag\u00e9naire<\/strong>, r\u00e9cemment endeuill\u00e9 par le d\u00e9c\u00e8s de sa m\u00e8re, avait interrompu le<strong> traitement li\u00e9 \u00e0 ses troubles psychiatriques. <\/strong>\u00ab L\u2019arr\u00eat de son traitement pour schizophr\u00e9nie, combin\u00e9 au choc \u00e9motionnel, a probablement d\u00e9clench\u00e9 un \u00e9pisode de crise \u00bb, expliquent-ils.<\/p>\n<p class=\" wall-content\">L\u2019homme a \u00e9t\u00e9 pris en charge et transf\u00e9r\u00e9 dans un service psychiatrique pour y recevoir les soins n\u00e9cessaires.<\/p>\n<p>Vid\u00e9os : en ce moment sur Actu<\/p>\n<p class=\" wall-content\">Personnalisez votre actualit\u00e9 en ajoutant vos villes et m\u00e9dias en favori avec <a href=\"https:\/\/moncompte.actu.fr\" title=\"D\u00e9couvez Mon Actu\" rel=\"nofollow noopener\" data-trk=\"{&quot;cta&quot;:{&quot;action&quot;:&quot;https:\\\/\\\/moncompte.actu.fr&quot;,&quot;category&quot;:&quot;mon compte&quot;,&quot;from&quot;:&quot;article footer&quot;,&quot;name&quot;:&quot;Mon actu&quot;,&quot;type&quot;:&quot;cta&quot;}}\" target=\"_blank\">Mon Actu<\/a>.<\/p>\n","protected":false},"excerpt":{"rendered":"Par L\u00e9a Afonso Publi\u00e9 le 7 d\u00e9c. 2025 \u00e0 18h24 Un homme de 63 ans, domicili\u00e9 \u00e0 Muret,&hellip;\n","protected":false},"author":2,"featured_media":585174,"comment_status":"","ping_status":"","sticky":false,"template":"","format":"standard","meta":{"footnotes":""},"categories":[2816],"tags":[1111,11,1777,674,118,1011,27,3381,1310,12,2680,25,2312],"class_list":{"0":"post-585173","1":"post","2":"type-post","3":"status-publish","4":"format-standard","5":"has-post-thumbnail","7":"category-toulouse","8":"tag-actu","9":"tag-actualites","10":"tag-eu","11":"tag-europe","12":"tag-faits-divers","13":"tag-fr","14":"tag-france","15":"tag-gendarmerie","16":"tag-incendie","17":"tag-news","18":"tag-occitanie","19":"tag-republique-francaise","20":"tag-toulouse"},"share_on_mastodon":{"url":"https:\/\/pubeurope.com\/@fr\/115680915199410775","error":""},"_links":{"self":[{"href":"https:\/\/www.europesays.com\/fr\/wp-json\/wp\/v2\/posts\/585173","targetHints":{"allow":["GET"]}}],"collection":[{"href":"https:\/\/www.europesays.com\/fr\/wp-json\/wp\/v2\/posts"}],"about":[{"href":"https:\/\/www.europesays.com\/fr\/wp-json\/wp\/v2\/types\/post"}],"author":[{"embeddable":true,"href":"https:\/\/www.europesays.com\/fr\/wp-json\/wp\/v2\/users\/2"}],"replies":[{"embeddable":true,"href":"https:\/\/www.europesays.com\/fr\/wp-json\/wp\/v2\/comments?post=585173"}],"version-history":[{"count":0,"href":"https:\/\/www.europesays.com\/fr\/wp-json\/wp\/v2\/posts\/585173\/revisions"}],"wp:featuredmedia":[{"embeddable":true,"href":"https:\/\/www.europesays.com\/fr\/wp-json\/wp\/v2\/media\/585174"}],"wp:attachment":[{"href":"https:\/\/www.europesays.com\/fr\/wp-json\/wp\/v2\/media?parent=585173"}],"wp:term":[{"taxonomy":"category","embeddable":true,"href":"https:\/\/www.europesays.com\/fr\/wp-json\/wp\/v2\/categories?post=585173"},{"taxonomy":"post_tag","embeddable":true,"href":"https:\/\/www.europesays.com\/fr\/wp-json\/wp\/v2\/tags?post=585173"}],"curies":[{"name":"wp","href":"https:\/\/api.w.org\/{rel}","templated":true}]}}