{"id":585175,"date":"2025-12-07T23:37:14","date_gmt":"2025-12-07T23:37:14","guid":{"rendered":"https:\/\/www.europesays.com\/fr\/585175\/"},"modified":"2025-12-07T23:37:14","modified_gmt":"2025-12-07T23:37:14","slug":"fenix-toulouse-on-na-pas-su-trouver-les-armes-la-deception-des-toulousains-apres-la-defaite-dans-le-derby","status":"publish","type":"post","link":"https:\/\/www.europesays.com\/fr\/585175\/","title":{"rendered":"Fenix Toulouse\u00a0: \u00ab\u00a0On n\u2019a pas su trouver les armes\u00a0\u00bb, la d\u00e9ception des Toulousains apr\u00e8s la d\u00e9faite dans le derby"},"content":{"rendered":"<p>\n                                                                    l&rsquo;essentiel<br \/>\n                                                                Les joueurs du secteur central toulousain ont beaucoup souffert, ce dimanche, face \u00e0 la puissance physique montpelli\u00e9raine qui a mis rapidement les Toulousains dans les cordes. \u00c0 l\u2019arriv\u00e9e, un succ\u00e8s du MHB (26-33) qui ne souffre aucune contestation.\n                            <\/p>\n<p>La t\u00eate basse et les corps meurtris. C\u2019est avec des stigmates sur le corps que les Toulousains ont achev\u00e9 la rencontre face \u00e0 Montpellier, hier soir, au Palais des sports. \u00ab\u00a0Franchement, on ne s\u2019attendait pas \u00e0 \u00e7a\u00a0\u00bb, nous a avou\u00e9 Hugo Jund, un de ceux qui se sont r\u00e9guli\u00e8rement retrouv\u00e9s au c\u0153ur du jeu et, plus douloureux pour lui, au c\u0153ur de la machine \u00e0 laver h\u00e9raultaise compos\u00e9e de l\u2019ancien capitaine des Bleus Valentin Porte (3\/4 et 10 passes) et du duo br\u00e9silien Montes (1m92, 93\u00a0kg)-Moraes (2m 04, 129\u00a0kg\u2005et un 7\/8 aux tirs\u00a0!).<br \/>\u00ab\u00a0On a beaucoup souffert autour du pivot, ils sont grands et costauds et ont tr\u00e8s bien utilis\u00e9 cet avantage. On l\u2019avait vu \u00e0 la vid\u00e9o mais on n\u2019a pas r\u00e9ussi \u00e0 les contrer\u00a0\u00bb, a reconnu Danijel Andjelkovic \u00e0 l\u2019issue d\u2019une rencontre qui avait d\u00e9j\u00e0 perdu toute sa saveur \u00e0 la pause (11-21). Lequel a eu l\u2019\u00e9l\u00e9gance de ne pas mentionner l\u2019absence de son d\u00e9fenseur prioritaire Bakary Diallo, un pion pourtant essentiel de son dispositif. \u00ab\u00a0On avait travaill\u00e9 toute la semaine dessus\u00a0: on savait qu\u2019il fallait \u00eatre solide dans ce secteur central mais je peux vous dire que jouer contre eux pendant une heure c\u2019est vraiment compliqu\u00e9\u00a0\u00bb, a \u00e9galement admis le pivot J\u00e9r\u00e9my Robert. \u00ab\u00a0On n\u2019a pas su trouver les armes et ce moins\u00a010 \u00e0 la pause il fait vraiment mal \u00e0 la t\u00eate\u00a0\u00bb, a rajout\u00e9 le R\u00e9unionnais.<\/p>\n<p>\u00ab\u00a0Nous n\u2019avons pas r\u00e9pondu pr\u00e9sent\u00a0\u00bb<\/p>\n<p>Un sentiment d\u2019impuissance partag\u00e9 par son comp\u00e8re Hugo Jund\u00a0: \u00ab\u00a0On a \u00e9t\u00e9 en dessous physiquement en premi\u00e8re mi-temps et Montpellier en a profit\u00e9 pour d\u00e9rouler. On n\u2019a pas \u00e9t\u00e9 assez solide face \u00e0 leur trio. C\u2019est tr\u00e8s frustrant car nous n\u2019avons pas r\u00e9pondu pr\u00e9sent\u00a0\u00bb.<br \/>\u00ab\u00a0C\u2019est dommage de l\u00e2cher comme \u00e7a (6-8 12e \u00e0 10-17 25e, NDLR). Ces temps faibles nous sont arriv\u00e9s d\u00e9j\u00e0 plusieurs fois en d\u00e9but de saison et contre une \u00e9quipe comme Montpellier, qui a de grosses ambitions, ce n\u2019est plus possible de revenir apr\u00e8s\u00a0\u00bb, a en outre regrett\u00e9 l\u2019entra\u00eeneur toulousain sans oublier toutefois de \u00ab\u00a0f\u00e9liciter\u00a0\u00bb son adversaire pour sa prestation.\u00a0\u00bb<br \/>Puisqu\u2019il faut bien passer \u00e0 autre chose, le Serbe a quand m\u00eame tenu \u00e0 conclure sur cette deuxi\u00e8me mi-temps \u00ab\u00a0plus aboutie\u00a0\u00bb afin de \u00ab\u00a0s\u2019en servir\u00a0\u00bb lors des trois derniers matchs de la saison, \u00e0 Chamb\u00e9ry, mercredi en Coupe de France, \u00e0 Dijon trois jours plus tard et enfin ici m\u00eame face \u00e0 N\u00eemes le 20\u00a0d\u00e9cembre (20\u00a0heures). Et puis ses ouailles ne croiseront pas tous les week-ends des \u00ab\u00a0golgoths\u00a0\u00bb comme hier soir.<\/p>\n","protected":false},"excerpt":{"rendered":"l&rsquo;essentiel Les joueurs du secteur central toulousain ont beaucoup souffert, ce dimanche, face \u00e0 la puissance physique montpelli\u00e9raine&hellip;\n","protected":false},"author":2,"featured_media":585176,"comment_status":"","ping_status":"","sticky":false,"template":"","format":"standard","meta":{"footnotes":""},"categories":[2816],"tags":[1111,11,1777,674,25269,1011,27,1792,2722,12,2680,25,517,2312],"class_list":{"0":"post-585175","1":"post","2":"type-post","3":"status-publish","4":"format-standard","5":"has-post-thumbnail","7":"category-toulouse","8":"tag-actu","9":"tag-actualites","10":"tag-eu","11":"tag-europe","12":"tag-fenix-toulouse-handball","13":"tag-fr","14":"tag-france","15":"tag-handball","16":"tag-haute-garonne","17":"tag-news","18":"tag-occitanie","19":"tag-republique-francaise","20":"tag-sport","21":"tag-toulouse"},"share_on_mastodon":{"url":"https:\/\/pubeurope.com\/@fr\/115680919121366783","error":""},"_links":{"self":[{"href":"https:\/\/www.europesays.com\/fr\/wp-json\/wp\/v2\/posts\/585175","targetHints":{"allow":["GET"]}}],"collection":[{"href":"https:\/\/www.europesays.com\/fr\/wp-json\/wp\/v2\/posts"}],"about":[{"href":"https:\/\/www.europesays.com\/fr\/wp-json\/wp\/v2\/types\/post"}],"author":[{"embeddable":true,"href":"https:\/\/www.europesays.com\/fr\/wp-json\/wp\/v2\/users\/2"}],"replies":[{"embeddable":true,"href":"https:\/\/www.europesays.com\/fr\/wp-json\/wp\/v2\/comments?post=585175"}],"version-history":[{"count":0,"href":"https:\/\/www.europesays.com\/fr\/wp-json\/wp\/v2\/posts\/585175\/revisions"}],"wp:featuredmedia":[{"embeddable":true,"href":"https:\/\/www.europesays.com\/fr\/wp-json\/wp\/v2\/media\/585176"}],"wp:attachment":[{"href":"https:\/\/www.europesays.com\/fr\/wp-json\/wp\/v2\/media?parent=585175"}],"wp:term":[{"taxonomy":"category","embeddable":true,"href":"https:\/\/www.europesays.com\/fr\/wp-json\/wp\/v2\/categories?post=585175"},{"taxonomy":"post_tag","embeddable":true,"href":"https:\/\/www.europesays.com\/fr\/wp-json\/wp\/v2\/tags?post=585175"}],"curies":[{"name":"wp","href":"https:\/\/api.w.org\/{rel}","templated":true}]}}