{"id":585179,"date":"2025-12-07T23:40:13","date_gmt":"2025-12-07T23:40:13","guid":{"rendered":"https:\/\/www.europesays.com\/fr\/585179\/"},"modified":"2025-12-07T23:40:13","modified_gmt":"2025-12-07T23:40:13","slug":"les-accates-par-ceux-qui-y-vivent-et-travaillent","status":"publish","type":"post","link":"https:\/\/www.europesays.com\/fr\/585179\/","title":{"rendered":"les Accates par ceux qui y vivent et travaillent"},"content":{"rendered":"<p>\u00ab\u00a0Les gens se battent pour vivre ici\u00a0\u00bb<\/p>\n<p>\u00ab\u00a0Le matin, au r\u00e9veil, je prends mon caf\u00e9 en regardant la Sainte-Beaume, le Garlaban et l&rsquo;\u00c9toile. Je n&rsquo;ai pas \u00e0 me plaindre.\u00a0\u00bb C&rsquo;est pour suivre sa femme il y a 13\u00a0ans que Philippe Duffay, 46 printemps et originaire d&rsquo;Auriol, s&rsquo;est install\u00e9 <a href=\"https:\/\/www.laprovence.com\/article\/region\/270977176996614\/aux-accates-a-marseille-les-habitants-vent-debout-contre-un-projet-de-construction-de-65-logements\" target=\"_blank\" rel=\"noopener\">aux Accates<\/a>. Et aujourd&rsquo;hui, le ma\u00eetre savonnier n&rsquo;en partirait plus. \u00ab\u00a0C&rsquo;est un quartier plaisant et s\u00fbr, souligne d&#8217;embl\u00e9e celui qui a lanc\u00e9 le Savon des Accates en\u00a02018. On ne voit jamais la police ici. Il n&rsquo;y a pas d&rsquo;ins\u00e9curit\u00e9, m\u00eame si, en \u00e9t\u00e9, il y a quelques cambriolages ou des voitures cass\u00e9es de temps en temps, comme dans tous les secteurs r\u00e9sidentiels.\u00a0\u00bb<\/p>\n<p>Philippe Duffay, qui travaille en circuit court avec des producteurs locaux pour fabriquer son savon, est l&rsquo;un des deux commer\u00e7ants du centre du village, avec le restaurant des 3 Fr\u00e8res, juste \u00e0 c\u00f4t\u00e9. Mais \u00ab\u00a0on a une petite zone commerciale sur la route des Camoins \u00e0 dix minutes de marche\u00a0\u00bb, explique-t-il. D&rsquo;ailleurs, selon lui, il vaut mieux se d\u00e9placer \u00e0 pied\u00a0: \u00ab\u00a0Le centre du village est plut\u00f4t adapt\u00e9 aux cal\u00e8ches\u00a0!, plaisante-t-il en montrant la fa\u00e7ade de sa maison, qui donne sur la rue, ab\u00eem\u00e9e par le passage &#8230;<\/p>\n","protected":false},"excerpt":{"rendered":"\u00ab\u00a0Les gens se battent pour vivre ici\u00a0\u00bb \u00ab\u00a0Le matin, au r\u00e9veil, je prends mon caf\u00e9 en regardant la&hellip;\n","protected":false},"author":2,"featured_media":585180,"comment_status":"","ping_status":"","sticky":false,"template":"","format":"standard","meta":{"footnotes":""},"categories":[2814],"tags":[17,21648,1111,11,9069,1777,674,1011,27,151,884,12,5912,882,5116,3583,16,25],"class_list":{"0":"post-585179","1":"post","2":"type-post","3":"status-publish","4":"format-standard","5":"has-post-thumbnail","7":"category-marseille","8":"tag-17","9":"tag-accates","10":"tag-actu","11":"tag-actualites","12":"tag-ceux","13":"tag-eu","14":"tag-europe","15":"tag-fr","16":"tag-france","17":"tag-les","18":"tag-marseille","19":"tag-news","20":"tag-par","21":"tag-provence-alpes-cote-dazur","22":"tag-quartiers","23":"tag-qui","24":"tag-region","25":"tag-republique-francaise"},"share_on_mastodon":{"url":"https:\/\/pubeurope.com\/@fr\/115680931114031469","error":""},"_links":{"self":[{"href":"https:\/\/www.europesays.com\/fr\/wp-json\/wp\/v2\/posts\/585179","targetHints":{"allow":["GET"]}}],"collection":[{"href":"https:\/\/www.europesays.com\/fr\/wp-json\/wp\/v2\/posts"}],"about":[{"href":"https:\/\/www.europesays.com\/fr\/wp-json\/wp\/v2\/types\/post"}],"author":[{"embeddable":true,"href":"https:\/\/www.europesays.com\/fr\/wp-json\/wp\/v2\/users\/2"}],"replies":[{"embeddable":true,"href":"https:\/\/www.europesays.com\/fr\/wp-json\/wp\/v2\/comments?post=585179"}],"version-history":[{"count":0,"href":"https:\/\/www.europesays.com\/fr\/wp-json\/wp\/v2\/posts\/585179\/revisions"}],"wp:featuredmedia":[{"embeddable":true,"href":"https:\/\/www.europesays.com\/fr\/wp-json\/wp\/v2\/media\/585180"}],"wp:attachment":[{"href":"https:\/\/www.europesays.com\/fr\/wp-json\/wp\/v2\/media?parent=585179"}],"wp:term":[{"taxonomy":"category","embeddable":true,"href":"https:\/\/www.europesays.com\/fr\/wp-json\/wp\/v2\/categories?post=585179"},{"taxonomy":"post_tag","embeddable":true,"href":"https:\/\/www.europesays.com\/fr\/wp-json\/wp\/v2\/tags?post=585179"}],"curies":[{"name":"wp","href":"https:\/\/api.w.org\/{rel}","templated":true}]}}