{"id":585181,"date":"2025-12-07T23:41:12","date_gmt":"2025-12-07T23:41:12","guid":{"rendered":"https:\/\/www.europesays.com\/fr\/585181\/"},"modified":"2025-12-07T23:41:12","modified_gmt":"2025-12-07T23:41:12","slug":"apres-18-ans-dabsence-zinedine-zidane-a-rejoue-et-marque-au-stade-velodrome-de-marseille","status":"publish","type":"post","link":"https:\/\/www.europesays.com\/fr\/585181\/","title":{"rendered":"Apr\u00e8s 18 ans d&rsquo;absence, Zin\u00e9dine Zidane a rejou\u00e9 (et marqu\u00e9) au stade V\u00e9lodrome de Marseille"},"content":{"rendered":"<p class=\"article-p mdl\">C&rsquo;est un moment fort pour le peuple marseillais et les amoureux de ballon rond. Ce dimanche 7 d\u00e9cembre 2025,\u00a0<a class=\"link\" href=\"https:\/\/www.rtl.fr\/sport\/football\/zidane-toujours-en-embuscade-pour-succeder-a-deschamps-7900552146\" title=\"Zidane, toujours en embuscade pour succ\u00e9der \u00e0 Deschamps\" target=\"_blank\" rel=\"noopener\">Zin\u00e9dine Zidane<\/a>\u00a0a de nouveau foul\u00e9 la pelouse du\u00a0<a class=\"link\" href=\"https:\/\/www.rtl.fr\/culture\/musique\/jul-en-concert-au-stade-de-france-et-au-velodrome-en-2026-comment-maximiser-vos-chances-de-trouver-des-places-7900562529\" title=\"Jul en concert au Stade de France et au V\u00e9lodrome en 2026 : comment maximiser vos chances de trouver des places\" target=\"_blank\" rel=\"noopener\">stade V\u00e9lodrome de Marseille<\/a>, apr\u00e8s 18 ann\u00e9es d&rsquo;absence. Ses fans ne l&rsquo;avaient plus vu jouer au Vel&rsquo; depuis un match de charit\u00e9, en 2007.<br \/>Retrait\u00e9 des terrain depuis 2006, l&rsquo;ancien champion du monde 1998, aujourd&rsquo;hui \u00e2g\u00e9 de 53 ans, a rechauss\u00e9 les crampons\u00a0afin de participer \u00e0 \u00ab\u00a0The Universe League\u00a0\u00bb, un \u00e9v\u00e9nement organis\u00e9 par son neveu, Ryad Zidane.<\/p>\n<p class=\"article-p mdl\"><strong>30.000 personnes s&rsquo;\u00e9taient rassembl\u00e9es<\/strong> dans l&rsquo;enceinte phoc\u00e9enne pour assister \u00e0 cet \u00e9v\u00e9nement de gala faisant la promotion du format de match \u00e0 sept contre sept, port\u00e9 depuis quelques ann\u00e9es par la Kings League de l&rsquo;ancien joueur du FC Barcelone, Gerard Piqu\u00e9.<\/p>\n<p class=\"article-p mdl\">De nombreuses anciennes gloires du ballon rond \u00e9taient pr\u00e9sentes pour ce show : Fabien Barthez, Adil Rami, Rod Fanni, Vitorino Hilton, Mamadou Niang, <strong>Franck Rib\u00e9ry et Dimitri Payet<\/strong> ont notamment \u00e9paul\u00e9 Zidane au sein de l&rsquo;\u00e9quipe\u00a0Phoc\u00e9a Universe.<\/p>\n<blockquote class=\"twitter-tweet\">\n<p lang=\"fr\" dir=\"ltr\">\u26bd\ufe0f Et le but de Zizou !<br \/>Non, vous ne r\u00eavez pas et il ne s\u2019agit pas d\u2019un retour dans le pass\u00e9. Zin\u00e9dine Zidane vient de marquer sur la pelouse du V\u00e9lodrome \u00e0 l\u2019occasion de \u00ab\u00a0The Universe League\u00a0\u00bb, un \u00e9v\u00e9nement organis\u00e9 par son neveu ce dimanche 7 d\u00e9cembre \u00e0 Marseille, et que\u2026 <a href=\"https:\/\/t.co\/1ZdlYtLvPR\">pic.twitter.com\/1ZdlYtLvPR<\/a><\/p>\n<p>\u2014 RTL France (@RTLFrance) <a href=\"https:\/\/twitter.com\/RTLFrance\/status\/1997777347894792666?ref_src=twsrc%5Etfw\" target=\"_blank\" rel=\"noopener\">December 7, 2025<\/a><\/p><\/blockquote>\n<p>Le futur s\u00e9lectionneur de l&rsquo;\u00c9quipe de France ?<\/p>\n<p class=\"article-p mdl\">En face,\u00a0King Capital comptait dans son \u00e9quipe <strong>Gerard Piqu\u00e9, J\u00e9r\u00e9my M\u00e9nez<\/strong>, Ludovic Giuly, Javier Saviola, Christophe Jallet, Alexandre Song, Sonny Anderson ou encore Kevin Gameiro.<\/p>\n<p class=\"article-p mdl\">Le score a \u00e9t\u00e9 sans appel : 10-1 pour l&rsquo;\u00e9quipe emmen\u00e9e par Zizou, qui y est m\u00eame all\u00e9 de son petit but, <strong>une frappe crois\u00e9e du gauche<\/strong>, en fin de rencontre.<\/p>\n<p class=\"article-p mdl\">De quoi rappeler de bons souvenirs aux amoureux de foot et du g\u00e9nie fran\u00e7ais, que beaucoup esp\u00e8rent voir s&rsquo;asseoir sur le banc de l&rsquo;\u00c9quipe de France lorsque\u00a0<a class=\"link\" href=\"https:\/\/www.rtl.fr\/sport\/football\/document-rtl-m6-a-aurait-pu-etre-pire-didier-deschamps-reagit-au-tirage-au-sort-releve-des-bleus-a-la-coupe-du-monde-2026-7900574739\" title=\"DOCUMENT RTL\/M6 - &quot;\u00c7a aurait pu \u00eatre pire&quot; : Didier Deschamps r\u00e9agit au tirage au sort relev\u00e9 des Bleus \u00e0 la Coupe du monde 2026\" target=\"_blank\" rel=\"noopener\">Didier Deschamps<\/a>\u00a0aura laiss\u00e9 sa place, \u00e0 l&rsquo;issue de la\u00a0<a class=\"link\" href=\"https:\/\/www.rtl.fr\/sport\/football\/coupe-du-monde-2026-argentine-bresil-angleterre-le-tableau-complet-de-la-competition-apres-le-tirage-au-sort-de-la-phase-de-groupe-7900574599\" title=\"Coupe du monde 2026 : Argentine, Br\u00e9sil, Angleterre... Le tableau complet de la comp\u00e9tition apr\u00e8s le tirage au sort de la phase de groupe\" target=\"_blank\" rel=\"noopener\">Coupe du monde 2026<\/a>.<\/p>\n<p>    La r\u00e9daction vous recommande<\/p>\n<p class=\"s-newsletter__title\">\n                L\u2019actualit\u00e9 par la r\u00e9daction de RTL dans votre bo\u00eete mail.\n            <\/p>\n<p class=\"s-newsletter__subtitle\">\n                Gr\u00e2ce \u00e0 votre compte RTL abonnez-vous \u00e0 la newsletter RTL info pour suivre toute l&rsquo;actualit\u00e9 au quotidien\n            <\/p>\n<p>\n                                    Lire la suite\n                                <\/p>\n<p>                            <script async src=\"https:\/\/platform.twitter.com\/widgets.js\" charset=\"utf-8\"><\/script><\/p>\n","protected":false},"excerpt":{"rendered":"C&rsquo;est un moment fort pour le peuple marseillais et les amoureux de ballon rond. Ce dimanche 7 d\u00e9cembre&hellip;\n","protected":false},"author":2,"featured_media":585182,"comment_status":"","ping_status":"","sticky":false,"template":"","format":"standard","meta":{"footnotes":""},"categories":[2814],"tags":[1111,11,1777,674,107,2619,63,1011,27,884,12,882,25,24863],"class_list":{"0":"post-585181","1":"post","2":"type-post","3":"status-publish","4":"format-standard","5":"has-post-thumbnail","7":"category-marseille","8":"tag-actu","9":"tag-actualites","10":"tag-eu","11":"tag-europe","12":"tag-fil-info","13":"tag-fil-sport","14":"tag-football","15":"tag-fr","16":"tag-france","17":"tag-marseille","18":"tag-news","19":"tag-provence-alpes-cote-dazur","20":"tag-republique-francaise","21":"tag-zinedine-zidane"},"share_on_mastodon":{"url":"https:\/\/pubeurope.com\/@fr\/115680934894061425","error":""},"_links":{"self":[{"href":"https:\/\/www.europesays.com\/fr\/wp-json\/wp\/v2\/posts\/585181","targetHints":{"allow":["GET"]}}],"collection":[{"href":"https:\/\/www.europesays.com\/fr\/wp-json\/wp\/v2\/posts"}],"about":[{"href":"https:\/\/www.europesays.com\/fr\/wp-json\/wp\/v2\/types\/post"}],"author":[{"embeddable":true,"href":"https:\/\/www.europesays.com\/fr\/wp-json\/wp\/v2\/users\/2"}],"replies":[{"embeddable":true,"href":"https:\/\/www.europesays.com\/fr\/wp-json\/wp\/v2\/comments?post=585181"}],"version-history":[{"count":0,"href":"https:\/\/www.europesays.com\/fr\/wp-json\/wp\/v2\/posts\/585181\/revisions"}],"wp:featuredmedia":[{"embeddable":true,"href":"https:\/\/www.europesays.com\/fr\/wp-json\/wp\/v2\/media\/585182"}],"wp:attachment":[{"href":"https:\/\/www.europesays.com\/fr\/wp-json\/wp\/v2\/media?parent=585181"}],"wp:term":[{"taxonomy":"category","embeddable":true,"href":"https:\/\/www.europesays.com\/fr\/wp-json\/wp\/v2\/categories?post=585181"},{"taxonomy":"post_tag","embeddable":true,"href":"https:\/\/www.europesays.com\/fr\/wp-json\/wp\/v2\/tags?post=585181"}],"curies":[{"name":"wp","href":"https:\/\/api.w.org\/{rel}","templated":true}]}}