{"id":585183,"date":"2025-12-07T23:42:16","date_gmt":"2025-12-07T23:42:16","guid":{"rendered":"https:\/\/www.europesays.com\/fr\/585183\/"},"modified":"2025-12-07T23:42:16","modified_gmt":"2025-12-07T23:42:16","slug":"metropole-de-lyon-le-tramway-t1-partiellement-ferme-durant-trois-nuits","status":"publish","type":"post","link":"https:\/\/www.europesays.com\/fr\/585183\/","title":{"rendered":"M\u00e9tropole de Lyon. Le tramway T1 partiellement ferm\u00e9 durant trois nuits"},"content":{"rendered":"<p>Avis aux usagers du tramway T1\u00a0: \u00e0 partir de 21 heures les nuits du 9, 10 et 11\u00a0d\u00e9cembre 2025, la ligne ne circulera qu\u2019entre les stations Debourg et Place des Archives. Cette perturbation survient en raison d\u2019une intervention technique dans le secteur Servient-Libert\u00e9 dans le cadre du d\u00e9ploiement de la future ligne BHNS (bus \u00e0 haut niveau de service). Les \u00e9quipes TCL installeront de nuit un isolateur \u00e0 l\u2019intersection des lignes de contact (LAC) du tramway et du bus, dans le but de garantir l\u2019ind\u00e9pendance \u00e9lectrique des r\u00e9seaux.<\/p>\n<p>Pour faciliter vos d\u00e9placements, TCL invite les usagers \u00e0 emprunter des itin\u00e9raires alternatifs notamment gr\u00e2ce \u00e0 la correspondance avec le T4, avec le m\u00e9tro B ainsi que les lignes C17 et C37.<\/p>\n<p class=\"note\">Dernier d\u00e9part de l\u2019IUT Feyssine vers Debourg\u00a0: 21\u00a0h\u00a022 Dernier d\u00e9part de Debourg vers l\u2019IUT Feyssine\u00a0: 21\u00a0h\u00a013 Premier d\u00e9part de Place des Archives vers Debourg\u00a0: 22\u00a0h\u00a002 Dernier d\u00e9part de Place des Archives vers Debourg\u00a0: 01\u00a0h\u00a000 Premier d\u00e9part de Debourg vers Place des Archives\u00a0: 21\u00a0h\u00a020 Dernier d\u00e9part de Debourg vers Place des Archives\u00a0: 00\u00a0h\u00a035<\/p>\n","protected":false},"excerpt":{"rendered":"Avis aux usagers du tramway T1\u00a0: \u00e0 partir de 21 heures les nuits du 9, 10 et 11\u00a0d\u00e9cembre&hellip;\n","protected":false},"author":2,"featured_media":585184,"comment_status":"","ping_status":"","sticky":false,"template":"","format":"standard","meta":{"footnotes":""},"categories":[1889],"tags":[1111,11,2430,3542,33,2757,1777,674,1011,27,2428,2756,12,25,2429,801,2803,216],"class_list":{"0":"post-585183","1":"post","2":"type-post","3":"status-publish","4":"format-standard","5":"has-post-thumbnail","7":"category-lyon","8":"tag-actu","9":"tag-actualites","10":"tag-auvergne-rhone-alpes","11":"tag-circulation","12":"tag-economie","13":"tag-edition-lyon-villeurbanne","14":"tag-eu","15":"tag-europe","16":"tag-fr","17":"tag-france","18":"tag-lyon","19":"tag-lyon-bassin","20":"tag-news","21":"tag-republique-francaise","22":"tag-rhone","23":"tag-social","24":"tag-transport","25":"tag-vie-des-entreprises"},"share_on_mastodon":{"url":"https:\/\/pubeurope.com\/@fr\/115680938871587129","error":""},"_links":{"self":[{"href":"https:\/\/www.europesays.com\/fr\/wp-json\/wp\/v2\/posts\/585183","targetHints":{"allow":["GET"]}}],"collection":[{"href":"https:\/\/www.europesays.com\/fr\/wp-json\/wp\/v2\/posts"}],"about":[{"href":"https:\/\/www.europesays.com\/fr\/wp-json\/wp\/v2\/types\/post"}],"author":[{"embeddable":true,"href":"https:\/\/www.europesays.com\/fr\/wp-json\/wp\/v2\/users\/2"}],"replies":[{"embeddable":true,"href":"https:\/\/www.europesays.com\/fr\/wp-json\/wp\/v2\/comments?post=585183"}],"version-history":[{"count":0,"href":"https:\/\/www.europesays.com\/fr\/wp-json\/wp\/v2\/posts\/585183\/revisions"}],"wp:featuredmedia":[{"embeddable":true,"href":"https:\/\/www.europesays.com\/fr\/wp-json\/wp\/v2\/media\/585184"}],"wp:attachment":[{"href":"https:\/\/www.europesays.com\/fr\/wp-json\/wp\/v2\/media?parent=585183"}],"wp:term":[{"taxonomy":"category","embeddable":true,"href":"https:\/\/www.europesays.com\/fr\/wp-json\/wp\/v2\/categories?post=585183"},{"taxonomy":"post_tag","embeddable":true,"href":"https:\/\/www.europesays.com\/fr\/wp-json\/wp\/v2\/tags?post=585183"}],"curies":[{"name":"wp","href":"https:\/\/api.w.org\/{rel}","templated":true}]}}