{"id":585188,"date":"2025-12-07T23:46:17","date_gmt":"2025-12-07T23:46:17","guid":{"rendered":"https:\/\/www.europesays.com\/fr\/585188\/"},"modified":"2025-12-07T23:46:17","modified_gmt":"2025-12-07T23:46:17","slug":"le-bilan-des-bombardements-dans-loblast-de-kharkiv-dimanche-passe-a-trois-morts","status":"publish","type":"post","link":"https:\/\/www.europesays.com\/fr\/585188\/","title":{"rendered":"le bilan des bombardements dans l\u2019oblast de Kharkiv dimanche passe \u00e0 trois morts"},"content":{"rendered":"<p>   La Suisse plaide pour que l\u2019OSCE joue un r\u00f4le-cl\u00e9 dans la surveillance d\u2019un cessez-le-feu             <\/p>\n<p class=\"post__live-container--answer-text post__space-node\">L\u2019Organisation pour la s\u00e9curit\u00e9 et la coop\u00e9ration en Europe (OSCE) pourrait jouer un r\u00f4le majeur dans la surveillance d\u2019un cessez-le-feu entre la Russie et l\u2019Ukraine, a estim\u00e9 dimanche le ministre des affaires \u00e9trang\u00e8res suisse, Ignazio Cassis.<\/p>\n<p class=\"post__live-container--answer-text post__space-node\">\u00ab\u00a0Il existe d\u00e9j\u00e0 des consid\u00e9rations concr\u00e8tes \u00e0 ce sujet\u00a0: l\u2019Organisation est capable de d\u00e9ployer plusieurs dizaines de personnes dans des d\u00e9lais tr\u00e8s courts. L\u2019OSCE pourrait observer le cessez-le-feu, surveiller la ligne de cessez-le-feu, observer les \u00e9lections,\u00a0etc.\u00a0\u00bb, a d\u00e9clar\u00e9 \u00e0 l\u2019hebdomadaire <a href=\"https:\/\/www.blick.ch\/dossiers\/sonntagsblick\/\" target=\"_blank\" rel=\"noopener\" title=\"Nouvelle fen\u00eatre\">SonntagsBlick<\/a> M.\u00a0Cassis, dont le pays pr\u00e9sidera l\u2019OSCE en\u00a02026.<\/p>\n<p class=\"post__live-container--answer-text post__space-node\">Toutefois, \u00ab\u00a0la ligne de front s\u2019\u00e9tend actuellement sur 1\u00a0300\u00a0kilom\u00e8tres \u2013 l\u2019OSCE seule est trop petite pour en surveiller toute sa longueur. Cela n\u00e9cessiterait un engagement important de la part des Etats participants\u00a0\u00bb, a-t-il not\u00e9. \u00ab\u00a0Mon objectif est que l\u2019OSCE soit pr\u00eate. D\u00e8s qu\u2019un accord sera conclu, nous voulons \u00eatre en mesure (\u2026) de nous mettre au travail\u00a0\u00bb, a poursuivi M.\u00a0Cassis.<\/p>\n<p class=\"post__live-container--answer-text post__space-node\">Une mission d\u2019enqu\u00eate pourrait ainsi \u00eatre d\u00e9ploy\u00e9e dans un premier temps en Ukraine pour y \u00e9tablir un diagnostic sur la situation, \u00e0 partir duquel l\u2019OSCE pourrait rapidement entamer les \u00e9tapes suivantes.<\/p>\n<p class=\"post__live-container--answer-text post__space-node\">La Russie a certes viol\u00e9 les principes fondamentaux de cette organisation en attaquant son voisin ukrainien en f\u00e9vrier\u00a02022, a reconnu M.\u00a0Cassis, mais elle ne l\u2019a pas quitt\u00e9e et n\u2019en a pas \u00e9t\u00e9 exclue, ce qui indique que l\u2019OSCE \u00ab\u00a0reste importante pour le dialogue avec la Russie, m\u00eame [s\u2019il] est r\u00e9duit\u00a0\u00bb, a-t-il relev\u00e9. \u00ab\u00a0L\u2019OSCE doit \u00eatre pr\u00eate \u00e0 agir d\u00e8s que l\u2019occasion se pr\u00e9sentera, m\u00eame si, pour l\u2019instant, les possibilit\u00e9s sont limit\u00e9es\u00a0\u00bb, a-t-il encore d\u00e9clar\u00e9.<\/p>\n<p class=\"post__live-container--answer-text post__space-node\">Trois jours de pourparlers en Floride entre responsables ukrainiens et am\u00e9ricains n\u2019ont abouti \u00e0 aucune avanc\u00e9e notable samedi. Le pr\u00e9sident ukrainien, Volodymyr Zelensky, s\u2019est engag\u00e9 \u00e0 poursuivre les n\u00e9gociations en vue d\u2019une \u00ab\u00a0paix r\u00e9elle\u00a0\u00bb, tandis que la Russie a proc\u00e9d\u00e9 \u00e0 de nouvelles frappes de drones et de missiles sur l\u2019Ukraine.<\/p>\n","protected":false},"excerpt":{"rendered":"La Suisse plaide pour que l\u2019OSCE joue un r\u00f4le-cl\u00e9 dans la surveillance d\u2019un cessez-le-feu L\u2019Organisation pour la s\u00e9curit\u00e9&hellip;\n","protected":false},"author":2,"featured_media":585189,"comment_status":"","ping_status":"","sticky":false,"template":"","format":"standard","meta":{"footnotes":""},"categories":[1888],"tags":[1111,1928,11,1927,1777,674,1011,27,12,1926,626,1925,25],"class_list":{"0":"post-585188","1":"post","2":"type-post","3":"status-publish","4":"format-standard","5":"has-post-thumbnail","7":"category-paris","8":"tag-actu","9":"tag-actu-paris","10":"tag-actualites","11":"tag-actualites-paris","12":"tag-eu","13":"tag-europe","14":"tag-fr","15":"tag-france","16":"tag-news","17":"tag-news-paris","18":"tag-paris","19":"tag-paris-news","20":"tag-republique-francaise"},"share_on_mastodon":{"url":"https:\/\/pubeurope.com\/@fr\/115680955164746915","error":""},"_links":{"self":[{"href":"https:\/\/www.europesays.com\/fr\/wp-json\/wp\/v2\/posts\/585188","targetHints":{"allow":["GET"]}}],"collection":[{"href":"https:\/\/www.europesays.com\/fr\/wp-json\/wp\/v2\/posts"}],"about":[{"href":"https:\/\/www.europesays.com\/fr\/wp-json\/wp\/v2\/types\/post"}],"author":[{"embeddable":true,"href":"https:\/\/www.europesays.com\/fr\/wp-json\/wp\/v2\/users\/2"}],"replies":[{"embeddable":true,"href":"https:\/\/www.europesays.com\/fr\/wp-json\/wp\/v2\/comments?post=585188"}],"version-history":[{"count":0,"href":"https:\/\/www.europesays.com\/fr\/wp-json\/wp\/v2\/posts\/585188\/revisions"}],"wp:featuredmedia":[{"embeddable":true,"href":"https:\/\/www.europesays.com\/fr\/wp-json\/wp\/v2\/media\/585189"}],"wp:attachment":[{"href":"https:\/\/www.europesays.com\/fr\/wp-json\/wp\/v2\/media?parent=585188"}],"wp:term":[{"taxonomy":"category","embeddable":true,"href":"https:\/\/www.europesays.com\/fr\/wp-json\/wp\/v2\/categories?post=585188"},{"taxonomy":"post_tag","embeddable":true,"href":"https:\/\/www.europesays.com\/fr\/wp-json\/wp\/v2\/tags?post=585188"}],"curies":[{"name":"wp","href":"https:\/\/api.w.org\/{rel}","templated":true}]}}