{"id":585190,"date":"2025-12-07T23:47:22","date_gmt":"2025-12-07T23:47:22","guid":{"rendered":"https:\/\/www.europesays.com\/fr\/585190\/"},"modified":"2025-12-07T23:47:22","modified_gmt":"2025-12-07T23:47:22","slug":"psg-f-avion-minibus-le-retour-mouvemente-des-parisiennes-sports","status":"publish","type":"post","link":"https:\/\/www.europesays.com\/fr\/585190\/","title":{"rendered":"PSG (F) : Avion, minibus&#8230; le retour mouvement\u00e9 des Parisiennes : Sports"},"content":{"rendered":"<p class=\"date\">\n                                                            Thibaut Simon, Media365 : publi\u00e9 le dimanche 07 d\u00e9cembre 2025 \u00e0 21h00\n                                                    <\/p>\n<p>Si les joueuses du PSG ont largement domin\u00e9 l&rsquo;OM lors de la 9e journ\u00e9e d&rsquo;Arkema Premi\u00e8re Ligue, le retour dans la capitale a \u00e9t\u00e9 tr\u00e8s mouvement\u00e9 pour les Parisiennes.<\/p>\n<p>Et de 6 pour le PSG ! Ce vendredi, les joueuses de Paulo Cesar se d\u00e9pla\u00e7aient \u00e0 Marseille pour le \u00ab Classique \u00bb du championnat f\u00e9minin version Arkema Premi\u00e8re Ligue. Gr\u00e2ce \u00e0 des buts de Leuchter, Kanjinga, Graziani, Mbock et Morissaint, <a href=\"https:\/\/sports.orange.fr\/football\/football-feminin\/article\/arkema-premiere-ligue-j9-le-psg-etrille-l-om-CNT000002m3Tgm.html\" target=\"_blank\" rel=\"noopener\">le PSG a valid\u00e9 un sixi\u00e8me succ\u00e8s de rang en championnat (1-5)<\/a> et pointe \u00e0 la deuxi\u00e8me place derri\u00e8re l&rsquo;OL Lyonnes. Si la diff\u00e9rence de niveau entre le promu marseillais et l&rsquo;exp\u00e9riment\u00e9 parisien s&rsquo;est rapidement fait sentir, c&rsquo;est l&rsquo;apr\u00e8s-match qui a \u00e9t\u00e9 mouvement\u00e9 pour les joueuses de la capitale. En effet, les Parisiennes ont un trajet retour assez original, perturb\u00e9 par la m\u00e9t\u00e9o et des changements de transport en pleine nuit. Une \u00e9pop\u00e9e comment\u00e9e par les joueuses sur leurs r\u00e9seaux sociaux, qui s&rsquo;est finalement bien termin\u00e9e.<\/p>\n<p>Un arr\u00eat \u00e0 Lyon et des minibus pour rallier Paris<\/p>\n<p>A l&rsquo;aise sur le terrain, les Parisiennes l&rsquo;ont beaucoup moins \u00e9t\u00e9 sur le trajet du retour. Dans l&rsquo;avion direction Paris, les joueuses ont d\u00fb s&rsquo;arr\u00eater \u00e0 Lyon en raison des conditions m\u00e9t\u00e9orologiques comme l&rsquo;a expliqu\u00e9 Eva Gaetino sur son compte TikTok. \u00ab En gros, on a essay\u00e9 de rentrer de Marseille \u00e0 Paris en avion, mais le temps \u00e9tait vraiment mauvais, alors on a d\u00fb faire demi-tour et atterrir \u00e0 Lyon. On a ensuite pris six vans pour rentrer chez nous. \u00bb Chez l&rsquo;ennemi lyonnais en pleine nuit, le trajet \u00e9tait effectivement loin d&rsquo;\u00eatre termin\u00e9. <a href=\"https:\/\/sports.orange.fr\/football\/football-feminin\/article\/psg-f-avant-l-om-karchaoui-evoque-son-plaisir-d-etre-capitaine-exclu-CNT000002m2ihb.html\" target=\"_blank\" rel=\"noopener\">La d\u00e9fenseuse am\u00e9ricaine du PSG a continu\u00e9 sa narration<\/a>, pleine de second degr\u00e9 avec des joueuses visiblement fatigu\u00e9e de ce trajet pour le moins original. \u00ab Jour de vid\u00e9o de No\u00ebl ? Tout le monde s&rsquo;est endormi \u00e0 2 heures du matin pendant que notre chauffeur fumait une cigarette au lieu de prendre la route pour 5 heures de trajet. \u00bb<\/p>\n<p>Les joueuses ont finalement r\u00e9ussi \u00e0 rentrer chez elles dans la nuit avec de la fatigue, mais les trois points. Esp\u00e9rons que les Parisiennes aient suffisamment r\u00e9cup\u00e9r\u00e9 pour la r\u00e9ception du club belge de Louvain, match comptant pour la 5e journ\u00e9e de la Ligue des champions. Un duel capitale \u00e0 domicile (09\/12, 21h00) alors que le PSG est dernier du classement avec quatre d\u00e9faites en autant de rencontres.<\/p>\n","protected":false},"excerpt":{"rendered":"Thibaut Simon, Media365 : publi\u00e9 le dimanche 07 d\u00e9cembre 2025 \u00e0 21h00 Si les joueuses du PSG ont&hellip;\n","protected":false},"author":2,"featured_media":585191,"comment_status":"","ping_status":"","sticky":false,"template":"","format":"standard","meta":{"footnotes":""},"categories":[1888],"tags":[1111,1928,11,1927,1777,674,1011,27,12,1926,626,1925,25],"class_list":{"0":"post-585190","1":"post","2":"type-post","3":"status-publish","4":"format-standard","5":"has-post-thumbnail","7":"category-paris","8":"tag-actu","9":"tag-actu-paris","10":"tag-actualites","11":"tag-actualites-paris","12":"tag-eu","13":"tag-europe","14":"tag-fr","15":"tag-france","16":"tag-news","17":"tag-news-paris","18":"tag-paris","19":"tag-paris-news","20":"tag-republique-francaise"},"share_on_mastodon":{"url":"https:\/\/pubeurope.com\/@fr\/115680958509142539","error":""},"_links":{"self":[{"href":"https:\/\/www.europesays.com\/fr\/wp-json\/wp\/v2\/posts\/585190","targetHints":{"allow":["GET"]}}],"collection":[{"href":"https:\/\/www.europesays.com\/fr\/wp-json\/wp\/v2\/posts"}],"about":[{"href":"https:\/\/www.europesays.com\/fr\/wp-json\/wp\/v2\/types\/post"}],"author":[{"embeddable":true,"href":"https:\/\/www.europesays.com\/fr\/wp-json\/wp\/v2\/users\/2"}],"replies":[{"embeddable":true,"href":"https:\/\/www.europesays.com\/fr\/wp-json\/wp\/v2\/comments?post=585190"}],"version-history":[{"count":0,"href":"https:\/\/www.europesays.com\/fr\/wp-json\/wp\/v2\/posts\/585190\/revisions"}],"wp:featuredmedia":[{"embeddable":true,"href":"https:\/\/www.europesays.com\/fr\/wp-json\/wp\/v2\/media\/585191"}],"wp:attachment":[{"href":"https:\/\/www.europesays.com\/fr\/wp-json\/wp\/v2\/media?parent=585190"}],"wp:term":[{"taxonomy":"category","embeddable":true,"href":"https:\/\/www.europesays.com\/fr\/wp-json\/wp\/v2\/categories?post=585190"},{"taxonomy":"post_tag","embeddable":true,"href":"https:\/\/www.europesays.com\/fr\/wp-json\/wp\/v2\/tags?post=585190"}],"curies":[{"name":"wp","href":"https:\/\/api.w.org\/{rel}","templated":true}]}}