{"id":585192,"date":"2025-12-07T23:48:24","date_gmt":"2025-12-07T23:48:24","guid":{"rendered":"https:\/\/www.europesays.com\/fr\/585192\/"},"modified":"2025-12-07T23:48:24","modified_gmt":"2025-12-07T23:48:24","slug":"apres-une-ascension-eclair-le-patron-du-bhv-frederic-merlin-dans-la-tempete-shein","status":"publish","type":"post","link":"https:\/\/www.europesays.com\/fr\/585192\/","title":{"rendered":"Apr\u00e8s une ascension \u00e9clair, le patron du BHV Fr\u00e9d\u00e9ric Merlin dans la temp\u00eate Shein"},"content":{"rendered":"<p>\n                                        <b>Par<\/b><br \/>\n                                        <br \/>AFP\n                                    <\/p>\n<p>\n                                    <b>Publi\u00e9 le<\/b><br \/>\n                                    <\/p>\n<p>                                        7 d\u00e9cembre 2025<\/p>\n<p class=\"article-content col-md-8 offset-md-1\">\n                                Sous le feu des critiques depuis son alliance avec Shein, Fr\u00e9d\u00e9ric Merlin, jeune patron du BHV \u00e0 l&rsquo;ascension \u00e9clair, reconna\u00eet avoir \u00ab\u00a0sous-estim\u00e9\u00a0\u00bb le d\u00e9fi associ\u00e9 au grand magasin parisien mais assume sa strat\u00e9gie, cens\u00e9e \u00ab\u00a0faire vivre le commerce\u00a0\u00bb.<\/p>\n<p><img decoding=\"async\" class=\"news-image\" style=\"width:100%;max-width:678px;\" src=\"https:\/\/www.europesays.com\/fr\/wp-content\/uploads\/2025\/12\/a78b.png\" alt=\"Fr\u00e9d\u00e9ric Merlin pr\u00e9sident de la Soci\u00e9t\u00e9 des Grands Magasins (SGM) et propri\u00e9taire du BHV, lors d'une session photo \u00e0 Paris, le 22 octobre 2025\" loading=\"lazy\"\/>Fr\u00e9d\u00e9ric Merlin pr\u00e9sident de la Soci\u00e9t\u00e9 des Grands Magasins (SGM) et propri\u00e9taire du BHV, lors d&rsquo;une session photo \u00e0 Paris, le 22 octobre 2025 &#8211; (AFP &#8211; Thibaud MORITZ)<\/p>\n<p>\u00ab\u00a0Je fais toujours preuve d&rsquo;humilit\u00e9, parce qu&rsquo;\u00e0 34 ans, on ne sait pas tout\u00a0\u00bb, assurait r\u00e9cemment le dirigeant lors d&rsquo;une rencontre avec l&rsquo;AFP au 6e \u00e9tage du Bazar de l&rsquo;h\u00f4tel de ville.<\/p>\n<p>C&rsquo;est l\u00e0 que Shein, g\u00e9ant de l&rsquo;e-commerce asiatique accus\u00e9 de concurrence d\u00e9loyale et de pollution environnementale, doit ouvrir mercredi son premier magasin physique p\u00e9renne, en vertu d&rsquo;un accord avec la Soci\u00e9t\u00e9 des grands magasins (SGM), la fonci\u00e8re commerciale cr\u00e9\u00e9e en 2021 par Fr\u00e9d\u00e9ric Merlin et sa soeur Maryline.<\/p>\n<p class=\"col-md-8 offset-md-1 article-content--texte\">Originaire de la r\u00e9gion lyonnaise, \u00e9lev\u00e9 par un p\u00e8re chef d&rsquo;une petite entreprise de tuyauterie industrielle et une m\u00e8re au foyer, le duo voit sa fortune \u00e9valu\u00e9e \u00e0 600 millions d&rsquo;euros, soit la 233e de France, selon Challenges.<\/p>\n<p>\u00ab\u00a0Ami\u00a0\u00bb de l&rsquo;ex-pr\u00e9sident Nicolas Sarkozy, Fr\u00e9d\u00e9ric Merlin a b\u00e9n\u00e9fici\u00e9 du soutien financier de l&rsquo;homme d&rsquo;affaires Jean-Paul Dufour, actionnaire au c\u00f4t\u00e9 de la SGM \u00e0 \u00ab\u00a0hauteur de 42,5% pour la majorit\u00e9 des filiales du groupe\u00a0\u00bb, selon son dernier rapport social publi\u00e9 en ao\u00fbt 2024, comme l&rsquo;a rappel\u00e9 l&rsquo;Express.<\/p>\n<p class=\"col-md-10 exergue\">&#8211; \u00ab\u00a0Paquebot\u00a0\u00bb &#8211;<\/p>\n<p>Propri\u00e9taire du fonds de commerce du BHV depuis 2023, la SGM exploite \u00e9galement une dizaine de centres commerciaux, ainsi que sept Galeries Lafayette de province, dont cinq devant accueillir Shein.<\/p>\n<p>En guise de protestation, plusieurs marques ont annonc\u00e9 quitter le grand magasin parisien, d\u00e9j\u00e0 d\u00e9sert\u00e9 par des fournisseurs m\u00e9contents d&rsquo;une accumulation d&rsquo;impay\u00e9s, li\u00e9s selon Fr\u00e9d\u00e9ric\u00a0Merlin \u00e0 des probl\u00e8mes d'\u00a0\u00bboutils\u00a0\u00bb en voie de r\u00e9solution, et non de tr\u00e9sorerie.<\/p>\n<p>L\u00e2ch\u00e9e par la Banque des territoires (entit\u00e9 de la Caisse des d\u00e9p\u00f4ts et consignations) pour le rachat des murs du BHV, la SGM a aussi \u00e9t\u00e9 exclue de l&rsquo;Union du grand commerce de centre-ville (UCV), tandis que le groupe Galeries Lafayette refuse l&rsquo;installation de Shein dans des \u00e9tablissements \u00e0 son nom.<\/p>\n<p>\u00ab\u00a0Qui aurait envie de travailler avec un menteur pathologique ?\u00a0\u00bb a r\u00e9agi sur RMC Yann Rivoallan, pr\u00e9sident de la F\u00e9d\u00e9ration fran\u00e7aise du pr\u00eat-\u00e0-porter f\u00e9minin.<\/p>\n<p>Fr\u00e9d\u00e9ric Merlin \u00ab\u00a0n&rsquo;est pas dans la collaboration\u00a0\u00bb, explique \u00e0 l&rsquo;AFP Nicolas Bonnet-Oulaldj, l&rsquo;adjoint au commerce \u00e0 la mairie de Paris. \u00ab\u00a0Il a dit \u00e0 tout le monde qu&rsquo;il avait le soutien\u00a0\u00bb d&rsquo;Anne Hidalgo concernant Shein ce qui est \u00ab\u00a0totalement faux\u00a0\u00bb. Plus g\u00e9n\u00e9ralement, Fr\u00e9d\u00e9ric\u00a0Merlin n&rsquo;avait pas conscience de reprendre \u00ab\u00a0un paquebot\u00a0\u00bb, selon l&rsquo;intersyndicale du grand magasin.<\/p>\n<p>\u00ab\u00a0Ce que j&rsquo;ai sous-estim\u00e9, c&rsquo;est toute l&rsquo;exposition politico-m\u00e9diatique qu&rsquo;il y avait \u00e0 s&rsquo;attaquer \u00e0 ce monument de Paris devant les fen\u00eatres de l&rsquo;H\u00f4tel de ville\u00a0\u00bb, admet Fr\u00e9d\u00e9ric Merlin, d\u00e9non\u00e7ant \u00ab\u00a0l&rsquo;hypocrisie environnante\u00a0\u00bb face \u00e0 Shein et ses nombreux consommateurs.<\/p>\n<p class=\"col-md-10 exergue\">-\u00ab\u00a0Chef de famille\u00a0\u00bb &#8211;<\/p>\n<p>\u00ab\u00a0On aurait pu faire mieux\u00a0\u00bb, reconnait celui qui dit avoir rendu le BHV \u00ab\u00a0rentable\u00a0\u00bb et travaille \u00ab\u00a014 heures par jour\u00a0\u00bb. N\u00e9 \u00e0 V\u00e9nissieux, en banlieue lyonnaise, Fr\u00e9d\u00e9ric Merlin grandit dans une famille qui lui \u00ab\u00a0donne confiance\u00a0\u00bb en lui et la \u00ab\u00a0rage d&rsquo;entreprendre\u00a0\u00bb. Apr\u00e8s un passage en fac de droit, le jeune homme d\u00e9croche un BTS immobilier, s\u00e9duit par ce m\u00e9tier au d\u00e9tour d&rsquo;un stage.<\/p>\n<p>Arm\u00e9 d&rsquo;un \u00ab\u00a0pr\u00eat \u00e9tudiant de 15.000\u00a0\u00bb, il fonde, \u00e0 20 ans, avec sa soeur, une soci\u00e9t\u00e9 de conseil en immobilier d&rsquo;entreprise (IMEA) avant d&rsquo;en lancer une autre (ADI), en 2014, sp\u00e9cialis\u00e9e dans la r\u00e9habilitation d&rsquo;immeubles commerciaux.<\/p>\n<p>Les Merlin embauchent leur p\u00e8re, qui apporte sa \u00ab\u00a0rigueur industrielle\u00a0\u00bb, jusqu&rsquo;\u00e0 son d\u00e9c\u00e8s en 2018, ann\u00e9e o\u00f9 d\u00e9marre la SGM, qui redresse des centres commerciaux dont plus personne ne voulait dans des villes comme Roubaix ou Mulhouse.<\/p>\n<p>\u00ab\u00a0Il fallait avoir un sacr\u00e9 culot\u00a0\u00bb, se rem\u00e9more pour l&rsquo;AFP Fabrice Fubert, co-dirigeant d&rsquo;une soci\u00e9t\u00e9 de conseil dans l&rsquo;immobilier commercial, qui lui a notamment propos\u00e9 de racheter sept Galeries Lafayette en 2021.<\/p>\n<p>Pas \u00ab\u00a0issu du s\u00e9rail\u00a0\u00bb, Fr\u00e9d\u00e9ric Merlin est \u00ab\u00a0un homme audacieux qui prend des risques, fait \u00e9voluer les lignes\u00a0\u00bb, comme lorsqu&rsquo;il fait venir les Pok\u00e9mon ou le youtubeur Squeezie pour des boutiques \u00e9ph\u00e9m\u00e8res au BHV, salue Fabrice\u00a0Fubert.<\/p>\n<p>P\u00e8re d&rsquo;un petit gar\u00e7on, Fr\u00e9d\u00e9ric Merlin revendique son r\u00f4le de \u00ab\u00a0chef de famille\u00a0\u00bb en \u00e9tant sur le devant de la sc\u00e8ne pour \u00ab\u00a0prot\u00e9ger\u00a0\u00bb sa soeur et sa m\u00e8re Dominique, directrice g\u00e9n\u00e9rale adjointe de la SGM.\n                            <\/p>\n<p>\n                                Tous droits de reproduction et de repr\u00e9sentation r\u00e9serv\u00e9s.<br \/>\u00a9 2025 Agence France-Presse<br \/>Toutes les informations reproduites dans cette rubrique (ou sur cette page selon le cas) sont prot\u00e9g\u00e9es par des droits de propri\u00e9t\u00e9 intellectuelle d\u00e9tenus par l&rsquo;AFP. Par cons\u00e9quent, aucune de ces informations ne peut \u00eatre reproduite, modifi\u00e9e, rediffus\u00e9e, traduite, exploit\u00e9e commercialement ou r\u00e9utilis\u00e9e de quelque mani\u00e8re que ce soit sans l&rsquo;accord pr\u00e9alable \u00e9crit de l&rsquo;AFP. L&rsquo;AFP ne pourra \u00eatre tenue pour responsable des d\u00e9lais, erreurs, omissions qui ne peuvent \u00eatre exclus, ni des cons\u00e9quences des actions ou transactions effectu\u00e9es sur la base de ces informations.\n                            <\/p>\n","protected":false},"excerpt":{"rendered":"Par AFP Publi\u00e9 le 7 d\u00e9cembre 2025 Sous le feu des critiques depuis son alliance avec Shein, Fr\u00e9d\u00e9ric&hellip;\n","protected":false},"author":2,"featured_media":585193,"comment_status":"","ping_status":"","sticky":false,"template":"","format":"standard","meta":{"footnotes":""},"categories":[1888],"tags":[11,2424,537,2423,1777,674,1011,27,2425,985,12,2298,626,2426,2427,25,2421,2422],"class_list":{"0":"post-585192","1":"post","2":"type-post","3":"status-publish","4":"format-standard","5":"has-post-thumbnail","7":"category-paris","8":"tag-actualites","9":"tag-beaute","10":"tag-contact","11":"tag-cosmetiques","12":"tag-eu","13":"tag-europe","14":"tag-fr","15":"tag-france","16":"tag-luxe","17":"tag-mode","18":"tag-news","19":"tag-parfum","20":"tag-paris","21":"tag-professionnel","22":"tag-professionnels","23":"tag-republique-francaise","24":"tag-reseau","25":"tag-textile"},"share_on_mastodon":{"url":"https:\/\/pubeurope.com\/@fr\/115680963254953902","error":""},"_links":{"self":[{"href":"https:\/\/www.europesays.com\/fr\/wp-json\/wp\/v2\/posts\/585192","targetHints":{"allow":["GET"]}}],"collection":[{"href":"https:\/\/www.europesays.com\/fr\/wp-json\/wp\/v2\/posts"}],"about":[{"href":"https:\/\/www.europesays.com\/fr\/wp-json\/wp\/v2\/types\/post"}],"author":[{"embeddable":true,"href":"https:\/\/www.europesays.com\/fr\/wp-json\/wp\/v2\/users\/2"}],"replies":[{"embeddable":true,"href":"https:\/\/www.europesays.com\/fr\/wp-json\/wp\/v2\/comments?post=585192"}],"version-history":[{"count":0,"href":"https:\/\/www.europesays.com\/fr\/wp-json\/wp\/v2\/posts\/585192\/revisions"}],"wp:featuredmedia":[{"embeddable":true,"href":"https:\/\/www.europesays.com\/fr\/wp-json\/wp\/v2\/media\/585193"}],"wp:attachment":[{"href":"https:\/\/www.europesays.com\/fr\/wp-json\/wp\/v2\/media?parent=585192"}],"wp:term":[{"taxonomy":"category","embeddable":true,"href":"https:\/\/www.europesays.com\/fr\/wp-json\/wp\/v2\/categories?post=585192"},{"taxonomy":"post_tag","embeddable":true,"href":"https:\/\/www.europesays.com\/fr\/wp-json\/wp\/v2\/tags?post=585192"}],"curies":[{"name":"wp","href":"https:\/\/api.w.org\/{rel}","templated":true}]}}