{"id":585200,"date":"2025-12-07T23:52:11","date_gmt":"2025-12-07T23:52:11","guid":{"rendered":"https:\/\/www.europesays.com\/fr\/585200\/"},"modified":"2025-12-07T23:52:11","modified_gmt":"2025-12-07T23:52:11","slug":"etats-unis-le-vaccin-de-lhepatite-b-nouvelle-cible-de-robert-f-kennedy-jr","status":"publish","type":"post","link":"https:\/\/www.europesays.com\/fr\/585200\/","title":{"rendered":"\u00c9tats-Unis: Le vaccin de l\u2019h\u00e9patite B, nouvelle cible de Robert F. Kennedy Jr"},"content":{"rendered":"<p>Apr\u00e8s avoir modifi\u00e9 les recommandations vaccinales sur la <a href=\"https:\/\/www.ledevoir.com\/coronavirus\" target=\"_blank\" rel=\"noopener\">COVID-19<\/a> et la <a href=\"https:\/\/www.ledevoir.com\/rougeole\" target=\"_blank\" rel=\"noopener\">rougeole<\/a>, le comit\u00e9 d\u2019experts nomm\u00e9s par le secr\u00e9taire am\u00e9ricain \u00e0 la Sant\u00e9, Robert F. Kennedy Jr., <a href=\"https:\/\/www.ledevoir.com\/monde\/etats-unis\/939111\/vers-fin-vaccination-bebes-contre-hepatite-b-etats-unis?\" target=\"_blank\" rel=\"noopener\">s\u2019attaque au vaccin contre l\u2019h\u00e9patite B<\/a>, amplifiant ainsi le discours vaccinosceptique venant des \u00c9tats-Unis.<\/p>\n<p>\u00ab\u00a0Je suis tr\u00e8s pr\u00e9occup\u00e9 [par] le message envoy\u00e9\u00a0\u00bb, a affirm\u00e9 le Dr\u00a0Nicholas Brousseau, sp\u00e9cialiste en m\u00e9decine pr\u00e9ventive \u00e0 l\u2019Institut national de sant\u00e9 publique du Qu\u00e9bec (INSPQ) et expert dans la vaccination, notamment celle de l\u2019h\u00e9patite B, en entrevue au Devoir.<\/p>\n<p>\u00ab\u00a0Il faut vraiment regarder de mani\u00e8re critique ce qui sort de ce comit\u00e9, parce qu\u2019il transmet des messages qui peuvent \u00eatre faux, ou des \u00e9l\u00e9ments erron\u00e9s\u00a0\u00bb, a-t-il avanc\u00e9. \u00ab\u00a0La crainte est que la confiance s\u2019\u00e9rode et qu\u2019une plus petite portion d\u2019enfants se fassent vacciner.\u00a0\u00bb<\/p>\n<p>Pour Jesse Papenburg, p\u00e9diatre, infectiologue et microbiologiste au Centre universitaire de sant\u00e9 McGill, ce discours \u00ab\u00a0va augmenter l\u2019h\u00e9sitation vaccinale aux \u00c9tats-Unis\u00a0\u00bb. \u00ab\u00a0On a maintenant des personnes en position d\u2019autorit\u00e9 qui vendent des fausset\u00e9s, des m\u00e9sinformations\u00a0\u00bb, a-t-il d\u00e9plor\u00e9, allant m\u00eame jusqu\u2019\u00e0 parler de \u00ab\u00a0trag\u00e9die scientifique\u00a0\u00bb.<\/p>\n<p>La plupart des membres de ce comit\u00e9 sont critiqu\u00e9s pour leur manque d\u2019expertise ou pour avoir relay\u00e9 de fausses informations sur les vaccins.<\/p>\n<p>\u00ab\u00a0Un retour en arri\u00e8re\u00a0\u00bb<\/p>\n<p>Vendredi, ce comit\u00e9 a annonc\u00e9 avoir d\u00e9cid\u00e9 de cesser de recommander le vaccin contre l\u2019h\u00e9patite B \u00e0 l\u2019ensemble des nouveau-n\u00e9s, contre l\u2019avis de nombreux soignants. Cette d\u00e9cision devrait \u00eatre suivie par les autorit\u00e9s f\u00e9d\u00e9rales am\u00e9ricaines et conduire \u00e0 la fin de l\u2019actuelle politique de pr\u00e9vention du pays, en vigueur depuis plus de 30\u00a0ans.<\/p>\n<p>Ce programme, mis en place en 1991, a contribu\u00e9 \u00e0 une \u00ab\u00a0chute consid\u00e9rable de cas d\u2019h\u00e9patite B aux \u00c9tats-Unis\u00a0\u00bb, a affirm\u00e9 le Dr\u00a0Papenburg, qui est \u00e9galement le pr\u00e9sident du Comit\u00e9 sur l\u2019immunisation du Qu\u00e9bec. \u00ab\u00a0Il n\u2019y avait aucune raison fond\u00e9e\u00a0\u00bb pour remettre en question cette politique, a-t-il soulign\u00e9. Pour lui, il n\u2019y a pas de doute\u00a0: \u00ab\u00a0c\u2019est clair que \u00e7a va diminuer la couverture vaccinale aux \u00c9tats-Unis\u00a0\u00bb.<\/p>\n<p>Selon la nouvelle recommandation, l\u2019administration d\u2019une premi\u00e8re dose de vaccin contre l\u2019h\u00e9patite B \u2014 sur trois \u2014 dans les premi\u00e8res heures de la vie d\u2019un enfant ne serait plus syst\u00e9matiquement recommand\u00e9e aux b\u00e9b\u00e9s dont la m\u00e8re a obtenu un d\u00e9pistage n\u00e9gatif.<\/p>\n<p>L\u2019h\u00e9patite B est une maladie virale du foie qui peut notamment \u00eatre transmise par la m\u00e8re lors de l\u2019accouchement et qui expose les personnes touch\u00e9es \u00e0 un risque \u00e9lev\u00e9 de d\u00e9c\u00e8s par cirrhose ou cancer du foie.<\/p>\n<p>Le risque d\u2019\u00e9volution de son stade aigu vers une infection chronique est estim\u00e9 \u00ab\u00a0\u00e0 plus de 90\u00a0% chez les nouveau-n\u00e9s et les nourrissons, \u00e0 25\u00a0%-50\u00a0% chez les enfants de 1 \u00e0 5\u00a0ans et \u00e0 moins de 5\u00a0% chez les personnes de 5\u00a0ans et plus\u00a0\u00bb, selon l\u2019INSPQ.<\/p>\n<p>  Et au Qu\u00e9bec\u00a0?<\/p>\n<p>Au Qu\u00e9bec, le Programme qu\u00e9b\u00e9cois d\u2019immunisation (PQI) pr\u00e9voit trois doses de vaccins contre l\u2019h\u00e9patite B, \u00e0 2, 4 et 18 mois apr\u00e8s la naissance. Selon le Dr\u00a0Papenburg, cette diff\u00e9rence avec les \u00c9tats-Unis s\u2019explique par le fait que \u00ab\u00a0notre syst\u00e8me de sant\u00e9 est diff\u00e9rent\u00a0\u00bb. Le syst\u00e8me am\u00e9ricain est \u00ab\u00a0fragment\u00e9\u00a0\u00bb et marqu\u00e9 par \u00ab\u00a0des probl\u00e8mes d\u2019accessibilit\u00e9\u00a0\u00bb, qui engendre un risque plus grand de transmission des maladies infectieuses.<\/p>\n<p>La vaccination n\u2019est pas obligatoire au Qu\u00e9bec, mais fortement recommand\u00e9e. \u00ab\u00a0On mise vraiment sur le fait de bien informer les parents pour qu\u2019ils prennent la meilleure d\u00e9cision pour leurs enfants\u00a0\u00bb, a expliqu\u00e9 le Dr\u00a0Brousseau. Selon lui, environ 9 enfants sur 10 sont vaccin\u00e9s contre l\u2019h\u00e9patite B dans la province.<\/p>\n<p>Selon le minist\u00e8re de la Sant\u00e9 et des Services sociaux, en 2021-2022, 88\u00a0% des enfants d\u2019un an avaient re\u00e7u toutes les doses des vaccins offerts par le PQI, y compris celui de l\u2019h\u00e9patite B.<\/p>\n<p>\u00ab\u00a0C\u2019est un vaccin tr\u00e8s important\u00a0\u00bb, a soulign\u00e9 le sp\u00e9cialiste. \u00ab\u00a0Il y a de la flexibilit\u00e9 sur le moment exact o\u00f9 il peut \u00eatre donn\u00e9, [\u2026] l\u2019important c\u2019est que tous les enfants soient vaccin\u00e9s contre l\u2019h\u00e9patite B.\u00a0\u00bb<\/p>\n<p>Pour lui, \u00ab\u00a0la strat\u00e9gie [du Qu\u00e9bec] est int\u00e9ressante\u00a0\u00bb, puisque le vaccin contre l\u2019h\u00e9patite B est administr\u00e9 en m\u00eame temps que d\u2019autres, dans une dose combin\u00e9e, notamment contre la dipht\u00e9rie, le t\u00e9tanos et la coqueluche. \u00ab\u00a0\u00c7a permet de prot\u00e9ger les enfants contre l\u2019h\u00e9patite B sans faire d\u2019injection suppl\u00e9mentaire.\u00a0\u00bb<\/p>\n","protected":false},"excerpt":{"rendered":"Apr\u00e8s avoir modifi\u00e9 les recommandations vaccinales sur la COVID-19 et la rougeole, le comit\u00e9 d\u2019experts nomm\u00e9s par le&hellip;\n","protected":false},"author":2,"featured_media":585201,"comment_status":"","ping_status":"","sticky":false,"template":"","format":"standard","meta":{"footnotes":""},"categories":[1589],"tags":[11,73,1866,12,1864,1865,1863,308],"class_list":{"0":"post-585200","1":"post","2":"type-post","3":"status-publish","4":"format-standard","5":"has-post-thumbnail","7":"category-etats-unis","8":"tag-actualites","9":"tag-etats-unis","10":"tag-etats-unis-damerique","11":"tag-news","12":"tag-united-states","13":"tag-united-states-of-america","14":"tag-us","15":"tag-usa"},"share_on_mastodon":{"url":"https:\/\/pubeurope.com\/@fr\/115680978349146374","error":""},"_links":{"self":[{"href":"https:\/\/www.europesays.com\/fr\/wp-json\/wp\/v2\/posts\/585200","targetHints":{"allow":["GET"]}}],"collection":[{"href":"https:\/\/www.europesays.com\/fr\/wp-json\/wp\/v2\/posts"}],"about":[{"href":"https:\/\/www.europesays.com\/fr\/wp-json\/wp\/v2\/types\/post"}],"author":[{"embeddable":true,"href":"https:\/\/www.europesays.com\/fr\/wp-json\/wp\/v2\/users\/2"}],"replies":[{"embeddable":true,"href":"https:\/\/www.europesays.com\/fr\/wp-json\/wp\/v2\/comments?post=585200"}],"version-history":[{"count":0,"href":"https:\/\/www.europesays.com\/fr\/wp-json\/wp\/v2\/posts\/585200\/revisions"}],"wp:featuredmedia":[{"embeddable":true,"href":"https:\/\/www.europesays.com\/fr\/wp-json\/wp\/v2\/media\/585201"}],"wp:attachment":[{"href":"https:\/\/www.europesays.com\/fr\/wp-json\/wp\/v2\/media?parent=585200"}],"wp:term":[{"taxonomy":"category","embeddable":true,"href":"https:\/\/www.europesays.com\/fr\/wp-json\/wp\/v2\/categories?post=585200"},{"taxonomy":"post_tag","embeddable":true,"href":"https:\/\/www.europesays.com\/fr\/wp-json\/wp\/v2\/tags?post=585200"}],"curies":[{"name":"wp","href":"https:\/\/api.w.org\/{rel}","templated":true}]}}