{"id":585202,"date":"2025-12-07T23:53:13","date_gmt":"2025-12-07T23:53:13","guid":{"rendered":"https:\/\/www.europesays.com\/fr\/585202\/"},"modified":"2025-12-07T23:53:13","modified_gmt":"2025-12-07T23:53:13","slug":"un-moment-crucial-pourquoi-les-dirigeants-francais-allemand-et-britannique-se-reunissent-lundi-a-londres-autour-de-volodymyr-zelensky","status":"publish","type":"post","link":"https:\/\/www.europesays.com\/fr\/585202\/","title":{"rendered":"\u00ab\u00a0Un moment crucial\u00a0\u00bb: pourquoi les dirigeants fran\u00e7ais, allemand et britannique se r\u00e9unissent lundi \u00e0 Londres autour de Volodymyr Zelensky"},"content":{"rendered":"<p class=\"mb-4 text-lg md:leading-8 break-words\">Une <a href=\"https:\/\/www.bfmtv.com\/politique\/elysee\/la-russie-ne-cherche-pas-la-paix-emmanuel-macron-rencontrera-a-nouveau-volodymyr-zelensky-lundi-a-londres_AD-202512060284.html\" rel=\"nofollow noopener\" target=\"_blank\" data-ylk=\"slk:nouvelle rencontre;elm:context_link;itc:0;sec:content-canvas\" class=\"link \">nouvelle rencontre<\/a> entre le Fran\u00e7ais Emmanuel Macron, le Britannique Keir Starmer, l&rsquo;Allemand Friedrich Merz et l&rsquo;Ukrainien Volodymyr Zelensky est pr\u00e9vue \u00e0 Londres, ce lundi 8 d\u00e9cembre.<\/p>\n<p class=\"mb-4 text-lg md:leading-8 break-words\">Lors de cette r\u00e9union, qui se tiendra \u00e0 Downing Street, les Europ\u00e9ens feront le point sur les n\u00e9gociations en cours en Floride entre les Ukrainiens et les Am\u00e9ricains. Les discussions qui se d\u00e9roulent aux \u00c9tats-Unis interviennent dans le cadre du <a href=\"https:\/\/fr.news.yahoo.com\/guerre-ukraine-kiev-annonce-avoir-163329964.html\" data-ylk=\"slk:plan am\u00e9ricain visant \u00e0 mettre fin \u00e0 la guerre avec la Russie;elm:context_link;itc:0;sec:content-canvas;outcm:mb_qualified_link;_E:mb_qualified_link;ct:story;\" class=\"link  yahoo-link\" target=\"_blank\" rel=\"noopener\">plan am\u00e9ricain visant \u00e0 mettre fin \u00e0 la guerre avec la Russie<\/a>, pr\u00e9sent\u00e9 en novembre.<\/p>\n<p class=\"mb-4 text-lg md:leading-8 break-words\">Pat McFadden, secr\u00e9taire d&rsquo;\u00c9tat au Travail et aux Retraites au Royaume-Uni, a donn\u00e9 plus de d\u00e9tail sur la rencontre pr\u00e9vue entre les Europ\u00e9ens lundi.<\/p>\n<p>\u00ab\u00a0Des garanties de s\u00e9curit\u00e9 pour l&rsquo;Ukraine\u00a0\u00bb<\/p>\n<p class=\"mb-4 text-lg md:leading-8 break-words\">\u00ab\u00a0Le but de ces discussions est de permettre \u00e0 l&rsquo;Ukraine de d\u00e9cider de son propre avenir, et c&rsquo;est un moment v\u00e9ritablement crucial. Tout le monde souhaite la fin de la guerre, mais il faut une fin qui garantisse \u00e0 l&rsquo;Ukraine sa libert\u00e9 de choix pour l&rsquo;avenir\u00a0\u00bb, a-t-il notamment indiqu\u00e9 sur <a href=\"https:\/\/news.sky.com\/video\/young-people-could-lose-benefits-if-they-refuse-to-try-new-work-schemes-minister-says-13480436\" rel=\"nofollow noopener\" target=\"_blank\" data-ylk=\"slk:Skynews;elm:context_link;itc:0;sec:content-canvas\" class=\"link \">Skynews<\/a> ce dimanche.<\/p>\n<p class=\"mb-4 text-lg md:leading-8 break-words\">Le Britannique a pr\u00e9cis\u00e9 que \u00ab\u00a0cela signifie donc non seulement la fin de la guerre, mais aussi des <a href=\"https:\/\/fr.news.yahoo.com\/d%C3%A9fiance-coop%C3%A9ration-emmanuel-macron-estime-093030087.html\" data-ylk=\"slk:garanties de s\u00e9curit\u00e9 pour l&#039;Ukraine;elm:context_link;itc:0;sec:content-canvas;outcm:mb_qualified_link;_E:mb_qualified_link;ct:story;\" class=\"link  yahoo-link\" target=\"_blank\" rel=\"noopener\">garanties de s\u00e9curit\u00e9 pour l&rsquo;Ukraine<\/a>, et non une organisation totalement impuissante, incapable de d\u00e9cider de son propre destin. Je pense que ce sera au c\u0153ur des discussions de demain.\u00a0\u00bb<\/p>\n<p class=\"mb-4 text-lg md:leading-8 break-words\">Emmanuel Macron avait indiqu\u00e9 sur X samedi que l&rsquo;objectif \u00e9tait d&rsquo;\u00e9voquer \u00ab\u00a0ensemble la situation et les <a href=\"https:\/\/fr.news.yahoo.com\/washington-estime-avoir-fait-progr%C3%A8s-051826147.html\" data-ylk=\"slk:n\u00e9gociations en cours;elm:context_link;itc:0;sec:content-canvas;outcm:mb_qualified_link;_E:mb_qualified_link;ct:story;\" class=\"link  yahoo-link\" target=\"_blank\" rel=\"noopener\">n\u00e9gociations en cours<\/a>\u00ab\u00a0, pr\u00e9cisant que \u00ab\u00a0les Europ\u00e9ens seront n\u00e9cessairement un pilier important de la solution juste et durable que nous sommes en train de b\u00e2tir tous ensemble\u00a0\u00bb.<\/p>\n<p>Peu d&rsquo;informations sur les n\u00e9gociations<\/p>\n<p class=\"mb-4 text-lg md:leading-8 break-words\">Depuis la pr\u00e9sentation du <a href=\"https:\/\/fr.news.yahoo.com\/possible-trahison-%C3%A9tats-unis-guerre-174328847.html\" data-ylk=\"slk:plan am\u00e9ricain,;elm:context_link;itc:0;sec:content-canvas;outcm:mb_qualified_link;_E:mb_qualified_link;ct:story;\" class=\"link  yahoo-link\" target=\"_blank\" rel=\"noopener\">plan am\u00e9ricain,<\/a> l&rsquo;Union europ\u00e9enne tente de peser sur ce texte dont la premi\u00e8re version avait \u00e9t\u00e9 per\u00e7ue comme tr\u00e8s favorable aux int\u00e9r\u00eats russes et n\u00e9goci\u00e9 par un homme, <a href=\"https:\/\/fr.news.yahoo.com\/guerre-ukraine-vladimir-poutine-juge-091233835.html\" data-ylk=\"slk:Steve Witkoff;elm:context_link;itc:0;sec:content-canvas;outcm:mb_qualified_link;_E:mb_qualified_link;ct:story;\" class=\"link  yahoo-link\" target=\"_blank\" rel=\"noopener\">Steve Witkoff<\/a>, critiqu\u00e9 pour sa proximit\u00e9 avec Moscou.<\/p>\n<p class=\"mb-4 text-lg md:leading-8 break-words\">Peu d&rsquo;informations ont, depuis, partag\u00e9es sur les avanc\u00e9es de ces n\u00e9gociations et sur les progr\u00e8s r\u00e9alis\u00e9s. <a href=\"https:\/\/fr.news.yahoo.com\/volodymyr-zelensky-appelle-%C3%A0-fin-143731074.html\" data-ylk=\"slk:Volodymyr Zelensky;elm:context_link;itc:0;sec:content-canvas;outcm:mb_qualified_link;_E:mb_qualified_link;ct:story;\" class=\"link  yahoo-link\" target=\"_blank\" rel=\"noopener\">Volodymyr Zelensky<\/a> a, cependant, indiqu\u00e9 sur X ce dimanche qu&rsquo;il s&rsquo;\u00e9tait entretenu avec les \u00e9missaires am\u00e9ricains Steve Witkoff et Jared Kushner ainsi que les n\u00e9gociateurs ukrainiens.<\/p>\n<p class=\"mb-4 text-lg md:leading-8 break-words\">\u00ab\u00a0Nous avons abord\u00e9 de nombreux aspects et examin\u00e9 les points cl\u00e9 qui pourraient garantir la fin du bain de sang et \u00e9liminer la menace d&rsquo;une nouvelle invasion russe \u00e0 grande \u00e9chelle, ainsi que le risque que la Russie ne respecte pas ses promesses, comme cela s&rsquo;est produit \u00e0 plusieurs reprises par le pass\u00e9\u00a0\u00bb, a \u00e9crit le pr\u00e9sident ukrainien.<\/p>\n<p>Des frappes contre des infrastructures ukrainiennes<\/p>\n<p class=\"mb-4 text-lg md:leading-8 break-words\">\u00ab\u00a0L&rsquo;Ukraine est d\u00e9termin\u00e9e \u00e0 poursuivre sa collaboration de bonne foi avec les \u00c9tats-Unis afin de parvenir \u00e0 une paix v\u00e9ritable\u00a0\u00bb, a-t-il ajout\u00e9.<\/p>\n<p class=\"mb-4 text-lg md:leading-8 break-words\">Ces discussions diplomatiques interviennent au moment o\u00f9 des nouvelles frappes russes massives contre des infrastructures ukrainiennes ont priv\u00e9 samedi de chauffage et d&rsquo;eau des milliers de foyers \u00e0 travers le pays.<\/p>\n<p class=\"mb-4 text-lg md:leading-8 break-words\">Trois bless\u00e9s ont \u00e9t\u00e9 rapport\u00e9s par le gouverneur dans la r\u00e9gion de Kiev, et d&rsquo;autres drones et missiles ont pris pour cible des sites \u00e9nerg\u00e9tiques dans les r\u00e9gions de Tcherniguiv (nord), Zaporijjia (sud), Lviv (ouest) et Dnipropetrovsk (centre-est), ont affirm\u00e9 des responsables ukrainiens.<\/p>\n<p class=\"mb-4 text-lg md:leading-8 break-words\"><a href=\"https:\/\/www.bfmtv.com\/international\/europe\/ukraine\/un-moment-crucial-pourquoi-les-dirigeants-francais-allemand-et-britannique-se-reunissent-lundi-a-londres-autour-de-volodymyr-zelensky_AN-202512070325.html#xtor=AL-68\" rel=\"nofollow noopener\" target=\"_blank\" data-ylk=\"slk:Article original publi\u00e9 sur BFMTV.com;elm:context_link;itc:0;sec:content-canvas\" class=\"link \">Article original publi\u00e9 sur BFMTV.com<\/a><\/p>\n","protected":false},"excerpt":{"rendered":"Une nouvelle rencontre entre le Fran\u00e7ais Emmanuel Macron, le Britannique Keir Starmer, l&rsquo;Allemand Friedrich Merz et l&rsquo;Ukrainien Volodymyr&hellip;\n","protected":false},"author":2,"featured_media":585203,"comment_status":"","ping_status":"","sticky":false,"template":"","format":"standard","meta":{"footnotes":""},"categories":[1588],"tags":[11,1777,674,22009,4710,45221,69867,12,473,1853,1851,1850,1852,134],"class_list":{"0":"post-585202","1":"post","2":"type-post","3":"status-publish","4":"format-standard","5":"has-post-thumbnail","7":"category-royaume-uni","8":"tag-actualites","9":"tag-eu","10":"tag-europe","11":"tag-fin-de-la-guerre","12":"tag-friedrich-merz","13":"tag-garanties-de-securite","14":"tag-liberte-de-choix","15":"tag-news","16":"tag-royaume-uni","17":"tag-royaume-uni-de-grande-bretagne-et-dirlande-du-nord","18":"tag-uk","19":"tag-united-kingdom","20":"tag-united-kingdom-of-great-britain-and-northern-ireland","21":"tag-volodymyr-zelensky"},"share_on_mastodon":{"url":"https:\/\/pubeurope.com\/@fr\/115680982220982385","error":""},"_links":{"self":[{"href":"https:\/\/www.europesays.com\/fr\/wp-json\/wp\/v2\/posts\/585202","targetHints":{"allow":["GET"]}}],"collection":[{"href":"https:\/\/www.europesays.com\/fr\/wp-json\/wp\/v2\/posts"}],"about":[{"href":"https:\/\/www.europesays.com\/fr\/wp-json\/wp\/v2\/types\/post"}],"author":[{"embeddable":true,"href":"https:\/\/www.europesays.com\/fr\/wp-json\/wp\/v2\/users\/2"}],"replies":[{"embeddable":true,"href":"https:\/\/www.europesays.com\/fr\/wp-json\/wp\/v2\/comments?post=585202"}],"version-history":[{"count":0,"href":"https:\/\/www.europesays.com\/fr\/wp-json\/wp\/v2\/posts\/585202\/revisions"}],"wp:featuredmedia":[{"embeddable":true,"href":"https:\/\/www.europesays.com\/fr\/wp-json\/wp\/v2\/media\/585203"}],"wp:attachment":[{"href":"https:\/\/www.europesays.com\/fr\/wp-json\/wp\/v2\/media?parent=585202"}],"wp:term":[{"taxonomy":"category","embeddable":true,"href":"https:\/\/www.europesays.com\/fr\/wp-json\/wp\/v2\/categories?post=585202"},{"taxonomy":"post_tag","embeddable":true,"href":"https:\/\/www.europesays.com\/fr\/wp-json\/wp\/v2\/tags?post=585202"}],"curies":[{"name":"wp","href":"https:\/\/api.w.org\/{rel}","templated":true}]}}