{"id":585204,"date":"2025-12-07T23:54:19","date_gmt":"2025-12-07T23:54:19","guid":{"rendered":"https:\/\/www.europesays.com\/fr\/585204\/"},"modified":"2025-12-07T23:54:19","modified_gmt":"2025-12-07T23:54:19","slug":"et-si-la-solution-pour-la-voiture-electrique-venait-dallemagne-ce-moteur-diesel-hybride-parcourt-120-km-avant-de-consommer-une-goutte-de-gazole","status":"publish","type":"post","link":"https:\/\/www.europesays.com\/fr\/585204\/","title":{"rendered":"Et si la solution pour la voiture \u00e9lectrique venait d&rsquo;Allemagne ? Ce moteur diesel-hybride parcourt 120 km avant de consommer une goutte de gazole"},"content":{"rendered":"<p>Alors que l\u2019industrie automobile europ\u00e9enne s\u2019engage \u00e0 marche forc\u00e9e vers l\u2019\u00e9lectrification, Mercedes-Benz joue la carte du pragmatisme. Avec le <strong>GLC 300de<\/strong>, la marque allemande relance un concept rare en 2025 : celui du <strong>SUV hybride rechargeable diesel<\/strong>, alliant sobri\u00e9t\u00e9 sur longue distance et autonomie \u00e9lectrique record en usage urbain. Une alternative r\u00e9aliste face \u00e0 un tout-\u00e9lectrique encore contraignant pour certains profils d\u2019automobilistes.<\/p>\n<p>Le<strong> GLC 300de annonce jusqu\u2019\u00e0 120 km d\u2019autonomie 100 % \u00e9lectrique<\/strong> en cycle WLTP, soit l\u2019une des meilleures valeurs du march\u00e9 pour un PHEV. De quoi couvrir les trajets quotidiens sans faire appel au moteur thermique. Mais l\u00e0 o\u00f9 la plupart des hybrides rechargeables s\u2019appuient sur un bloc essence, <strong>Mercedes choisit le diesel<\/strong>, synonyme d\u2019endurance et d\u2019efficience sur autoroute. Un pari os\u00e9, \u00e0 contre-courant des tendances r\u00e9glementaires actuelles, mais peut-\u00eatre pertinent pour les gros rouleurs.<\/p>\n<p>Avec cette motorisation double c\u0153ur, Mercedes entend s\u00e9duire une client\u00e8le exigeante : celle qui refuse les compromis d\u2019un <strong>100 % \u00e9lectrique<\/strong> tout en souhaitant b\u00e9n\u00e9ficier des avantages de la conduite z\u00e9ro \u00e9mission en ville. \u00c0 l\u2019heure o\u00f9 les zones \u00e0 faibles \u00e9missions se multiplient et o\u00f9 l\u2019offre thermique se r\u00e9duit, ce <strong>GLC 300de<\/strong> pourrait bien repr\u00e9senter une forme d\u2019\u00e9quilibre que beaucoup attendaient.<\/p>\n<p><img fetchpriority=\"high\" decoding=\"async\" class=\"size-full wp-image-27991 webpexpress-processed\" src=\"data:image\/svg+xml,%3Csvg%20xmlns=\" http:=\"\" alt=\"Vue de profil du Mercedes GLC 300de 4MATIC hybride diesel rechargeable en finition AMG Line\" width=\"1200\" height=\"675\" data-lazy- data-lazy- data-lazy-src=\"https:\/\/www.europesays.com\/fr\/wp-content\/uploads\/2025\/12\/mercedes-glc-phev-2026-01.jpg\"\/>Le Mercedes GLC 300de conserve des proportions \u00e9quilibr\u00e9es et muscl\u00e9es. Sa silhouette fluide dissimule une technologie hybride avanc\u00e9e et une batterie g\u00e9n\u00e9reuse. \u00a9 Mercedes-Benz<br \/>\nUn SUV premium hybride diesel rechargeable : Mercedes persiste et signe<\/p>\n<p>Dans un contexte o\u00f9 la majorit\u00e9 des constructeurs ont abandonn\u00e9 les <strong>hybrides rechargeables diesel<\/strong>, Mercedes persiste avec une formule aussi rare que singuli\u00e8re. Le <strong>GLC 300de 4MATIC<\/strong> combine un <strong>bloc diesel 2.0 de 197 ch<\/strong> avec un <strong>moteur \u00e9lectrique de 136 ch<\/strong>, pour une puissance cumul\u00e9e de <strong>335 ch<\/strong> et un couple impressionnant de <strong>750 Nm<\/strong>. Le tout, associ\u00e9 \u00e0 une transmission int\u00e9grale et une bo\u00eete automatique \u00e0 9 rapports.<\/p>\n<blockquote class=\"wp-embedded-content\" data-secret=\"GBMS3Rww3t\">\n<p><a href=\"https:\/\/www.passionandcar.fr\/2025\/12\/07\/39-litres-aux-100-km-seulement-cette-hybride-qui-vient-darriver-est-la-rivale-la-plus-inattendue-de-la-toyota-corolla\/\" target=\"_blank\" rel=\"noopener\">3,9 litres aux 100 km seulement : cette hybride qui vient d\u2019arriver est la rivale la plus inattendue de la Toyota Corolla<\/a><\/p>\n<\/blockquote>\n<p>La vraie surprise vient de la <strong>batterie embarqu\u00e9e de 31,2 kWh<\/strong>, une capacit\u00e9 nettement sup\u00e9rieure \u00e0 celle des PHEV traditionnels, souvent limit\u00e9s \u00e0 13 ou 15 kWh. R\u00e9sultat : une <strong>autonomie \u00e9lectrique th\u00e9orique de 120 km WLTP<\/strong>, soit l\u2019une des meilleures du march\u00e9, tout segment confondu. Une performance qui permet de parcourir ses trajets quotidiens sans d\u00e9marrer le moteur thermique, m\u00eame en hiver.<\/p>\n<p>Mercedes ne cherche pas ici \u00e0 faire de volume, mais \u00e0 r\u00e9pondre \u00e0 un besoin tr\u00e8s sp\u00e9cifique : celui de clients \u00e0 la fois urbains et grands rouleurs, soucieux d\u2019optimiser leur consommation sur autoroute sans renoncer aux avantages de la mobilit\u00e9 \u00e9lectrique en ville. Un positionnement de niche, mais finement calibr\u00e9.<\/p>\n<p><img loading=\"lazy\" decoding=\"async\" class=\"size-full wp-image-27992 webpexpress-processed\" src=\"data:image\/svg+xml,%3Csvg%20xmlns=\" http:=\"\" alt=\"Int\u00e9rieur conducteur du GLC 300de avec \u00e9cran central vertical et instrumentation num\u00e9rique\" width=\"1200\" height=\"800\" data-lazy- data-lazy- data-lazy-src=\"https:\/\/www.europesays.com\/fr\/wp-content\/uploads\/2025\/12\/mercedes-glc-phev-2026.jpg\"\/>Le poste de conduite du GLC hybride m\u00eale luxe et technologie : double \u00e9cran digital, sellerie haut de gamme et ergonomie soign\u00e9e cr\u00e9ent une ambiance premium. \u00a9 Mercedes-Benz<br \/>\nAutonomie \u00e9lectrique record, consommation contenue : l\u2019\u00e9quilibre technologique<\/p>\n<p>Gr\u00e2ce \u00e0 sa grande batterie, le <strong>GLC 300de<\/strong> peut effectuer la majorit\u00e9 des d\u00e9placements urbains et p\u00e9riurbains <strong>en mode 100 % \u00e9lectrique<\/strong>. Il accepte jusqu\u2019\u00e0 <strong>60 kW en courant continu<\/strong>, ce qui permet une recharge de 10 \u00e0 80 % en environ 30 minutes \u2014 un atout rare pour un hybride rechargeable, qui d\u00e9passe g\u00e9n\u00e9ralement \u00e0 peine les 7,4 kW en AC.<\/p>\n<blockquote class=\"wp-embedded-content\" data-secret=\"qkEu0STz8a\">\n<p><a href=\"https:\/\/www.passionandcar.fr\/2025\/12\/06\/fabrique-en-espagne-plus-de-400-cv-7-places-et-140-km-sans-une-goutte-dessence-ce-suv-4x4-surequipe-na-aucun-rival-sur-le-rapport-qualite-prix\/\" target=\"_blank\" rel=\"noopener\">Fabriqu\u00e9 en Espagne, plus de 400 CV, 7 places et 140 km sans une goutte d\u2019essence : ce SUV 4\u00d74 sur\u00e9quip\u00e9 n\u2019a aucun rival sur le rapport qualit\u00e9-prix<\/a><\/p>\n<\/blockquote>\n<p>En usage combin\u00e9, la <strong>consommation moyenne WLTP<\/strong> reste ma\u00eetris\u00e9e : <strong>1,1 \u00e0 1,3 l\/100 km<\/strong>, selon les versions. Mais dans la pratique, sur longs trajets, le moteur diesel assure des moyennes r\u00e9alistes autour de <strong>5 \u00e0 6 l\/100 km<\/strong>, bien inf\u00e9rieures \u00e0 celles des hybrides essence \u00e9quivalents. C\u2019est l\u00e0 que l\u2019hybride diesel reprend tout son sens : la <strong>sobri\u00e9t\u00e9 sur autoroute<\/strong> reste in\u00e9gal\u00e9e, sans d\u00e9pendre des bornes.<\/p>\n<p>Certes, l\u2019ajout de la batterie et du syst\u00e8me \u00e9lectrique entra\u00eene un <strong>poids \u00e9lev\u00e9 (pr\u00e8s de 2,4 tonnes)<\/strong>, et le <strong>volume de coffre<\/strong> est amput\u00e9 (460 L contre plus de 600 L sur un GLC thermique), mais la <strong>polyvalence \u00e9nerg\u00e9tique<\/strong> qu\u2019offre ce mod\u00e8le compense ces concessions pour une client\u00e8le cibl\u00e9e.<\/p>\n<p><img loading=\"lazy\" decoding=\"async\" class=\"size-full wp-image-27993 webpexpress-processed\" src=\"data:image\/svg+xml,%3Csvg%20xmlns=\" http:=\"\" alt=\"Face avant du Mercedes GLC 300de avec calandre \u00e9toil\u00e9e et signature lumineuse LED\" width=\"1200\" height=\"675\" data-lazy- data-lazy- data-lazy-src=\"https:\/\/www.europesays.com\/fr\/wp-content\/uploads\/2025\/12\/mercedes-glc-phev-2026-02.jpg\"\/>La face avant du GLC hybride diesel affiche une calandre imposante, encadr\u00e9e par des projecteurs LED matriciels \u00e0 la signature \u00e9l\u00e9gante, typique de la marque. \u00a9 Mercedes-Benz<br \/>\nConfort et technologie Mercedes au service de l\u2019efficacit\u00e9<\/p>\n<p>\u00c0 l\u2019int\u00e9rieur, le <strong>GLC 300de<\/strong> ne diff\u00e8re gu\u00e8re des autres versions de la gamme. On retrouve une <strong>planche de bord num\u00e9rique<\/strong>, un <strong>grand \u00e9cran central tactile<\/strong>, des <strong>mat\u00e9riaux haut de gamme<\/strong>, et une <strong>ergonomie pens\u00e9e pour le confort au long cours<\/strong>. Le silence en mode \u00e9lectrique, l\u2019agr\u00e9ment du couple instantan\u00e9, et le moelleux des suspensions viennent renforcer l\u2019impression de luxe ma\u00eetris\u00e9.<\/p>\n<p>La navigation intelligente propose des <strong>itin\u00e9raires optimis\u00e9s pour maximiser l\u2019usage \u00e9lectrique<\/strong>, et le syst\u00e8me peut \u00eatre configur\u00e9 pour <strong>pr\u00e9server la batterie<\/strong> avant d\u2019entrer en <strong>zones \u00e0 faibles \u00e9missions<\/strong>. Le conducteur a aussi la possibilit\u00e9 de forcer la recharge de la batterie via le moteur diesel en roulant, une fonctionnalit\u00e9 utile pour anticiper certains trajets.<\/p>\n<p>Mercedes n\u2019a pas non plus l\u00e9sin\u00e9 sur la s\u00e9curit\u00e9 : aides \u00e0 la conduite, maintien de voie, r\u00e9gulateur adaptatif avec fonction embouteillage, cam\u00e9ra 360\u00b0, tout est l\u00e0 pour offrir une <strong>exp\u00e9rience de conduite haut de gamme<\/strong>\u2026 hybride ou non.<\/p>\n<p><img loading=\"lazy\" decoding=\"async\" class=\"size-full wp-image-27994 webpexpress-processed\" src=\"data:image\/svg+xml,%3Csvg%20xmlns=\" http:=\"\" alt=\"Arri\u00e8re du Mercedes GLC 300de avec feux LED et badge EQ Power sur le hayon\" width=\"1200\" height=\"675\" data-lazy- data-lazy- data-lazy-src=\"https:\/\/www.europesays.com\/fr\/wp-content\/uploads\/2025\/12\/mercedes-glc-phev-2026-04.jpg\"\/>\u00c0 l\u2019arri\u00e8re, le GLC 300de se distingue par ses feux effil\u00e9s et son badge EQ Power discret. Le double \u00e9chappement int\u00e9gr\u00e9 rappelle la pr\u00e9sence du moteur thermique. \u00a9 Mercedes-Benz<br \/>\nUne proposition atypique mais pertinente pour certains profils<\/p>\n<p>Sur le march\u00e9 fran\u00e7ais, le <strong>Mercedes GLC 300de<\/strong> est affich\u00e9 \u00e0 partir de <strong>75 600 \u20ac<\/strong>, un tarif \u00e9lev\u00e9, mais coh\u00e9rent dans l\u2019univers des SUV premium bien motoris\u00e9s. Ce mod\u00e8le ne s\u2019adresse pas \u00e0 la masse, mais \u00e0 une cible pr\u00e9cise : les conducteurs parcourant beaucoup de kilom\u00e8tres, mais souhaitant <strong>rouler en \u00e9lectrique en ville<\/strong>, <strong>r\u00e9duire leur consommation globale<\/strong>, et <strong>conserver leur libert\u00e9 sur long trajet<\/strong>.<\/p>\n<p>Face aux SUV 100 % \u00e9lectriques \u00e0 autonomie comparable \u2014 comme le Tesla Model Y ou le BMW iX3 \u2014, le GLC 300de propose <strong>une alternative cr\u00e9dible et rassurante<\/strong>, sans contrainte de recharge rapide ni anxi\u00e9t\u00e9 d\u2019autonomie. Compar\u00e9 aux hybrides essence comme le Volvo XC60 T6 Recharge, il se d\u00e9marque surtout par <strong>une efficience autorouti\u00e8re tr\u00e8s sup\u00e9rieure<\/strong>.<\/p>\n<p>Reste \u00e0 voir si la r\u00e9glementation fran\u00e7aise et europ\u00e9enne continuera de <strong>tol\u00e9rer les hybrides diesel<\/strong> dans les ann\u00e9es \u00e0 venir. Mais en 2025, ce GLC 300de a une carte \u00e0 jouer pour ceux qui refusent encore de basculer dans le tout-\u00e9lectrique\u2026 sans pour autant renoncer \u00e0 l\u2019innovation.<\/p>\n","protected":false},"excerpt":{"rendered":"Alors que l\u2019industrie automobile europ\u00e9enne s\u2019engage \u00e0 marche forc\u00e9e vers l\u2019\u00e9lectrification, Mercedes-Benz joue la carte du pragmatisme. Avec&hellip;\n","protected":false},"author":2,"featured_media":585205,"comment_status":"","ping_status":"","sticky":false,"template":"","format":"standard","meta":{"footnotes":""},"categories":[1587],"tags":[11,672,1804,1805,1803,1777,674,1801,4320,12,1802],"class_list":{"0":"post-585204","1":"post","2":"type-post","3":"status-publish","4":"format-standard","5":"has-post-thumbnail","7":"category-allemagne","8":"tag-actualites","9":"tag-allemagne","10":"tag-bundesrepublik-deutschland","11":"tag-de","12":"tag-deutschland","13":"tag-eu","14":"tag-europe","15":"tag-germany","16":"tag-mercedes","17":"tag-news","18":"tag-republique-federale-dallemagne"},"share_on_mastodon":{"url":"https:\/\/pubeurope.com\/@fr\/115680986030330974","error":""},"_links":{"self":[{"href":"https:\/\/www.europesays.com\/fr\/wp-json\/wp\/v2\/posts\/585204","targetHints":{"allow":["GET"]}}],"collection":[{"href":"https:\/\/www.europesays.com\/fr\/wp-json\/wp\/v2\/posts"}],"about":[{"href":"https:\/\/www.europesays.com\/fr\/wp-json\/wp\/v2\/types\/post"}],"author":[{"embeddable":true,"href":"https:\/\/www.europesays.com\/fr\/wp-json\/wp\/v2\/users\/2"}],"replies":[{"embeddable":true,"href":"https:\/\/www.europesays.com\/fr\/wp-json\/wp\/v2\/comments?post=585204"}],"version-history":[{"count":0,"href":"https:\/\/www.europesays.com\/fr\/wp-json\/wp\/v2\/posts\/585204\/revisions"}],"wp:featuredmedia":[{"embeddable":true,"href":"https:\/\/www.europesays.com\/fr\/wp-json\/wp\/v2\/media\/585205"}],"wp:attachment":[{"href":"https:\/\/www.europesays.com\/fr\/wp-json\/wp\/v2\/media?parent=585204"}],"wp:term":[{"taxonomy":"category","embeddable":true,"href":"https:\/\/www.europesays.com\/fr\/wp-json\/wp\/v2\/categories?post=585204"},{"taxonomy":"post_tag","embeddable":true,"href":"https:\/\/www.europesays.com\/fr\/wp-json\/wp\/v2\/tags?post=585204"}],"curies":[{"name":"wp","href":"https:\/\/api.w.org\/{rel}","templated":true}]}}