{"id":585206,"date":"2025-12-07T23:55:12","date_gmt":"2025-12-07T23:55:12","guid":{"rendered":"https:\/\/www.europesays.com\/fr\/585206\/"},"modified":"2025-12-07T23:55:12","modified_gmt":"2025-12-07T23:55:12","slug":"france-le-plus-grand-telepherique-urbain-deurope-est-fin-pret-en-region-parisienne-reportage-france","status":"publish","type":"post","link":"https:\/\/www.europesays.com\/fr\/585206\/","title":{"rendered":"France: le plus grand t\u00e9l\u00e9ph\u00e9rique urbain d&rsquo;Europe est fin pr\u00eat en r\u00e9gion parisienne &#8211; Reportage France"},"content":{"rendered":"<p>\n                                                En France, le d\u00e9partement du Val-de-Marne, au sud-est de Paris, s&rsquo;appr\u00eate \u00e0 inaugurer le plus long t\u00e9l\u00e9ph\u00e9rique urbain d&rsquo;Europe. Il permettra de relier trois communes de banlieue au r\u00e9seau du m\u00e9tro parisien, en deux \u00e0 trois fois moins de temps qu&rsquo;aujourd&rsquo;hui. Ce syst\u00e8me a\u00e9rien de transport en commun s\u00e9duit de plus en plus les grandes agglom\u00e9rations. Apr\u00e8s Grenoble, Toulouse, Brest, Saint-Denis de la R\u00e9union et Ajaccio, la r\u00e9gion parisienne aura le sien, \u00e0 partir de ce samedi 13 d\u00e9cembre.                    <\/p>\n<p>L&rsquo;exercice est obligatoire avant la mise en service du t\u00e9l\u00e9ph\u00e9rique. Les pompiers simulent le pire des sc\u00e9narios\u00a0: une panne \u00e9lectrique, un syst\u00e8me de secours d\u00e9fectueux et un malaise de voyageurs. Le tout \u00e0 plus de 20 m\u00e8tres du sol.<\/p>\n<p> Un t\u00e9l\u00e9ph\u00e9rique urbain <\/p>\n<p>\u00ab\u00a0Les \u00e9quipes vont commencer \u00e0 grimper avec des moyens d\u00e9di\u00e9s. \u00c7a va leur permettre d&rsquo;\u00eatre au plus t\u00f4t en haut. Simultan\u00e9ment, le bras s&rsquo;\u00e9l\u00e8ve et une fois que les gens sont \u00e9quip\u00e9s de harnais, ils vont pouvoir eux-m\u00eames monter \u00e0 bord de la nacelle et \u00eatre \u00e9vacu\u00e9s sur un seul mouvement de bras\u00a0\u00bb, explique un technicien.<\/p>\n<p>Au m\u00eame moment, les premiers flocons de la saison commencent \u00e0 tomber. Tout est r\u00e9uni pour donner \u00e0 cette plaine de r\u00e9gion parisienne des airs de station de ski, avec sa centaine de cabines suspendues au-dessus des t\u00eates. Mais si la plupart des t\u00e9l\u00e9ph\u00e9riques sont con\u00e7us pour franchir des obstacles g\u00e9ographiques, gravir une montagne ou enjamber un fleuve, ici, les obstacles sont urbains. Vanessa Olivier, directrice de Transdev Coteaux de la Marne, la soci\u00e9t\u00e9 exploitante, d\u00e9crypte :<\/p>\n<p>\u00ab\u00a0On passe au-dessus d&rsquo;une \u00e9norme plateforme de fret logistique, de voies ferr\u00e9es, de routes. Et c&rsquo;est vrai qu&rsquo;en choisissant le t\u00e9l\u00e9ph\u00e9rique, on passe au-dessus des obstacles. Et \u00e7a permet de gagner du temps dans des conditions tr\u00e8s agr\u00e9ables. On est dans les airs, on voit le ciel, on est dans des cabines. On a de l&rsquo;espace, dix personnes maximum. \u00c7a permet de respirer dans ce voyage.\u00a0\u00bb<\/p>\n<p class=\"a-read-more\">\u00c0 lire aussi<a href=\"https:\/\/www.rfi.fr\/fr\/emission\/20160219-telepheriques-urbains-transport-solution-ecologie-climat\" target=\"_self\" class=\"a-read-more__link\" rel=\"noopener\">T\u00e9l\u00e9ph\u00e9riques urbains, le grand bond en avant <\/a><\/p>\n<p> Quatre kilom\u00e8tres et demi en 18 minutes au lieu d&rsquo;une heure <\/p>\n<p>D\u00e9sormais, il sera possible de faire 4,5 kilom\u00e8tres en 18 minutes au lieu d&rsquo;une heure en bus pour rejoindre le r\u00e9seau du m\u00e9tro parisien, le tout pour un moindre co\u00fbt. \u00ab\u00a0Le projet de t\u00e9l\u00e9ph\u00e9rique est moins cher qu&rsquo;un projet tramway. On emporte moins de gens, mais pour ce territoire, \u00e7a r\u00e9pondait parfaitement \u00e0 la fr\u00e9quentation. On n&rsquo;a pas d&#8217;emprise au sol, pas de foncier \u00e0 racheter. Donc effectivement, ce sont des projets qui co\u00fbtent moins cher\u00a0\u00bb, poursuit\u00a0Vanessa Olivier.<\/p>\n<p>Ce t\u00e9l\u00e9ph\u00e9rique desservira notamment Limeil-Br\u00e9vannes o\u00f9 vit Keltouma, 46 ans. Elle travaille \u00e0 <strong><a href=\"https:\/\/www.rfi.fr\/fr\/tag\/paris\/\" target=\"_self\" class=\"gtm-add-suggested-tag\" rel=\"noopener\">Paris<\/a><\/strong> et se r\u00e9jouit de r\u00e9duire son temps de trajet. \u00ab\u00a0Pour prendre le bus, il faut se d\u00e9placer. On en a pour 15 minutes pour aller au bus. Au lieu de prendre le bus, c&rsquo;est plus facile de prendre le t\u00e9l\u00e9ph\u00e9rique. Je suis d&rsquo;origine marocaine, il y a d\u00e9j\u00e0 \u00e7a dans la ville o\u00f9 j&rsquo;habitais, \u00e0 Agadir, mais c&rsquo;est plut\u00f4t touristique.\u00a0\u00bb<\/p>\n<p class=\"a-read-more\">\u00c0 lire aussi<a href=\"https:\/\/www.rfi.fr\/fr\/afrique\/20250825-madagascar-le-nouveau-t\u00e9l\u00e9ph\u00e9rique-d-antananarivo-lanc\u00e9-en-attendant-un-fonctionnement-\u00e0-plein-r\u00e9gime\" target=\"_self\" class=\"a-read-more__link\" rel=\"noopener\">Madagascar: le nouveau t\u00e9l\u00e9ph\u00e9rique d\u2019Antananarivo lanc\u00e9 en attendant un fonctionnement \u00e0 plein r\u00e9gime<\/a><\/p>\n<p> \u00ab\u00a0Je me suis dit que j&rsquo;\u00e9tais en train de r\u00eaver\u00a0\u00bb <\/p>\n<p>Matthis et Dylan, 13 et 14 ans, pourront bient\u00f4t aller au coll\u00e8ge avec ce t\u00e9l\u00e9ph\u00e9rique. \u00ab\u00a0Parce que c&rsquo;est plus rapide que les bus. Le t\u00e9l\u00e9ph\u00e9rique, c&rsquo;est direct\u00a0\u00bb, l\u00e2che l&rsquo;un des coll\u00e9giens. \u00ab\u00a0Moi j&rsquo;habite l\u00e0. J&rsquo;ouvrais ma fen\u00eatre et d&rsquo;un coup, je voyais des cabines voler. Je me suis dit que j&rsquo;\u00e9tais en train de r\u00eaver. Mais je vais laisser les gens essayer avant moi. Quand je serai vraiment s\u00fbr, je le prendrai\u00a0\u00bb, programme l&rsquo;autre adolescent.<\/p>\n<p>La soci\u00e9t\u00e9 d&rsquo;exploitation s&rsquo;attend \u00e0 accueillir d\u00e8s le week-end beaucoup de curieux et de passionn\u00e9s de transports, press\u00e9s de s&rsquo;offrir un voyage dans les airs au prix d&rsquo;un ticket de m\u00e9tro. Transdev tablent ensuite sur 11\u00a0000 passagers par jour.<\/p>\n<p class=\"a-read-more\">\u00c0 lire aussi<a href=\"https:\/\/www.rfi.fr\/fr\/podcasts\/c-est-pas-du-vent\/20251205-le-t\u00e9l\u00e9ph\u00e9rique-urbain-une-solution-qui-monte\" target=\"_self\" class=\"a-read-more__link\" rel=\"noopener\">Le t\u00e9l\u00e9ph\u00e9rique urbain, une solution qui monte<\/a><\/p>\n","protected":false},"excerpt":{"rendered":"En France, le d\u00e9partement du Val-de-Marne, au sud-est de Paris, s&rsquo;appr\u00eate \u00e0 inaugurer le plus long t\u00e9l\u00e9ph\u00e9rique urbain&hellip;\n","protected":false},"author":2,"featured_media":585207,"comment_status":"","ping_status":"","sticky":false,"template":"","format":"standard","meta":{"footnotes":""},"categories":[1586],"tags":[11,1777,674,1011,27,12,626,5920,25,2803],"class_list":{"0":"post-585206","1":"post","2":"type-post","3":"status-publish","4":"format-standard","5":"has-post-thumbnail","7":"category-europe","8":"tag-actualites","9":"tag-eu","10":"tag-europe","11":"tag-fr","12":"tag-france","13":"tag-news","14":"tag-paris","15":"tag-reportage-france","16":"tag-republique-francaise","17":"tag-transport"},"share_on_mastodon":{"url":"https:\/\/pubeurope.com\/@fr\/115680990534784121","error":""},"_links":{"self":[{"href":"https:\/\/www.europesays.com\/fr\/wp-json\/wp\/v2\/posts\/585206","targetHints":{"allow":["GET"]}}],"collection":[{"href":"https:\/\/www.europesays.com\/fr\/wp-json\/wp\/v2\/posts"}],"about":[{"href":"https:\/\/www.europesays.com\/fr\/wp-json\/wp\/v2\/types\/post"}],"author":[{"embeddable":true,"href":"https:\/\/www.europesays.com\/fr\/wp-json\/wp\/v2\/users\/2"}],"replies":[{"embeddable":true,"href":"https:\/\/www.europesays.com\/fr\/wp-json\/wp\/v2\/comments?post=585206"}],"version-history":[{"count":0,"href":"https:\/\/www.europesays.com\/fr\/wp-json\/wp\/v2\/posts\/585206\/revisions"}],"wp:featuredmedia":[{"embeddable":true,"href":"https:\/\/www.europesays.com\/fr\/wp-json\/wp\/v2\/media\/585207"}],"wp:attachment":[{"href":"https:\/\/www.europesays.com\/fr\/wp-json\/wp\/v2\/media?parent=585206"}],"wp:term":[{"taxonomy":"category","embeddable":true,"href":"https:\/\/www.europesays.com\/fr\/wp-json\/wp\/v2\/categories?post=585206"},{"taxonomy":"post_tag","embeddable":true,"href":"https:\/\/www.europesays.com\/fr\/wp-json\/wp\/v2\/tags?post=585206"}],"curies":[{"name":"wp","href":"https:\/\/api.w.org\/{rel}","templated":true}]}}