{"id":585208,"date":"2025-12-07T23:56:12","date_gmt":"2025-12-07T23:56:12","guid":{"rendered":"https:\/\/www.europesays.com\/fr\/585208\/"},"modified":"2025-12-07T23:56:12","modified_gmt":"2025-12-07T23:56:12","slug":"odermatt-a-eu-chaud-a-beaver-creek","status":"publish","type":"post","link":"https:\/\/www.europesays.com\/fr\/585208\/","title":{"rendered":"Odermatt a eu chaud \u00e0 Beaver Creek"},"content":{"rendered":"<p><strong>A l\u2019issue d\u2019une deuxi\u00e8me manche<br \/>\nloin d\u2019\u00eatre \u00e9vidente, Marco Odermatt s\u2019adjuge le slalom g\u00e9ant de<br \/>\nBeaver Creek devant le surprenant Alex Vinatzer et Henrik<br \/>\nKristoffersen. Avec une erreur en d\u00e9but de parcours, Thibaut Favrot<br \/>\nprend la huiti\u00e8me place.<\/strong><\/p>\n<p><strong>Marco Odermatt a retrouv\u00e9 ses marques en slalom<br \/>\ng\u00e9ant.<\/strong> Sorti d\u00e8s la premi\u00e8re manche le week-end dernier \u00e0<br \/>\nCopper Mountain, le Suisse a sign\u00e9 une deuxi\u00e8me victoire en trois<br \/>\ncourses cette saison dans la discipline sur la piste de Beaver<br \/>\nCreek. D\u00e9j\u00e0 largement devant au terme de la premi\u00e8re manche, le<br \/>\nnatif de Stans a vu ses principaux poursuivants se casser les dents<br \/>\nsur la performance du surprenant Alex Vinatzer. Auteur du troisi\u00e8me<br \/>\ntemps de la manche, <strong>l\u2019Italien a gagn\u00e9 huit places pour<br \/>\nrester dans le \u00ab hot seat \u00bb avant le passage de Marco<br \/>\nOdermatt.<\/strong> Ce dernier s\u2019est ainsi \u00e9lanc\u00e9 avec une avance<br \/>\nd\u00e9passant nettement la seconde et a pu g\u00e9rer son \u00e9volution.<br \/>\nToutefois, le Suisse a progressivement perdu du terrain au point de<br \/>\ncraindre de tout perdre dans le final. <strong>Il a malgr\u00e9 tout<br \/>\nsauv\u00e9 23 centi\u00e8mes de seconde pour signer une quatri\u00e8me victoire en<br \/>\nCoupe du Monde cette saison<\/strong>.<\/p>\n<p>Elle intervient trois jours apr\u00e8s celle sur la descente disput\u00e9e<br \/>\ndans la station du Colorado. <strong>Derri\u00e8re Marco Odermatt et<br \/>\nAlex Vinatzer, Henrik Kristoffersen compl\u00e8te le podium \u00e0 34<br \/>\ncenti\u00e8mes de seconde du Suisse<\/strong>. Lucas Pinheiro Braathen,<br \/>\nex-aequo avec le Norv\u00e9gien apr\u00e8s le premier trac\u00e9, a craqu\u00e9 et doit<br \/>\nse contenter de la cinqui\u00e8me place devant River Radamus. Devant son<br \/>\npublic, l\u2019Am\u00e9ricain a gagn\u00e9 douze positions pour terminer sixi\u00e8me<br \/>\nmais <strong>la plus belle remont\u00e9e est \u00e0 mettre au cr\u00e9dit de Lukas<br \/>\nFeurstein<\/strong>. Dernier qualifi\u00e9 pour cette deuxi\u00e8me manche,<br \/>\nl\u2019Autrichien en a sign\u00e9 le meilleur temps pour gagner 20 positions<br \/>\net s\u2019offrir un Top 10. Un haut de classement dans lequel appara\u00eet<br \/>\n\u00e9galement le nom de Thibaut Favrot. Quatri\u00e8me plus t\u00f4t ce dimanche<br \/>\net candidat affirm\u00e9 au podium, <strong>le Tricolore a tout perdu<br \/>\nd\u00e8s les premi\u00e8res portes<\/strong>.<\/p>\n<p>Favrot peut avoir des<br \/>\nregrets<\/p>\n<p>L\u00e2chant plus de sept dixi\u00e8mes de seconde sur une extension,<br \/>\n<strong>le skieur de Strasbourg a essay\u00e9 de limiter les d\u00e9g\u00e2ts mais<br \/>\nil perd quatre positions et prend une huiti\u00e8me place lui laissant<br \/>\nun go\u00fbt amer<\/strong>. Alexis Pinturault manque le Top 10 pour<br \/>\ntrois centi\u00e8mes et prend la 11eme place. Auteur du quatri\u00e8me temps<br \/>\nde la manche, Alban Elezi Cannaferina a gagn\u00e9 douze positions et<br \/>\ntermine \u00e0 une belle 16eme place. L\u00e9o Anguenot s\u2019adjuge la 18eme<br \/>\nposition quand Flavio Vitale termine 21eme. Avec cette victoire,<br \/>\n<strong>Marco Odermatt revient \u00e0 hauteur de Stefan Brennsteiner,<br \/>\nseulement quatri\u00e8me ce dimanche, en t\u00eate du classement de la Coupe<br \/>\ndu Monde de slalom g\u00e9ant<\/strong>. Le Suisse et l\u2019Autrichien<br \/>\npartageront ainsi le dossard rouge de leader \u00e0 Val d\u2019Is\u00e8re le<br \/>\nweek-end prochain. Marco Odermatt conforte \u00e9galement sa premi\u00e8re<br \/>\nplace au classement g\u00e9n\u00e9ral avec plus de 200 longueurs d\u2019avance sur<br \/>\nVincent Kriechmayr, absent \u00e0 Beaver Creek.<\/p>\n<p><img loading=\"lazy\" decoding=\"async\" style=\"vertical-align: middle;\" src=\"https:\/\/www.europesays.com\/fr\/wp-content\/uploads\/2025\/12\/Alpine_skiing_world_cup.png\" alt=\"CM Ski alpin\" width=\"114\" height=\"60\"\/> <strong>SKI ALPIN \u2013 COUPE DU MONDE (H) \/ GEANT DE<br \/>\nBEAVER CREEK<\/strong><br \/><strong>Classement final \u2013 Dimanche 7<br \/>\nd\u00e9cembre 2025<\/strong><br \/><strong>1- Marco Odermatt (SUI) en 2\u201920\u2019\u201959<\/strong><br \/><strong>2-<\/strong> Alex Vinatzer (ITA) \u00e0 0\u2019\u201923<br \/><strong>3-<\/strong> Henrik Kristoffersen (NOR) \u00e0 0\u2019\u201934<br \/><strong>4-<\/strong> Stefan Brennsteiner (AUT) \u00e0 0\u2019\u201941<br \/><strong>5-<\/strong> Lucas Pinheiro Braathen (BRE) \u00e0 0\u2019\u201949<br \/><strong>6-<\/strong> River Radamus (USA) \u00e0 0\u2019\u201960<br \/><strong>7-<\/strong> Atle Lie McGrath (NOR) \u00e0 0\u2019\u201962<br \/><strong>8-<\/strong> Thibaut Favrot<br \/>\n(FRA) \u00e0 0\u2019\u201975<br \/><strong>9-<\/strong> Loic Meillard (SUI) \u00e0 0\u2019\u201984<br \/><strong>10-<\/strong> Lukas Feurstein (AUT) \u00e0 0\u2019\u201989<br \/><strong>11-<\/strong> Alexis Pinturault<br \/>\n(FRA) \u00e0 0\u2019\u201992<br \/><strong>\u2026<\/strong><br \/><strong>16-<\/strong> Alban Elezi<br \/>\nCannaferina (FRA) \u00e0 1\u2019\u201911<br \/><strong>\u2026<\/strong><br \/><strong>18-<\/strong> L\u00e9o Anguenot<br \/>\n(FRA) \u00e0 1\u2019\u201932<br \/><strong>\u2026<\/strong><br \/><strong>21-<\/strong> Flavio Vitale<br \/>\n(FRA) \u00e0 1\u2019\u201964<br \/><strong>\u2026<\/strong><\/p>\n<p><strong>Classement g\u00e9n\u00e9ral de la<br \/>\nCoupe du Monde<\/strong><br \/><strong>1- Marco Odermatt (SUI) 445 points<\/strong><br \/><strong>2-<\/strong> Vincent Kriechmayr (AUT) 227<br \/><strong>3-<\/strong> Henrik Kristoffersen (NOR) 218<br \/><strong>4-<\/strong> Stefan Brennsteiner (AUT) 200<br \/><strong>5-<\/strong> Lucas Pinheiro Braathen (BRE) 197<br \/><strong>\u2026<\/strong><br \/><strong>10-<\/strong> Paco Rassat (FRA)<br \/>\n140<br \/><strong>\u2026<\/strong><\/p>\n<p><strong>Classement de la Coupe du<br \/>\nMonde de slalom g\u00e9ant<\/strong><br \/><strong>1- Stefan Brennsteiner (AUT) 200 points<\/strong><br \/><strong>\u2013 Marco Odermatt (SUI) 200<\/strong><br \/><strong>3-<\/strong> Henrik Kristoffersen (NOR) 176<br \/><strong>4-<\/strong> Alex Vinatzer (ITA) 157<br \/><strong>5-<\/strong> Marco Schwarz (AUT) 139<br \/><strong>\u2026<\/strong><br \/><strong>7-<\/strong> Thibaut Favrot<br \/>\n(FRA) 86<br \/><strong>\u2026<\/strong><\/p>\n","protected":false},"excerpt":{"rendered":"A l\u2019issue d\u2019une deuxi\u00e8me manche loin d\u2019\u00eatre \u00e9vidente, Marco Odermatt s\u2019adjuge le slalom g\u00e9ant de Beaver Creek devant&hellip;\n","protected":false},"author":2,"featured_media":585209,"comment_status":"","ping_status":"","sticky":false,"template":"","format":"standard","meta":{"footnotes":""},"categories":[1586],"tags":[69868,11,69869,451,1777,674,1779,69870,1011,27,69871,1774,12,69872,69873,25,14276,69874,57681,1778,364,69875],"class_list":{"0":"post-585208","1":"post","2":"type-post","3":"status-publish","4":"format-standard","5":"has-post-thumbnail","7":"category-europe","8":"tag-2eme-manche","9":"tag-actualites","10":"tag-beaver-creek","11":"tag-coupe-du-monde","12":"tag-eu","13":"tag-europe","14":"tag-european-union","15":"tag-favrot","16":"tag-fr","17":"tag-france","18":"tag-kristoffersen","19":"tag-masculine","20":"tag-news","21":"tag-odermatt","22":"tag-pinturault","23":"tag-republique-francaise","24":"tag-ski-alpin","25":"tag-slalom-geant","26":"tag-sport365-fr","27":"tag-ue","28":"tag-union-europeenne","29":"tag-vinatzer"},"share_on_mastodon":{"url":"https:\/\/pubeurope.com\/@fr\/115680995107899941","error":""},"_links":{"self":[{"href":"https:\/\/www.europesays.com\/fr\/wp-json\/wp\/v2\/posts\/585208","targetHints":{"allow":["GET"]}}],"collection":[{"href":"https:\/\/www.europesays.com\/fr\/wp-json\/wp\/v2\/posts"}],"about":[{"href":"https:\/\/www.europesays.com\/fr\/wp-json\/wp\/v2\/types\/post"}],"author":[{"embeddable":true,"href":"https:\/\/www.europesays.com\/fr\/wp-json\/wp\/v2\/users\/2"}],"replies":[{"embeddable":true,"href":"https:\/\/www.europesays.com\/fr\/wp-json\/wp\/v2\/comments?post=585208"}],"version-history":[{"count":0,"href":"https:\/\/www.europesays.com\/fr\/wp-json\/wp\/v2\/posts\/585208\/revisions"}],"wp:featuredmedia":[{"embeddable":true,"href":"https:\/\/www.europesays.com\/fr\/wp-json\/wp\/v2\/media\/585209"}],"wp:attachment":[{"href":"https:\/\/www.europesays.com\/fr\/wp-json\/wp\/v2\/media?parent=585208"}],"wp:term":[{"taxonomy":"category","embeddable":true,"href":"https:\/\/www.europesays.com\/fr\/wp-json\/wp\/v2\/categories?post=585208"},{"taxonomy":"post_tag","embeddable":true,"href":"https:\/\/www.europesays.com\/fr\/wp-json\/wp\/v2\/tags?post=585208"}],"curies":[{"name":"wp","href":"https:\/\/api.w.org\/{rel}","templated":true}]}}