{"id":585223,"date":"2025-12-08T00:08:16","date_gmt":"2025-12-08T00:08:16","guid":{"rendered":"https:\/\/www.europesays.com\/fr\/585223\/"},"modified":"2025-12-08T00:08:16","modified_gmt":"2025-12-08T00:08:16","slug":"kevin-danois-explose-auxerre-va-se-faire-attaquer","status":"publish","type":"post","link":"https:\/\/www.europesays.com\/fr\/585223\/","title":{"rendered":"Kevin Danois explose, Auxerre va se faire attaquer"},"content":{"rendered":"<p><b>Dans la lutte pour le maintien, l&rsquo;AJ Auxerre peut compter sur des joueurs concern\u00e9s. Y compris son jeune espoir Kevin Danois, qui ne l\u00e2che rien et marque des points. <\/b><\/p>\n<p><a href=\"https:\/\/www.foot01.com\/auxerre\" target=\"_self\" rel=\"noopener\">Auxerre<\/a> s\u2019est offert une tr\u00e8s pr\u00e9cieuse victoire dans le duel des derniers ce dimanche, avec un succ\u00e8s 3-1 face \u00e0 Metz. Les Bourguignons ont bien men\u00e9 leur barque, gr\u00e2ce notamment \u00e0 un Kevin Danois dans tous les coups. Le milieu de terrain de 21 ans a parachev\u00e9 le succ\u00e8s de son \u00e9quipe d\u2019une superbe frappe du gauche enroul\u00e9e, alors qu\u2019il venait de marquer un but refus\u00e9 pour hors-jeu juste avant. Une preuve que le joueur ne baisse jamais les bras, et brille que ce soit par son activit\u00e9 ou sa qualit\u00e9 technique.Titulaire et quasiment jamais sorti par son entraineur, Kevin Danois impressionne et risque d\u2019\u00eatre consid\u00e9r\u00e9 comme la tr\u00e8s bonne pioche du prochain <a href=\"https:\/\/www.foot01.com\/mercato\" title=\"Mercato\" target=\"_blank\" rel=\"noopener\">mercato<\/a>. Pour cet hiver, l\u2019AJA ne voudra certainement pas le l\u00e2cher, mais sa cote grimpe et il sera forc\u00e9ment bien difficile de garder le joueur form\u00e9 dans l\u2019Yonne. Chez les suiveur de ce match de la peur, voir Kevin Danois \u00e0 ce niveau n\u2019est pas anodin.Tweet not found<\/p>\n<p>The embedded tweet could not be found\u2026<\/p>\n<p>\u00ab Confirmation au passage que Kevin Danois est un bonbon en L1 et que Danny Namaso est une vraie pioche du dernier mercato \u00bb, assure l\u2019influence Scipion. \u00ab Kevin Danois sacr\u00e9 bon petit jugador depuis le d\u00e9but de la saison \u00bb, confirme Serious Charly. Des louanges que les scouts europ\u00e9ens n\u2019ont pas attendu pour se positionner sur le jeune milieu de terrain. Chelsea aimerait bien le recruter en fin de saison, m\u00eame si Auxerre a bien fait les choses en lui faisant signer, en octobre dernier, un contrat l\u2019emmenant jusqu\u2019en 2029. La valeur du Guadeloup\u00e9en ne cesse en tout cas d\u2019augmenter, puisqu\u2019elle se situe d\u00e9sormais \u00e0 plus de 10 millions d\u2019euros.<\/p>\n<p>Et peu importe l\u2019avenir d\u2019Auxerre cette saison, le nouvel international espoir fran\u00e7ais risque d\u2019\u00eatre fortement courtis\u00e9 l\u2019\u00e9t\u00e9 prochain.<\/p>\n","protected":false},"excerpt":{"rendered":"Dans la lutte pour le maintien, l&rsquo;AJ Auxerre peut compter sur des joueurs concern\u00e9s. Y compris son jeune&hellip;\n","protected":false},"author":2,"featured_media":585224,"comment_status":"","ping_status":"","sticky":false,"template":"","format":"standard","meta":{"footnotes":""},"categories":[1410],"tags":[4245,63,1011,27,1434,60],"class_list":{"0":"post-585223","1":"post","2":"type-post","3":"status-publish","4":"format-standard","5":"has-post-thumbnail","7":"category-football","8":"tag-auxerre","9":"tag-football","10":"tag-fr","11":"tag-france","12":"tag-mercato","13":"tag-sports"},"share_on_mastodon":{"url":"https:\/\/pubeurope.com\/@fr\/115681041086892940","error":""},"_links":{"self":[{"href":"https:\/\/www.europesays.com\/fr\/wp-json\/wp\/v2\/posts\/585223","targetHints":{"allow":["GET"]}}],"collection":[{"href":"https:\/\/www.europesays.com\/fr\/wp-json\/wp\/v2\/posts"}],"about":[{"href":"https:\/\/www.europesays.com\/fr\/wp-json\/wp\/v2\/types\/post"}],"author":[{"embeddable":true,"href":"https:\/\/www.europesays.com\/fr\/wp-json\/wp\/v2\/users\/2"}],"replies":[{"embeddable":true,"href":"https:\/\/www.europesays.com\/fr\/wp-json\/wp\/v2\/comments?post=585223"}],"version-history":[{"count":0,"href":"https:\/\/www.europesays.com\/fr\/wp-json\/wp\/v2\/posts\/585223\/revisions"}],"wp:featuredmedia":[{"embeddable":true,"href":"https:\/\/www.europesays.com\/fr\/wp-json\/wp\/v2\/media\/585224"}],"wp:attachment":[{"href":"https:\/\/www.europesays.com\/fr\/wp-json\/wp\/v2\/media?parent=585223"}],"wp:term":[{"taxonomy":"category","embeddable":true,"href":"https:\/\/www.europesays.com\/fr\/wp-json\/wp\/v2\/categories?post=585223"},{"taxonomy":"post_tag","embeddable":true,"href":"https:\/\/www.europesays.com\/fr\/wp-json\/wp\/v2\/tags?post=585223"}],"curies":[{"name":"wp","href":"https:\/\/api.w.org\/{rel}","templated":true}]}}