{"id":585225,"date":"2025-12-08T00:09:10","date_gmt":"2025-12-08T00:09:10","guid":{"rendered":"https:\/\/www.europesays.com\/fr\/585225\/"},"modified":"2025-12-08T00:09:10","modified_gmt":"2025-12-08T00:09:10","slug":"miss-provence-au-coeur-dune-polemique-miss-tahiti-elue-reine","status":"publish","type":"post","link":"https:\/\/www.europesays.com\/fr\/585225\/","title":{"rendered":"Miss Provence au coeur d&rsquo;une pol\u00e9mique, Miss Tahiti \u00e9lue reine"},"content":{"rendered":"<p>\u00c0 ses c\u00f4t\u00e9s juste apr\u00e8s l\u2019annonce du r\u00e9sultat, Miss Provence est venue chaleureusement la f\u00e9liciter. Julie Zitouni a vu, elle, son aventure prendre fin avant l\u2019annonce des 12 demi-finalistes. \u00ab\u00a0D\u00e8s la pr\u00e9-s\u00e9lection, <strong>j\u2019avais expliqu\u00e9 que je ne souhaitais pas int\u00e9grer le top 12<\/strong>, nous confie Miss Provence en exclusivit\u00e9. J\u2019ai compris que je ne pourrais pas assumer ce r\u00f4le. Je me sentais comme un imposteur, pas l\u00e9gitime\u00a0\u00bb.<\/p>\n<p>En parall\u00e8le de cette explication, la Marseillaise a d\u00fb \u00e9galement se justifier d\u2019une vid\u00e9o sur laquelle elle tient des propos injurieux contre d\u2019autres candidates. \u00ab\u00a0J\u2019\u00e9tais avec 18 jeunes filles en pleurs et d\u00e9pit\u00e9es d\u2019\u00eatre \u00e9limin\u00e9es, poursuit Julie Zitouni, entre quelques sanglots. <strong>Une chaperonne nous a m\u00eame dit c\u2019est fini vous pouvez redire des gros mots.<\/strong> J\u2019ai invit\u00e9 les filles \u00e0 manger des bonbons, \u00e0 rigoler et j\u2019ai lanc\u00e9 cette phrase. Mais \u00e7a ne devait pas \u00eatre publi\u00e9.\u00a0\u00bb<\/p>\n<p>\u00ab\u00a0Je me fais harceler. \u00c7a y va fort\u00a0\u00bb<\/p>\n<p>Une s\u00e9quence partag\u00e9e sans son accord par Miss Aquitaine, qui propulse depuis la Marseillaise dans un torrent de haine. <strong>\u00ab\u00a0Je suis \u00e0 30\u00a0000 messages sur Instagram. Je me fais harceler. \u00c7a y va fort\u00a0\u00bb<\/strong>, souffle-t-elle \u00e9puis\u00e9e.<\/p>\n<p><a href=\"https:\/\/www.laprovence.com\/article\/culture-loisirs\/2692220101890314\/miss-france-2026-au-coeur-d-une-polemique-miss-provence-se-confie-apres-son-elimination\" target=\"_blank\" rel=\"noopener\">Lire l&rsquo;int\u00e9gralit\u00e9 de l&rsquo;interview<\/a><\/p>\n","protected":false},"excerpt":{"rendered":"\u00c0 ses c\u00f4t\u00e9s juste apr\u00e8s l\u2019annonce du r\u00e9sultat, Miss Provence est venue chaleureusement la f\u00e9liciter. Julie Zitouni a&hellip;\n","protected":false},"author":2,"featured_media":585226,"comment_status":"","ping_status":"","sticky":false,"template":"","format":"standard","meta":{"footnotes":""},"categories":[1359],"tags":[17,5734,251,58,59,1011,27,43365,757,27472,5261,973,69878],"class_list":{"0":"post-585225","1":"post","2":"type-post","3":"status-publish","4":"format-standard","5":"has-post-thumbnail","7":"category-people","8":"tag-17","9":"tag-5734","10":"tag-culture","11":"tag-divertissement","12":"tag-entertainment","13":"tag-fr","14":"tag-france","15":"tag-integrer","16":"tag-je","17":"tag-miss","18":"tag-pas","19":"tag-people","20":"tag-souhaitais"},"share_on_mastodon":{"url":"https:\/\/pubeurope.com\/@fr\/115681045021083609","error":""},"_links":{"self":[{"href":"https:\/\/www.europesays.com\/fr\/wp-json\/wp\/v2\/posts\/585225","targetHints":{"allow":["GET"]}}],"collection":[{"href":"https:\/\/www.europesays.com\/fr\/wp-json\/wp\/v2\/posts"}],"about":[{"href":"https:\/\/www.europesays.com\/fr\/wp-json\/wp\/v2\/types\/post"}],"author":[{"embeddable":true,"href":"https:\/\/www.europesays.com\/fr\/wp-json\/wp\/v2\/users\/2"}],"replies":[{"embeddable":true,"href":"https:\/\/www.europesays.com\/fr\/wp-json\/wp\/v2\/comments?post=585225"}],"version-history":[{"count":0,"href":"https:\/\/www.europesays.com\/fr\/wp-json\/wp\/v2\/posts\/585225\/revisions"}],"wp:featuredmedia":[{"embeddable":true,"href":"https:\/\/www.europesays.com\/fr\/wp-json\/wp\/v2\/media\/585226"}],"wp:attachment":[{"href":"https:\/\/www.europesays.com\/fr\/wp-json\/wp\/v2\/media?parent=585225"}],"wp:term":[{"taxonomy":"category","embeddable":true,"href":"https:\/\/www.europesays.com\/fr\/wp-json\/wp\/v2\/categories?post=585225"},{"taxonomy":"post_tag","embeddable":true,"href":"https:\/\/www.europesays.com\/fr\/wp-json\/wp\/v2\/tags?post=585225"}],"curies":[{"name":"wp","href":"https:\/\/api.w.org\/{rel}","templated":true}]}}