{"id":585231,"date":"2025-12-08T00:13:16","date_gmt":"2025-12-08T00:13:16","guid":{"rendered":"https:\/\/www.europesays.com\/fr\/585231\/"},"modified":"2025-12-08T00:13:16","modified_gmt":"2025-12-08T00:13:16","slug":"un-plan-dattaque-pour-revenir-la-seule-chose-quil-pourrait-faire","status":"publish","type":"post","link":"https:\/\/www.europesays.com\/fr\/585231\/","title":{"rendered":"un plan d&rsquo;attaque pour revenir\u00a0? \u00ab\u00a0La seule chose qu&rsquo;il pourrait faire\u00a0\u00bb"},"content":{"rendered":"<p><strong>Dans l&rsquo;impasse<\/strong>. Condamn\u00e9 pour harc\u00e8lement moral en septembre dernier, <a href=\"https:\/\/www.journaldesfemmes.fr\/people\/personnalites\/2950215-slimane\/\" title=\"Slimane\" target=\"_blank\" rel=\"noopener\">Slimane<\/a> se fait tr\u00e8s discret depuis quelques mois sur les conseils de son entourage. \u00ab\u00a0Il est pr\u00eat \u00e0 faire de la promo et \u00e0 r\u00e9pondre aux questions sur l&rsquo;affaire, mais son entourage refuse (..) La seule chose qu&rsquo;il pourrait faire, c&rsquo;est une interview v\u00e9rit\u00e9 dans Sept \u00e0 huit. Kendji Girac l&rsquo;a tr\u00e8s bien fait\u00a0\u00bb, nous apprend, en effet, le Parisien.\u00a0<\/p>\n","protected":false},"excerpt":{"rendered":"Dans l&rsquo;impasse. Condamn\u00e9 pour harc\u00e8lement moral en septembre dernier, Slimane se fait tr\u00e8s discret depuis quelques mois sur&hellip;\n","protected":false},"author":2,"featured_media":585232,"comment_status":"","ping_status":"","sticky":false,"template":"","format":"standard","meta":{"footnotes":""},"categories":[1355],"tags":[69879,51761,58,59,52292,1011,27,51766,1031,1361,873,9055],"class_list":{"0":"post-585231","1":"post","2":"type-post","3":"status-publish","4":"format-standard","5":"has-post-thumbnail","7":"category-musique","8":"tag-cms-journaldesfemmes-3249762","9":"tag-controller-content","10":"tag-divertissement","11":"tag-entertainment","12":"tag-format-reportage","13":"tag-fr","14":"tag-france","15":"tag-les-histoires-du-jdf","16":"tag-magazine","17":"tag-music","18":"tag-musique","19":"tag-slimane"},"share_on_mastodon":{"url":"https:\/\/pubeurope.com\/@fr\/115681060914007563","error":""},"_links":{"self":[{"href":"https:\/\/www.europesays.com\/fr\/wp-json\/wp\/v2\/posts\/585231","targetHints":{"allow":["GET"]}}],"collection":[{"href":"https:\/\/www.europesays.com\/fr\/wp-json\/wp\/v2\/posts"}],"about":[{"href":"https:\/\/www.europesays.com\/fr\/wp-json\/wp\/v2\/types\/post"}],"author":[{"embeddable":true,"href":"https:\/\/www.europesays.com\/fr\/wp-json\/wp\/v2\/users\/2"}],"replies":[{"embeddable":true,"href":"https:\/\/www.europesays.com\/fr\/wp-json\/wp\/v2\/comments?post=585231"}],"version-history":[{"count":0,"href":"https:\/\/www.europesays.com\/fr\/wp-json\/wp\/v2\/posts\/585231\/revisions"}],"wp:featuredmedia":[{"embeddable":true,"href":"https:\/\/www.europesays.com\/fr\/wp-json\/wp\/v2\/media\/585232"}],"wp:attachment":[{"href":"https:\/\/www.europesays.com\/fr\/wp-json\/wp\/v2\/media?parent=585231"}],"wp:term":[{"taxonomy":"category","embeddable":true,"href":"https:\/\/www.europesays.com\/fr\/wp-json\/wp\/v2\/categories?post=585231"},{"taxonomy":"post_tag","embeddable":true,"href":"https:\/\/www.europesays.com\/fr\/wp-json\/wp\/v2\/tags?post=585231"}],"curies":[{"name":"wp","href":"https:\/\/api.w.org\/{rel}","templated":true}]}}