{"id":585233,"date":"2025-12-08T00:14:29","date_gmt":"2025-12-08T00:14:29","guid":{"rendered":"https:\/\/www.europesays.com\/fr\/585233\/"},"modified":"2025-12-08T00:14:29","modified_gmt":"2025-12-08T00:14:29","slug":"une-fable-sauvagement-humaine-la-preuve-en-cinq-mutants-fascinants","status":"publish","type":"post","link":"https:\/\/www.europesays.com\/fr\/585233\/","title":{"rendered":"une fable sauvagement humaine\u2026 la preuve en cinq mutants fascinants"},"content":{"rendered":"\n<p class=\"article__chapeau\">Mi-humains, mi-b\u00eates, ils inspirent l\u2019effroi, voire la haine. Homme-oiseau, femme-poulpe ou fillette-grenouille\u2026 Un extraordinaire bestiaire \u00e0 d\u00e9couvrir dans le magistral conte politique de Thomas Cailley, ce soir sur France 2.<\/p>\n<p>              <a href=\"https:\/\/www.europesays.com\/fr\/wp-content\/uploads\/2025\/12\/577df52_1712848519853-regne-animal-12.jpg\" data-pswp-width=\"\" data-pswp-height=\"\" class=\"media__hd\" target=\"_blank\">      <img decoding=\"async\" fetchpriority=\"high\" src=\"https:\/\/www.europesays.com\/fr\/wp-content\/uploads\/2025\/12\/577df52_1712848519853-regne-animal-12.jpg\" class=\"media__picture js-media-zoom-main \" alt=\"Les poils, les plumes ou les \u00e9cailles poussent dans leur dos. Aussi effrayant que po\u00e9tique\u2026\" title=\"Nord-Ouest Films\/StudioCanal\/France 2 Cinema\/Artemis Productions\"\/>      <\/p>\n<p class=\"media__legend\"> Les poils, les plumes ou les \u00e9cailles poussent dans leur dos. Aussi effrayant que po\u00e9tique\u2026  Nord-Ouest Films\/StudioCanal\/France 2 Cinema\/Artemis Productions  <\/p>\n<p>     <\/a>                    <\/p>\n<p class=\"author author--simple\">Par  <a class=\"author author--link\" href=\"https:\/\/www.telerama.fr\/recherche\/articles?q=C%C3%A9cile+Mury\" target=\"_blank\" rel=\"noopener\"> C\u00e9cile Mury <\/a>    <\/p>\n<p class=\"publication__date\">Publi\u00e9 le 07 d\u00e9cembre 2025 \u00e0 18h03<\/p>\n<p>   Partager   <\/p>\n<ul class=\"sharing-popin--results\">\n<li class=\"sharing-popin--item sharing-popin--item-container\"> Partage  <\/li>\n<li data-share=\"linkedin\" class=\"sharing-popin--item\">  LinkedIn <\/li>\n<li data-share=\"facebook\" class=\"sharing-popin--item\">  Facebook <\/li>\n<li data-share=\"mail\" data-social=\"mail\" class=\"sharing-popin--item\">  Envoyer par email <\/li>\n<li data-share=\"copy\" class=\"sharing-popin--item\">  Copier le lien <\/li>\n<\/ul>\n<p>        Favoris       <\/p>\n<p>                <a class=\"openapp__link\" data-event=\"click-open-app\" data-deep-link=\"tlrm:\/\/element?id=\/television\/le-regne-animal-une-fable-sauvagement-humaine-la-preuve-en-cinq-mutants-fascinants-0314-7020035.php&amp;source=deeplink_site\">  Lire dans l&rsquo;application<br \/>\n  <\/a>                               <\/p>\n<p class=\"paragraph\">Ils se couvrent peu \u00e0 peu de poils ou d\u2019\u00e9cailles. Ils perdent lentement l\u2019usage de la parole au profit de cris et de grognements. Certains les appellent les \u00ab\u00a0cr\u00e9atures\u00a0\u00bb. Voire les \u00ab\u00a0bestioles\u00a0\u00bb, quand le d\u00e9go\u00fbt, la peur et la haine prennent le dessus. De moins en moins humains, d\u00e9vor\u00e9s par une \u00e9trange et inexorable mutation, les \u00eatres qui hantent Le R\u00e8gne animal, le superbe conte de Thomas Cailley sorti l\u2019an dernier, constituent un peuple \u00e0 part, inqui\u00e9tant, myst\u00e9rieux et poignant. Rencontre avec cinq hybrides inoubliables (attention, spoilers).<\/p>\n<p class=\"edito__prefixe\">   \u00c0 lire aussi :   <\/p>\n<p class=\"edito__text-container\">     <a alt=\"Lire aussi\" href=\"https:\/\/www.telerama.fr\/television\/le-regne-animal-cesar-des-meilleurs-costumes-grace-a-la-griffe-d-ariane-daurat-7020050.php\" class=\"article__title--edito\" target=\"_blank\" rel=\"noopener\">\u201cLe R\u00e8gne animal\u201d, C\u00e9sar des meilleurs costumes gr\u00e2ce \u00e0 la griffe d\u2019Ariane Daurat<\/a>  <\/p>\n<p>                          L\u2019homme-oiseau                              <a href=\"https:\/\/www.europesays.com\/fr\/wp-content\/uploads\/2025\/12\/49a193a_1712848618870-regne-animal-11.jpg\" data-pswp-width=\"\" data-pswp-height=\"\" class=\"media__hd\" target=\"_blank\">      <img decoding=\"async\" loading=\"lazy\" src=\"https:\/\/www.europesays.com\/fr\/wp-content\/uploads\/2025\/12\/49a193a_1712848618870-regne-animal-11.jpg\" class=\"media__picture js-media-zoom  media__size--large\" alt=\"\" title=\"Nord-Ouest Films\/StudioCanal\/France 2 Cinema\/Artemis Productions\"\/>      <\/p>\n<p class=\"media__legend\">   Nord-Ouest Films\/StudioCanal\/France 2 Cinema\/Artemis Productions  <\/p>\n<p>     <\/a>                          <\/p>\n<p class=\"paragraph\">Il s\u2019appelle Fix, du moins tant qu\u2019il se souvient encore de son nom. Interpr\u00e9t\u00e9 par l\u2019acteur isra\u00e9lien Tom Mercier, ce grand mutant tourment\u00e9 au visage barr\u00e9 d\u2019un pansement pour cacher sa chair mutil\u00e9e (on a tent\u00e9 de lui op\u00e9rer le bec) est sans doute la cr\u00e9ature la plus marquante du film. Ses ailes g\u00e9antes\u2026 l\u2019emp\u00eachent de marcher, comme dans le po\u00e8me de Baudelaire. Le regarder apprendre maladroitement \u00e0 s\u2019en servir pour voler enfin, au fin fond d\u2019une for\u00eat sauvage, offre une bouleversante exp\u00e9rience de libert\u00e9. Vifs mouvements de t\u00eate, voix dont les accents rauques se brisent soudain sur un cri de rapace\u00a0: le jeu saisissant du com\u00e9dien compl\u00e8te la magie du costume et des effets sp\u00e9ciaux (techniques \u00ab\u00a0hybrides\u00a0\u00bb, elles aussi) pour permettre \u00e0 cet \u00ab\u00a0oiseau\u00a0\u00bb hors normes, cr\u00e9dible et d\u00e9chirant, de crever l\u2019\u00e9cran.<\/p>\n<p>                                    La fillette-grenouille                              <a href=\"https:\/\/www.europesays.com\/fr\/wp-content\/uploads\/2025\/12\/3f0b382_1712849022644-regne-animal-15.jpg\" data-pswp-width=\"\" data-pswp-height=\"\" class=\"media__hd\" target=\"_blank\">      <img decoding=\"async\" loading=\"lazy\" src=\"https:\/\/www.europesays.com\/fr\/wp-content\/uploads\/2025\/12\/3f0b382_1712849022644-regne-animal-15.jpg\" class=\"media__picture js-media-zoom  media__size--large\" alt=\"\" title=\"Nord-Ouest Films\/StudioCanal\/France 2 Cinema\/Artemis Productions\"\/>      <\/p>\n<p class=\"media__legend\">   Nord-Ouest Films\/StudioCanal\/France 2 Cinema\/Artemis Productions  <\/p>\n<p>     <\/a>                          <\/p>\n<p class=\"paragraph\">Elle aussi se cache dans les bois. Difficile de la distinguer de l\u2019\u00e9corce, tout en haut de l\u2019arbre qu\u2019elle \u00e9treint comme un enfant craintif s\u2019accroche \u00e0 la jambe d\u2019un parent. De sa forme humaine, la fillette a gard\u00e9 la silhouette menue et fragile, mais un \u00e9pais r\u00e9seau d\u2019\u00e9cailles colonise ses vert\u00e8bres, recouvre sa t\u00eate comme une coiffe organique qui semble trop lourde pour son petit corps. M\u00eame si Fix, son compagnon d\u2019infortune, l\u2019appelle Grenouille, cette apparition discr\u00e8te, tendre et m\u00e9ditative, ressemble \u00e0 une variante r\u00eaveuse de cam\u00e9l\u00e9on, suspendue en silence entre l\u2019\u00e9merveillement et la m\u00e9lancolie. Une incroyable performance sans paroles, livr\u00e9e par la jeune Ma\u00eblle Benkimoun.<\/p>\n<p class=\"edito__prefixe\">   \u00c0 lire aussi :   <\/p>\n<p class=\"edito__text-container\">     <a alt=\"Lire aussi\" href=\"https:\/\/www.telerama.fr\/cinema\/thomas-cailley-realisateur-du-regne-animal-j-espere-que-le-film-peut-se-vivre-comme-une-utopie-7017516.php\" class=\"article__title--edito\" target=\"_blank\" rel=\"noopener\">Thomas Cailley, r\u00e9alisateur du \u201cR\u00e8gne animal\u201d\u00a0: \u201cJ\u2019esp\u00e8re que le film peut se vivre comme une utopie\u201d<\/a>  <\/p>\n<p>                                        La femme-poulpe                              <a href=\"https:\/\/www.europesays.com\/fr\/wp-content\/uploads\/2025\/12\/1e92596_1712848837977-regne-animal-02.jpg\" data-pswp-width=\"\" data-pswp-height=\"\" class=\"media__hd\" target=\"_blank\">      <img decoding=\"async\" loading=\"lazy\" src=\"https:\/\/www.europesays.com\/fr\/wp-content\/uploads\/2025\/12\/1e92596_1712848837977-regne-animal-02.jpg\" class=\"media__picture js-media-zoom  media__size--large\" alt=\"\" title=\"Nord-Ouest Films\/StudioCanal\/France 2 Cinema\/Artemis Productions\"\/>      <\/p>\n<p class=\"media__legend\">   Nord-Ouest Films\/StudioCanal\/France 2 Cinema\/Artemis Productions  <\/p>\n<p>     <\/a>                          <\/p>\n<p class=\"paragraph\">Comme pour la plupart des cr\u00e9atures du film, la rencontre avec ce personnage est \u00e0 la fois furtive et spectaculaire. Fran\u00e7ois (Romain Duris), le h\u00e9ros, est en train de faire ses courses au supermarch\u00e9 quand, soudain, tout l\u2019\u00e9tablissement est en \u00e9moi\u00a0: une \u00ab\u00a0bestiole\u00a0\u00bb a \u00e9t\u00e9 rep\u00e9r\u00e9e. Un tentacule \u00e0 peine entrevu, une course-poursuite fr\u00e9n\u00e9tique, et voil\u00e0 qu\u2019on l\u2019aper\u00e7oit au fond de sa cachette, sa peau luisante mal dissimul\u00e9e sous un sweat \u00e0 capuche\u00a0: \u00e9trange mutante, plus c\u00e9phalopode que femme, interpr\u00e9t\u00e9e par une danseuse contemporaine, capable \u00ab\u00a0d\u2019abolir tous les angles de son corps\u00a0\u00bb, comme le confiait Thomas Cailley \u00e0 la presse au moment de la sortie du film. Le r\u00e9sultat, si puissamment incongru dans l\u2019environnement banal du magasin, est \u00e0 la hauteur des efforts de camouflage (proth\u00e8ses en latex, effets sp\u00e9ciaux num\u00e9riques) d\u00e9ploy\u00e9s par la production.<\/p>\n<p>                                    L\u2019homme-morse                              <a href=\"https:\/\/www.europesays.com\/fr\/wp-content\/uploads\/2025\/12\/96d64eb_1712916075921-img-9335.jpg\" data-pswp-width=\"\" data-pswp-height=\"\" class=\"media__hd\" target=\"_blank\">      <img decoding=\"async\" loading=\"lazy\" src=\"https:\/\/www.europesays.com\/fr\/wp-content\/uploads\/2025\/12\/96d64eb_1712916075921-img-9335.jpg\" class=\"media__picture js-media-zoom  media__size--large\" alt=\"\" title=\"Nord-Ouest Films\/StudioCanal\/France 2 Cinema\/Artemis Productions\"\/>      <\/p>\n<p class=\"media__legend\">   Nord-Ouest Films\/StudioCanal\/France 2 Cinema\/Artemis Productions  <\/p>\n<p>     <\/a>                          <\/p>\n<p class=\"paragraph\">Un soir, c\u2019est un g\u00e9ant rugueux qui vient semer le d\u00e9sordre dans le camping o\u00f9 travaille Fran\u00e7ois. D\u2019abord dissimul\u00e9 dans l\u2019ombre, il semble taill\u00e9 dans la mati\u00e8re m\u00eame de la nuit, un cauchemar informe tout droit sorti d\u2019un film d\u2019horreur de s\u00e9rie\u00a0B. Et puis, au hasard de sa fuite, le \u00ab\u00a0monstre\u00a0\u00bb se retrouve\u2026 museau \u00e0 nez avec une employ\u00e9e. Et l\u2019effet de terreur laisse place \u00e0 un court mais saisissant moment de pure compassion, entre l\u2019humaine et la cr\u00e9ature hirsute aux gros yeux larmoyants et opaques, qui a presque achev\u00e9 sa transformation\u2026 en morse (version bip\u00e8de et d\u00e9viante). O\u00f9 \u00ab\u00a0l\u2019anormalit\u00e9\u00a0\u00bb de l\u2019Autre, son \u00ab\u00a0inqui\u00e9tante \u00e9tranget\u00e9\u00a0\u00bb, devient soudain profond\u00e9ment \u00e9mouvante.\u00a0L\u2019essence m\u00eame du film, en une seule sc\u00e8ne.<\/p>\n<p>                                    L\u2019ado-garou (\u00e0 ne lire qu\u2019apr\u00e8s avoir vu le film)                              <a href=\"https:\/\/www.europesays.com\/fr\/wp-content\/uploads\/2025\/12\/8d72213_1712849225978-regne-animal-18.jpg\" data-pswp-width=\"\" data-pswp-height=\"\" class=\"media__hd\" target=\"_blank\">      <img decoding=\"async\" loading=\"lazy\" src=\"https:\/\/www.europesays.com\/fr\/wp-content\/uploads\/2025\/12\/8d72213_1712849225978-regne-animal-18.jpg\" class=\"media__picture js-media-zoom  media__size--large\" alt=\"\" title=\"Nord-Ouest Films - StudioCanal - France 2 Cinema - Artemis Productions\"\/>      <\/p>\n<p class=\"media__legend\">   Nord-Ouest Films &#8211; StudioCanal &#8211; France 2 Cinema &#8211; Artemis Productions  <\/p>\n<p>     <\/a>                          <\/p>\n<p class=\"paragraph\">\u00c7a n\u2019arrive pas qu\u2019aux autres\u00a0: les h\u00e9ros du film, Fran\u00e7ois et son fils \u00c9mile (Paul Kircher), sont eux aussi touch\u00e9s par la myst\u00e9rieuse \u00e9pid\u00e9mie de mutation. Lana, d\u2019abord, femme de l\u2019un et m\u00e8re de l\u2019autre, s\u2019est peu \u00e0 peu chang\u00e9e en fauve. Mais voil\u00e0 qu\u2019\u00c9mile lui-m\u00eame a des sympt\u00f4mes\u00a0: une ou\u00efe plus aiguis\u00e9e, des griffes qui poussent sous les ongles et des crocs sous les dents, des poils noirs et drus qui envahissent son dos\u2026 En quoi est-il en train de se transformer\u00a0? La r\u00e9ponse importe moins que le processus, fable organique, poignante et crue sur les bouleversements de la pubert\u00e9. La plus touchante des \u00ab\u00a0b\u00eates humaines\u00a0\u00bb qui peuplent ce R\u00e8gne animal, vaste r\u00e9serve d\u2019id\u00e9es, de puissance et de po\u00e9sie.<\/p>\n<p class=\"edito__prefixe\">   \u00c0 lire aussi :   <\/p>\n<p class=\"edito__text-container\">     <a alt=\"Lire aussi\" href=\"https:\/\/www.telerama.fr\/cinema\/paul-kircher-de-film-en-film-j-ai-le-sentiment-de-m-etre-decouvert-7023299.php\" class=\"article__title--edito\" target=\"_blank\" rel=\"noopener\">Paul Kircher\u00a0: \u201cDe film en film, j\u2019ai le sentiment de m\u2019\u00eatre d\u00e9couvert\u201d<\/a>  <\/p>\n<p>Le R\u00e8gne animal, dimanche \u00e0 21h10, sur France 2.<\/p>\n<p class=\"edito__prefixe\">   Lire la critique   <\/p>\n<p class=\"edito__text-container\">       <a alt=\"Lire la critique\" href=\"https:\/\/www.telerama.fr\/cinema\/romain-duris-magnetique-dans-le-regne-animal-captivant-conte-politique_cri-7028864.php\" class=\"article__title--edito\" target=\"_blank\" rel=\"noopener\">\u201cLe R\u00e8gne animal\u201d, de  Thomas Cailley\u00a0: un spectaculaire conte politique<\/a>  <\/p>\n","protected":false},"excerpt":{"rendered":"Mi-humains, mi-b\u00eates, ils inspirent l\u2019effroi, voire la haine. Homme-oiseau, femme-poulpe ou fillette-grenouille\u2026 Un extraordinaire bestiaire \u00e0 d\u00e9couvrir dans&hellip;\n","protected":false},"author":2,"featured_media":585234,"comment_status":"","ping_status":"","sticky":false,"template":"","format":"standard","meta":{"footnotes":""},"categories":[1354],"tags":[58,59,1346,1011,27,1360],"class_list":{"0":"post-585233","1":"post","2":"type-post","3":"status-publish","4":"format-standard","5":"has-post-thumbnail","7":"category-films","8":"tag-divertissement","9":"tag-entertainment","10":"tag-films","11":"tag-fr","12":"tag-france","13":"tag-movies"},"share_on_mastodon":{"url":"https:\/\/pubeurope.com\/@fr\/115681065822378412","error":""},"_links":{"self":[{"href":"https:\/\/www.europesays.com\/fr\/wp-json\/wp\/v2\/posts\/585233","targetHints":{"allow":["GET"]}}],"collection":[{"href":"https:\/\/www.europesays.com\/fr\/wp-json\/wp\/v2\/posts"}],"about":[{"href":"https:\/\/www.europesays.com\/fr\/wp-json\/wp\/v2\/types\/post"}],"author":[{"embeddable":true,"href":"https:\/\/www.europesays.com\/fr\/wp-json\/wp\/v2\/users\/2"}],"replies":[{"embeddable":true,"href":"https:\/\/www.europesays.com\/fr\/wp-json\/wp\/v2\/comments?post=585233"}],"version-history":[{"count":0,"href":"https:\/\/www.europesays.com\/fr\/wp-json\/wp\/v2\/posts\/585233\/revisions"}],"wp:featuredmedia":[{"embeddable":true,"href":"https:\/\/www.europesays.com\/fr\/wp-json\/wp\/v2\/media\/585234"}],"wp:attachment":[{"href":"https:\/\/www.europesays.com\/fr\/wp-json\/wp\/v2\/media?parent=585233"}],"wp:term":[{"taxonomy":"category","embeddable":true,"href":"https:\/\/www.europesays.com\/fr\/wp-json\/wp\/v2\/categories?post=585233"},{"taxonomy":"post_tag","embeddable":true,"href":"https:\/\/www.europesays.com\/fr\/wp-json\/wp\/v2\/tags?post=585233"}],"curies":[{"name":"wp","href":"https:\/\/api.w.org\/{rel}","templated":true}]}}