{"id":585235,"date":"2025-12-08T00:15:15","date_gmt":"2025-12-08T00:15:15","guid":{"rendered":"https:\/\/www.europesays.com\/fr\/585235\/"},"modified":"2025-12-08T00:15:15","modified_gmt":"2025-12-08T00:15:15","slug":"faut-il-faire-vacciner-son-chien","status":"publish","type":"post","link":"https:\/\/www.europesays.com\/fr\/585235\/","title":{"rendered":"faut-il faire vacciner son chien\u00a0?"},"content":{"rendered":"<p>                    Par<br \/>\n        <strong><br \/>\n            <a href=\"https:\/\/actu.fr\/auteur\/redaction-actu\" title=\"Consulter tous les articles de R\u00e9daction Actu\" target=\"_blank\" rel=\"noopener\">R\u00e9daction Actu<\/a><br \/>\n                    <\/strong><\/p>\n<p>        Publi\u00e9 le<\/p>\n<p>            7 d\u00e9c. 2025 \u00e0 16h10        <\/p>\n<p>La <a href=\"https:\/\/actu.fr\/tag\/grippe\" target=\"_blank\" rel=\"noopener\">grippe<\/a> progresse en France, <a href=\"https:\/\/actu.fr\/societe\/carte-l-epidemie-de-grippe-fait-son-retour-en-france-decouvrez-les-departements-ou-elle-sevit-le-plus_63533208.html\" target=\"_blank\" rel=\"noopener\">dans tous les d\u00e9partements<\/a>. Certains se trouvent d\u00e9j\u00e0 en situation \u00e9pid\u00e9mique, quand d\u2019autres n\u2019en sont qu\u2019au stade pr\u00e9-\u00e9pid\u00e9mique, <a href=\"https:\/\/actu.fr\/societe\/carte-l-epidemie-de-grippe-progresse-partout-en-france-les-regions-les-plus-touchees_63524852.html\" target=\"_blank\" rel=\"noopener\">comme nous l\u2019expliquions dans cet article<\/a>. Si la vaccination est recommand\u00e9e, notamment chez les personnes les plus fragiles, cette question du vaccin se pose aussi\u2026 pour les <a href=\"https:\/\/actu.fr\/tag\/chien\" target=\"_blank\" rel=\"noopener\">chiens<\/a>.<br \/>Toux persistante, \u00e9coulements nasaux, fi\u00e8vre, l\u00e9thargie\u2026 aussi surprenant que cela puisse para\u00eetre, il existe bien en effet une <strong>version canine de la grippe<\/strong>. Avec des sympt\u00f4mes qui ne sont en r\u00e9alit\u00e9 pas si \u00e9loign\u00e9s de ceux des humains.<\/p>\n<p>Qu\u2019est-ce que la grippe canine ?<\/p>\n<p class=\" wall-content\">La grippe canine, ou influenza canine, est une maladie respiratoire contagieuse qui affecte sp\u00e9cifiquement les chiens. Elle est caus\u00e9e par un <strong>virus grippal sp\u00e9cifique (par exemple la souche H3N8<\/strong>). En d\u2019autres termes, votre <a href=\"https:\/\/actu.fr\/tag\/animaux\" target=\"_blank\" rel=\"noopener\">animal<\/a> ne peut pas vous transmettre la maladie, et inversement. <strong>Vous ne pouvez pas transmettre votre grippe \u00e0 votre chien<\/strong>.<\/p>\n<p class=\" wall-content\">Contrairement \u00e0 la version humaine, la grippe canine n\u2019est pas pr\u00e9sente de mani\u00e8re end\u00e9mique \u00e0 travers le monde. Sa pr\u00e9valence varie consid\u00e9rablement selon les pays et les territoires. Dans certaines zones, notamment aux <a href=\"https:\/\/actu.fr\/tag\/etats-unis\" target=\"_blank\" rel=\"noopener\">\u00c9tats-Unis<\/a> ou en Cor\u00e9e du Sud, des \u00e9pid\u00e9mies localis\u00e9es ont \u00e9t\u00e9 signal\u00e9es, tandis que dans d\u2019autres, la maladie reste rare.<\/p>\n<p class=\" wall-content\">\u00c0 ce propos, le Quotidien du Pharmacien indique <strong>qu\u2019en France, \u00ab aucun cas de grippe canine n\u2019a encore \u00e9t\u00e9 d\u00e9crit \u00bb<\/strong>.<\/p>\n<p>Le vaccin contre la grippe canine : n\u00e9cessaire ou superflu ?<\/p>\n<p class=\" wall-content\">La <strong>d\u00e9cision de vacciner son chien contre la grippe d\u00e9pend de plusieurs facteurs<\/strong> qu\u2019il convient d\u2019\u00e9valuer attentivement : si, par exemple, votre chien est en contact avec d\u2019autres cong\u00e9n\u00e8res (chenils, pensions\u2026). Ou bien si vous vivez dans une r\u00e9gion du monde o\u00f9 des cas de grippe canine ont \u00e9t\u00e9 r\u00e9cemment signal\u00e9s.<\/p>\n<p class=\" wall-content\">D\u2019apr\u00e8s les recommandations de la\u00a0World Small Animal Veterinary Association\u00a0(WSAVA), la vaccination contre la grippe canine est class\u00e9e parmi les \u00ab\u00a0non-core\u00a0\u00bb (<strong>non essentielles pour tous les chiens<\/strong>), c\u2019est-\u00e0-dire qu\u2019elle d\u00e9pend du risque individuel. Et, encore une fois, <strong>en France, ce risque semble inexistant<\/strong>.<\/p>\n<p>Votre r\u00e9gion, votre actu !<\/p>\n<p>Recevez chaque jour les infos qui comptent pour vous.<\/p>\n<p>\t<a href=\"https:\/\/actu.fr\/newsletter\" class=\"ac-btn ac-btn--corner ac-btn--medium ac-btn--blue800\" target=\"_blank\" rel=\"noopener\">S&rsquo;incrire<\/a><br \/>\nNe pas confondre avec la toux du chenil<\/p>\n<p class=\" wall-content\">En revanche, la <strong>toux du chenil est une\u00a0maladie\u00a0tr\u00e8s contagieuse<\/strong> de l\u2019appareil respiratoire du chiot et du chien, qui se traduit par une forte toux rauque et s\u00e8che, dont les sympt\u00f4mes peuvent faire penser \u00e0 ceux de la grippe.<\/p>\n<p class=\" wall-content\">Son nom \u00ab toux du chenil \u00bb provient du fait que les animaux la contractent en collectivit\u00e9. Il s\u2019agit l\u00e0 d\u2019une pathologie qui se soigne tr\u00e8s bien\u2026 si elle est d\u00e9tect\u00e9e \u00e0 temps.<\/p>\n<p class=\" wall-content\">Dans le cas contraire, <strong>elle peut \u00e9voluer vers une pneumonie<\/strong>. Le meilleur moyen de prot\u00e9ger votre chien contre la toux de chenil reste, dans ce cas, la vaccination.<\/p>\n<p class=\" wall-content\"><strong>Avec Destination Sant\u00e9<\/strong><\/p>\n<p class=\" wall-content\">Personnalisez votre actualit\u00e9 en ajoutant vos villes et m\u00e9dias en favori avec <a href=\"https:\/\/moncompte.actu.fr\" title=\"D\u00e9couvez Mon Actu\" rel=\"nofollow noopener\" data-trk=\"{&quot;cta&quot;:{&quot;action&quot;:&quot;https:\\\/\\\/moncompte.actu.fr&quot;,&quot;category&quot;:&quot;mon compte&quot;,&quot;from&quot;:&quot;article footer&quot;,&quot;name&quot;:&quot;Mon actu&quot;,&quot;type&quot;:&quot;cta&quot;}}\" target=\"_blank\">Mon Actu<\/a>.<\/p>\n","protected":false},"excerpt":{"rendered":"Par R\u00e9daction Actu Publi\u00e9 le 7 d\u00e9c. 2025 \u00e0 16h10 La grippe progresse en France, dans tous les&hellip;\n","protected":false},"author":2,"featured_media":585236,"comment_status":"","ping_status":"","sticky":false,"template":"","format":"standard","meta":{"footnotes":""},"categories":[10],"tags":[1867,4850,1011,27,29786,72,71,104],"class_list":{"0":"post-585235","1":"post","2":"type-post","3":"status-publish","4":"format-standard","5":"has-post-thumbnail","7":"category-sante","8":"tag-animaux","9":"tag-chien","10":"tag-fr","11":"tag-france","12":"tag-grippe","13":"tag-health","14":"tag-sante","15":"tag-societe"},"share_on_mastodon":{"url":"https:\/\/pubeurope.com\/@fr\/115681068566300803","error":""},"_links":{"self":[{"href":"https:\/\/www.europesays.com\/fr\/wp-json\/wp\/v2\/posts\/585235","targetHints":{"allow":["GET"]}}],"collection":[{"href":"https:\/\/www.europesays.com\/fr\/wp-json\/wp\/v2\/posts"}],"about":[{"href":"https:\/\/www.europesays.com\/fr\/wp-json\/wp\/v2\/types\/post"}],"author":[{"embeddable":true,"href":"https:\/\/www.europesays.com\/fr\/wp-json\/wp\/v2\/users\/2"}],"replies":[{"embeddable":true,"href":"https:\/\/www.europesays.com\/fr\/wp-json\/wp\/v2\/comments?post=585235"}],"version-history":[{"count":0,"href":"https:\/\/www.europesays.com\/fr\/wp-json\/wp\/v2\/posts\/585235\/revisions"}],"wp:featuredmedia":[{"embeddable":true,"href":"https:\/\/www.europesays.com\/fr\/wp-json\/wp\/v2\/media\/585236"}],"wp:attachment":[{"href":"https:\/\/www.europesays.com\/fr\/wp-json\/wp\/v2\/media?parent=585235"}],"wp:term":[{"taxonomy":"category","embeddable":true,"href":"https:\/\/www.europesays.com\/fr\/wp-json\/wp\/v2\/categories?post=585235"},{"taxonomy":"post_tag","embeddable":true,"href":"https:\/\/www.europesays.com\/fr\/wp-json\/wp\/v2\/tags?post=585235"}],"curies":[{"name":"wp","href":"https:\/\/api.w.org\/{rel}","templated":true}]}}