{"id":585243,"date":"2025-12-08T00:19:16","date_gmt":"2025-12-08T00:19:16","guid":{"rendered":"https:\/\/www.europesays.com\/fr\/585243\/"},"modified":"2025-12-08T00:19:16","modified_gmt":"2025-12-08T00:19:16","slug":"lobligation-dinstaller-des-thermostats-chez-vous-arrive","status":"publish","type":"post","link":"https:\/\/www.europesays.com\/fr\/585243\/","title":{"rendered":"L\u2019obligation d\u2019installer des thermostats chez vous arrive"},"content":{"rendered":"<p itemprop=\"description\">La date d\u2019obligation pour installer un<br \/>\nthermostat vient de changer. Voici ce que vous devez savoir sur<br \/>\ncette nouvelle mesure.<\/p>\n<p>Voici plusieurs ann\u00e9es que l\u2019id\u00e9e d\u2019imposer l\u2019installation de<br \/>\nthermostats dans tous les logements de France est de plus en plus<br \/>\npr\u00e9sente. Seulement, l\u2019obligation d\u2019installation vient d\u2019\u00eatre<br \/>\nreport\u00e9e, comme le rapporte le m\u00e9dia Planet.<\/p>\n<p>Thermostat : de quoi parle-t-on exactement ?<\/p>\n<p>On prononce ce mot \u00e0 tout va, mais \u00e0 quoi correspond exactement<br \/>\n<a href=\"https:\/\/www.maison-travaux.fr\/sequiper\/conseils-pratiques\/demande-experts-quelle-etait-temperature-ideale-thermostat-tous-donne-exactement-meme-chiffre-607057.html\" target=\"_blank\" rel=\"noopener\">un thermostat<\/a> ? En r\u00e9alit\u00e9,<br \/>\nc\u2019est un appareil dot\u00e9 de plusieurs \u00e9l\u00e9ments. <strong>Une<br \/>\nsonde,<\/strong> permettant de d\u00e9terminer la temp\u00e9rature qu\u2019il fait<br \/>\ndans une pi\u00e8ce choisie, et <strong>un bo\u00eetier de<br \/>\nprogrammation.<\/strong> On place g\u00e9n\u00e9ralement la sonde dans la<br \/>\npi\u00e8ce de vie. Mais il est aussi possible d\u2019installer un thermostat<br \/>\nmultizone, avec plusieurs sondes.<\/p>\n<p>Il suffit ensuite de d\u00e9terminer <strong>la temp\u00e9rature \u00e0<br \/>\nlaquelle vous souhaitez faire chauffer votre logement,<\/strong><br \/>\npi\u00e8ce par pi\u00e8ce, et \u00e0 programmer l\u2019allumage <a href=\"https:\/\/www.maison-travaux.fr\/chauffage\/petit-reflecteur-radiateur-va-alleger-votre-facture-de-chauffage-607215.html\" target=\"_blank\" rel=\"noopener\">des chauffages<\/a> quand la<br \/>\ntemp\u00e9rature ambiante descend en dessous. Ou bien quand la nuit se<br \/>\ncouche, ou quand vous rentrez du travail. Un jeu d\u2019enfant qui<br \/>\npermet de <strong>faire de vraies \u00e9conomies en chauffant uniquement<br \/>\nlorsque n\u00e9cessaire.<\/strong><\/p>\n<p>Le thermostat devait \u00eatre obligatoire pour 2027, mais la date a<br \/>\n\u00e9t\u00e9 repouss\u00e9e<\/p>\n<p>Partant de ce principe, un thermostat peut vraiment s\u2019av\u00e9rer<br \/>\nint\u00e9ressant pour <strong>aider les m\u00e9nages \u00e0 mieux chauffer leur<br \/>\nlogement tout en ma\u00eetrisant<\/strong> <a href=\"https:\/\/www.maison-travaux.fr\/chauffage\/chaleur-qui-sechappe-facture-delectricite-qui-explose-ce-couloir-pres-de-la-porte-dentree-plombe-votre-chauffage-en-decembre-2025-607187.html\" target=\"_blank\" rel=\"noopener\">leurs d\u00e9penses<\/a>. C\u2019est dans cette<br \/>\nlogique que le gouvernement avait pr\u00e9c\u00e9demment vot\u00e9 pour une<br \/>\n<strong>obligation d\u2019installer des thermostats<\/strong> dans tous<br \/>\nles logements pour les propri\u00e9taires. Et ce, \u00e0 l\u2019horizon 2027.<\/p>\n<p>Toutefois, <strong>le ministre de l\u00a0\u00bb\u00c9conomie, Roland<br \/>\nLescure<\/strong>, a indiqu\u00e9 le 4 d\u00e9cembre dernier que cette mesure<br \/>\nserait report\u00e9e \u00e0 l\u2019ann\u00e9e 2030. Une nouvelle annonc\u00e9e <strong>suite<br \/>\naux pressions re\u00e7ues de la part de nombreux partis<\/strong>,<br \/>\nestimant la date du 1\u1d49\u02b3 janvier 2027 <strong>pas assez<br \/>\nflexible<\/strong> pour permettre aux m\u00e9nages de s\u2019\u00e9quiper avec<br \/>\n<a href=\"https:\/\/www.maison-travaux.fr\/chauffage\/thermostat-la-temperature-ideale-qui-rend-votre-maison-ecologique-sans-avoir-froid-et-evite-la-facture-qui-explose-cet-hiver-607336.html\" target=\"_blank\" rel=\"noopener\">des thermostats connect\u00e9s<\/a>.<\/p>\n<p><img decoding=\"async\" src=\"data:image\/svg+xml,%3Csvg%20xmlns=\" http:=\"\" width=\"100%\" height=\"auto\" data-lazy-src=\"https:\/\/www.europesays.com\/fr\/wp-content\/uploads\/2025\/12\/1765153156_330_maxresdefault.jpg\"\/><br \/>\n<video width=\"100%\" height=\"360px\" controls=\"\" id=\"player_6be7a77362978d9aa473da12d538c58e\" preload=\"auto\" class=\"video-js vjs-default-skin vjs-big-play-centered\" style=\"display:none; text-align: center; margin-bottom: 4px;\" poster=\"https:\/\/www.europesays.com\/fr\/wp-content\/uploads\/2025\/12\/1765153156_330_maxresdefault.jpg\"\/><\/p>\n<p>Une mesure plus souple pour vous<br \/>\n\u00e9quiper avec un thermostat<\/p>\n<p>L\u2019obligation d\u2019installation d\u2019un thermostat dans les logements<br \/>\nfran\u00e7ais vient de <strong>l\u2019application d\u2019une directive<br \/>\neurop\u00e9enne<\/strong> pr\u00e9c\u00e9demment vot\u00e9e. Seulement, certains partis<br \/>\nestiment qu\u2019elle est <strong>d\u00e9connect\u00e9e de la r\u00e9alit\u00e9<\/strong>,<br \/>\ncar de nombreux Fran\u00e7ais n\u2019h\u00e9sitent pas \u00e0 <a href=\"https:\/\/www.maison-travaux.fr\/chauffage\/ce-geste-a-2-e-le-metre-en-decembre-2025-qui-fait-chuter-votre-facture-de-chauffage-et-chasse-le-froid-en-10-minutes-sans-toucher-au-thermostat-607402.html\" target=\"_blank\" rel=\"noopener\">mettre le chauffage<\/a> au minimum,<br \/>\nvoir \u00e0 ne pas en mettre du tout. <strong>Le thermostat ne servirait<br \/>\ndonc pas \u00e0 grand-chose.<\/strong><\/p>\n<p>Quoi qu\u2019il en soit, si vous \u00eates propri\u00e9taire d\u2019un ou plusieurs<br \/>\nlogements, vous n\u2019avez <strong>pas besoin d\u2019attendre l\u2019ann\u00e9e 2030<br \/>\npour vous \u00e9quiper.<\/strong> Rien ne dit en plus que l&rsquo;\u00c9tat fran\u00e7ais<br \/>\nne reviendra pas sur cette d\u00e9cision ! Plus vous vous y prendrez<br \/>\nt\u00f4t, mieux vous <a href=\"https:\/\/www.maison-travaux.fr\/renover\/gros-oeuvre-renovation-par-type\/chauffage-renovation-par-type\/economies-d-energie-chauffage-renovation-par-type\/maison-connectee-simple-apareil-gonfler-factures-electricite-578324.html\" target=\"_blank\" rel=\"noopener\">contr\u00f4lerez votre budget<\/a> et<br \/>\n<strong>plus agr\u00e9able sera votre logement.<\/strong><\/p>\n","protected":false},"excerpt":{"rendered":"La date d\u2019obligation pour installer un thermostat vient de changer. Voici ce que vous devez savoir sur cette&hellip;\n","protected":false},"author":2,"featured_media":585244,"comment_status":"","ping_status":"","sticky":false,"template":"","format":"standard","meta":{"footnotes":""},"categories":[6],"tags":[35,33,34,1011,27,729],"class_list":{"0":"post-585243","1":"post","2":"type-post","3":"status-publish","4":"format-standard","5":"has-post-thumbnail","7":"category-economie","8":"tag-business","9":"tag-economie","10":"tag-economy","11":"tag-fr","12":"tag-france","13":"tag-yout_video"},"share_on_mastodon":{"url":"https:\/\/pubeurope.com\/@fr\/115681084285393791","error":""},"_links":{"self":[{"href":"https:\/\/www.europesays.com\/fr\/wp-json\/wp\/v2\/posts\/585243","targetHints":{"allow":["GET"]}}],"collection":[{"href":"https:\/\/www.europesays.com\/fr\/wp-json\/wp\/v2\/posts"}],"about":[{"href":"https:\/\/www.europesays.com\/fr\/wp-json\/wp\/v2\/types\/post"}],"author":[{"embeddable":true,"href":"https:\/\/www.europesays.com\/fr\/wp-json\/wp\/v2\/users\/2"}],"replies":[{"embeddable":true,"href":"https:\/\/www.europesays.com\/fr\/wp-json\/wp\/v2\/comments?post=585243"}],"version-history":[{"count":0,"href":"https:\/\/www.europesays.com\/fr\/wp-json\/wp\/v2\/posts\/585243\/revisions"}],"wp:featuredmedia":[{"embeddable":true,"href":"https:\/\/www.europesays.com\/fr\/wp-json\/wp\/v2\/media\/585244"}],"wp:attachment":[{"href":"https:\/\/www.europesays.com\/fr\/wp-json\/wp\/v2\/media?parent=585243"}],"wp:term":[{"taxonomy":"category","embeddable":true,"href":"https:\/\/www.europesays.com\/fr\/wp-json\/wp\/v2\/categories?post=585243"},{"taxonomy":"post_tag","embeddable":true,"href":"https:\/\/www.europesays.com\/fr\/wp-json\/wp\/v2\/tags?post=585243"}],"curies":[{"name":"wp","href":"https:\/\/api.w.org\/{rel}","templated":true}]}}