{"id":585245,"date":"2025-12-08T00:20:15","date_gmt":"2025-12-08T00:20:15","guid":{"rendered":"https:\/\/www.europesays.com\/fr\/585245\/"},"modified":"2025-12-08T00:20:15","modified_gmt":"2025-12-08T00:20:15","slug":"au-moins-cinq-morts-dans-lexplosion-dune-voiture-piegee","status":"publish","type":"post","link":"https:\/\/www.europesays.com\/fr\/585245\/","title":{"rendered":"au moins cinq morts dans l&rsquo;explosion d&rsquo;une voiture pi\u00e9g\u00e9e"},"content":{"rendered":"<p class=\"fig-paragraph\">Au moins cinq personnes ont \u00e9t\u00e9 tu\u00e9es et trois bless\u00e9es samedi dans l&rsquo;explosion d&rsquo;une voiture pi\u00e9g\u00e9e devant les locaux de la police d&rsquo;une ville de l&rsquo;\u00c9tat de Michoac\u00e1n, dans l&rsquo;ouest du\u00a0<a href=\"http:\/\/www.lefigaro.fr\/social\/le-mexique-va-reduire-le-temps-de-travail-et-augmenter-le-salaire-minimum-20251203\" target=\"_blank\" data-fig-type=\"NewsFlash\" rel=\"noopener\" data-gtm-custom-categorie=\"navigation\" data-gtm-custom-action=\"crossclick\" data-gtm-custom-label=\"Contextuel\" data-gtm-event=\"customEventSPE\" data-fig-domain=\"LEFIGARO\">Mexique<\/a>, ont indiqu\u00e9 les autorit\u00e9s.<\/p>\n<p class=\"fig-paragraph\">Plusieurs groupes de narcotrafiquants op\u00e8rent dans la r\u00e9gion, parmi lesquels les puissants Cartel Jalisco Nueva Generaci\u00f3n (CJNG) et Nueva Familia Michoacana, que le gouvernement am\u00e9ricain de\u00a0<a href=\"http:\/\/www.lefigaro.fr\/conjoncture\/le-bresil-dejoue-la-guerre-commerciale-de-donald-trump-mais-n-evite-pas-la-panne-20251207\" target=\"_blank\" data-fig-type=\"Article\" rel=\"noopener\" data-gtm-custom-categorie=\"navigation\" data-gtm-custom-action=\"crossclick\" data-gtm-custom-label=\"Contextuel\" data-gtm-event=\"customEventSPE\" data-fig-domain=\"LEFIGARO\">Donald Trump<\/a>\u00a0a qualifi\u00e9s \u00abd&rsquo;organisations terroristes \u00e9trang\u00e8res\u00bb.<\/p>\n<p>                                            <a class=\"fig-a11y-skip\" href=\"#fig-a11y-skip-main-inarticle\" data-module=\"a11y-skip\" data-context=\"was @visible\"><br \/>\n    Passer la publicit\u00e9<br \/>\n<\/a>            <\/p>\n<p>                                            Plan de s\u00e9curit\u00e9<\/p>\n<p class=\"fig-paragraph\">Dans l&rsquo;\u00c9tat de Michoac\u00e1n, l&rsquo;assassinat en octobre d&rsquo;un maire populaire et d&rsquo;un dirigeant agricole a provoqu\u00e9 des manifestations massives et conduit la pr\u00e9sidente Claudia Sheinbaum \u00e0 lancer un plan de s\u00e9curit\u00e9, dans le cadre duquel plus de 10.000 soldats ont \u00e9t\u00e9 d\u00e9ploy\u00e9s dans cet \u00c9tat.<\/p>\n<p class=\"fig-paragraph\">L&rsquo;explosion s&rsquo;est produite peu avant midi (18h00 GMT) devant le si\u00e8ge de la police communautaire de la municipalit\u00e9 de Coahuayana, sur la c\u00f4te pacifique, selon le parquet g\u00e9n\u00e9ral du Mexique, qui s&rsquo;est saisi de l&rsquo;affaire.<\/p>\n<p>                                            Des attentats \u00e0 la voiture pi\u00e9g\u00e9e rares au Mexique<\/p>\n<p class=\"fig-paragraph\">Trois des cinq personnes tu\u00e9es sont des policiers, selon le parquet de l&rsquo;\u00c9tat.<\/p>\n<p class=\"fig-paragraph\">Les attentats \u00e0 la voiture pi\u00e9g\u00e9e sont rares au Mexique, mais en octobre un attentat similaire a eu lieu dans l&rsquo;\u00c9tat voisin de Guanajuanto, blessant trois policiers.<\/p>\n","protected":false},"excerpt":{"rendered":"Au moins cinq personnes ont \u00e9t\u00e9 tu\u00e9es et trois bless\u00e9es samedi dans l&rsquo;explosion d&rsquo;une voiture pi\u00e9g\u00e9e devant les&hellip;\n","protected":false},"author":2,"featured_media":585246,"comment_status":"","ping_status":"","sticky":false,"template":"","format":"standard","meta":{"footnotes":""},"categories":[5],"tags":[11,1011,27,14,5697,12,28],"class_list":{"0":"post-585245","1":"post","2":"type-post","3":"status-publish","4":"format-standard","5":"has-post-thumbnail","7":"category-international","8":"tag-actualites","9":"tag-fr","10":"tag-france","11":"tag-international","12":"tag-mexique","13":"tag-news","14":"tag-world"},"share_on_mastodon":{"url":"https:\/\/pubeurope.com\/@fr\/115681088345277280","error":""},"_links":{"self":[{"href":"https:\/\/www.europesays.com\/fr\/wp-json\/wp\/v2\/posts\/585245","targetHints":{"allow":["GET"]}}],"collection":[{"href":"https:\/\/www.europesays.com\/fr\/wp-json\/wp\/v2\/posts"}],"about":[{"href":"https:\/\/www.europesays.com\/fr\/wp-json\/wp\/v2\/types\/post"}],"author":[{"embeddable":true,"href":"https:\/\/www.europesays.com\/fr\/wp-json\/wp\/v2\/users\/2"}],"replies":[{"embeddable":true,"href":"https:\/\/www.europesays.com\/fr\/wp-json\/wp\/v2\/comments?post=585245"}],"version-history":[{"count":0,"href":"https:\/\/www.europesays.com\/fr\/wp-json\/wp\/v2\/posts\/585245\/revisions"}],"wp:featuredmedia":[{"embeddable":true,"href":"https:\/\/www.europesays.com\/fr\/wp-json\/wp\/v2\/media\/585246"}],"wp:attachment":[{"href":"https:\/\/www.europesays.com\/fr\/wp-json\/wp\/v2\/media?parent=585245"}],"wp:term":[{"taxonomy":"category","embeddable":true,"href":"https:\/\/www.europesays.com\/fr\/wp-json\/wp\/v2\/categories?post=585245"},{"taxonomy":"post_tag","embeddable":true,"href":"https:\/\/www.europesays.com\/fr\/wp-json\/wp\/v2\/tags?post=585245"}],"curies":[{"name":"wp","href":"https:\/\/api.w.org\/{rel}","templated":true}]}}