{"id":585251,"date":"2025-12-08T00:25:25","date_gmt":"2025-12-08T00:25:25","guid":{"rendered":"https:\/\/www.europesays.com\/fr\/585251\/"},"modified":"2025-12-08T00:25:25","modified_gmt":"2025-12-08T00:25:25","slug":"un-point-pris-a-rovenain","status":"publish","type":"post","link":"https:\/\/www.europesays.com\/fr\/585251\/","title":{"rendered":"Un point pris \u00e0 Rovenain !"},"content":{"rendered":"<p>Apr\u00e8s deux victoires cons\u00e9cutives, le groupe de Fr\u00e9d\u00e9ric Dugand avait \u00e0 c\u0153ur de poursuivre sa s\u00e9rie. C\u2019est \u00e0 Rovenain que les Verts se sont rendus pour la rencontre du jour.<\/p>\n<p>Dans une premi\u00e8re p\u00e9riode o\u00f9 les St\u00e9phanois ont pu d\u00e9rouler leur jeu, une belle action collective initi\u00e9e par Tom Teillol permet \u00e0 Sonny Yvars d\u2019ouvrir le score d\u2019une frappe enroul\u00e9e petit filet <strong>(0-1, 21e).<\/strong><\/p>\n<p>Au retour des vestiaires, les locaux reviennent avec l\u2019intention d\u2019\u00e9galiser. Ils mettent le pied sur le ballon et obligent Mat\u00e9o Houngbo Civier \u00e0 r\u00e9aliser plusieurs parades. Malheureusement pour les Verts, une erreur d\u00e9fensive en toute fin de match offre \u00e0 l\u2019attaquant de Rovenain l\u2019occasion d\u2019\u00e9galiser<strong>\u00a0(1-1, 90e).\u00a0<\/strong><\/p>\n<p>La r\u00e9action du coach<\/p>\n<p>\u00ab On fait vraiment une bonne premi\u00e8re p\u00e9riode. Dans les intentions, dans la fa\u00e7on de jouer ensemble, on a r\u00e9ussi \u00e0 f\u00e9d\u00e9rer et \u00e0 imposer notre rythme.<\/p>\n<p>Le but avant la mi-temps est tr\u00e8s bien construit, c\u2019est exactement ce qu\u2019on cherche \u00e0 mettre en place.<\/p>\n<p>En deuxi\u00e8me, \u00e7a se d\u00e9r\u00e8gle un peu avec le contexte : il y a plus de pression, on devient plus directs alors qu\u2019on aurait d\u00fb rester simples, sans avoir peur de poser le ballon. \u00c7a nous fait d\u00e9jouer. Mat\u00e9o nous tient en vie sur plusieurs situations, il fait une vraie diff\u00e9rence dans cette p\u00e9riode. Et puis \u00e0 la 90e, sur un ballon anodin, on se met en difficult\u00e9\u2026 C\u2019est ce manque de ma\u00eetrise qui doit nous servir pour grandir. On doit gagner en maturit\u00e9, \u00eatre plus calmes, ne pas avoir peur de jouer. On subit une bonne partie de la deuxi\u00e8me mi-temps, donc le nul n\u2019est pas illogique.<\/p>\n<p>Quand on n\u2019arrive pas \u00e0 gagner, il faut savoir ne pas perdre. On reste sur une s\u00e9rie de cinq matchs sans d\u00e9faite, c\u2019est encourageant. L\u2019\u00e9quipe devient plus mature et \u00e7a se ressent. \u00bb<\/p>\n<p>La feuille de match<\/p>\n<p><strong>Olympique Rovenain 1-1 ASSE<\/strong><\/p>\n<p><strong>16e journ\u00e9e d&rsquo;U19 National<\/strong><\/p>\n<p><strong>Samedi 6 d\u00e9cembre<\/strong><\/p>\n<p><strong>Mi-temps\u00a0<\/strong>: 0-1<\/p>\n<p><strong>Buts ASSE<\/strong> : Yvars (21e)<\/p>\n<p><strong>ASSE :<\/strong> Houngbo Civier Teillol, Mouton, Kasia, Jolivet &#8211; Tatuszka, A\u00eft Amer, Depalle &#8211; Yvars, Kont\u00e9, Traor\u00e9<\/p>\n<p><strong>Entra\u00eeneur :<\/strong> Fr\u00e9d\u00e9ric Dugand.<\/p>\n","protected":false},"excerpt":{"rendered":"Apr\u00e8s deux victoires cons\u00e9cutives, le groupe de Fr\u00e9d\u00e9ric Dugand avait \u00e0 c\u0153ur de poursuivre sa s\u00e9rie. C\u2019est \u00e0&hellip;\n","protected":false},"author":2,"featured_media":585252,"comment_status":"","ping_status":"","sticky":false,"template":"","format":"standard","meta":{"footnotes":""},"categories":[9653],"tags":[1111,11,2430,1777,674,1011,27,12,25,4001],"class_list":{"0":"post-585251","1":"post","2":"type-post","3":"status-publish","4":"format-standard","5":"has-post-thumbnail","7":"category-saint-etienne","8":"tag-actu","9":"tag-actualites","10":"tag-auvergne-rhone-alpes","11":"tag-eu","12":"tag-europe","13":"tag-fr","14":"tag-france","15":"tag-news","16":"tag-republique-francaise","17":"tag-saint-etienne"},"share_on_mastodon":{"url":"https:\/\/pubeurope.com\/@fr\/115681107843679374","error":""},"_links":{"self":[{"href":"https:\/\/www.europesays.com\/fr\/wp-json\/wp\/v2\/posts\/585251","targetHints":{"allow":["GET"]}}],"collection":[{"href":"https:\/\/www.europesays.com\/fr\/wp-json\/wp\/v2\/posts"}],"about":[{"href":"https:\/\/www.europesays.com\/fr\/wp-json\/wp\/v2\/types\/post"}],"author":[{"embeddable":true,"href":"https:\/\/www.europesays.com\/fr\/wp-json\/wp\/v2\/users\/2"}],"replies":[{"embeddable":true,"href":"https:\/\/www.europesays.com\/fr\/wp-json\/wp\/v2\/comments?post=585251"}],"version-history":[{"count":0,"href":"https:\/\/www.europesays.com\/fr\/wp-json\/wp\/v2\/posts\/585251\/revisions"}],"wp:featuredmedia":[{"embeddable":true,"href":"https:\/\/www.europesays.com\/fr\/wp-json\/wp\/v2\/media\/585252"}],"wp:attachment":[{"href":"https:\/\/www.europesays.com\/fr\/wp-json\/wp\/v2\/media?parent=585251"}],"wp:term":[{"taxonomy":"category","embeddable":true,"href":"https:\/\/www.europesays.com\/fr\/wp-json\/wp\/v2\/categories?post=585251"},{"taxonomy":"post_tag","embeddable":true,"href":"https:\/\/www.europesays.com\/fr\/wp-json\/wp\/v2\/tags?post=585251"}],"curies":[{"name":"wp","href":"https:\/\/api.w.org\/{rel}","templated":true}]}}