{"id":585256,"date":"2025-12-08T00:32:23","date_gmt":"2025-12-08T00:32:23","guid":{"rendered":"https:\/\/www.europesays.com\/fr\/585256\/"},"modified":"2025-12-08T00:32:23","modified_gmt":"2025-12-08T00:32:23","slug":"une-universite-honore-un-saint-andreen","status":"publish","type":"post","link":"https:\/\/www.europesays.com\/fr\/585256\/","title":{"rendered":"Une universit\u00e9 honore un Saint-Andr\u00e9en"},"content":{"rendered":"<p>L\u2019un des amphith\u00e9\u00e2tres de l\u2019Universit\u00e9 des sciences de Montpellier porte le nom de Joseph-Valentin Boussinesq depuis le 4 d\u00e9cembre. Un hommage rendu par la facult\u00e9 aux personnalit\u00e9s qui ont contribu\u00e9 au rayonnement de l\u2019universit\u00e9 par leur engagement, leur passion et l\u2019excellence des recherches qu\u2019ils ont r\u00e9alis\u00e9es.<\/p>\n<p>Officier de la L\u00e9gion d\u2019honneur en 1901, Joseph-Valentin Boussinesq succ\u00e9da \u00e0 Raymond Poincar\u00e9 comme professeur de sciences \u00e0 Lille en 1896, alors qu\u2019il \u00e9tait membre de l\u2019Acad\u00e9mie des sciences depuis 1886. Il marqua la communaut\u00e9 scientifique par ses travaux sur la m\u00e9canique des fluides, des sols et du g\u00e9nie civil. Il re\u00e7ut en 1871 le prix Poncelet pour l\u2019ensemble de ses travaux scientifiques. Successivement professeur de math\u00e9matiques au coll\u00e8ge d\u2019Agde, du Vigan et de Gap entre 1862 et 1872, il avait obtenu sa licence \u00e0 la facult\u00e9 des sciences de Montpellier en 1861. C\u2019est gr\u00e2ce \u00e0 l\u2019instituteur de son village natal \u00e0 Saint-Andr\u00e9-de-Sangonis qu\u2019il se passionna tr\u00e8s jeune pour les math\u00e9matiques, ce qui lui permit de d\u00e9passer sa modeste condition de fils de cultivateurs de l\u2019\u00e9poque.<\/p>\n<p>C\u2019est entour\u00e9 de Jean-Louis Cuq, pr\u00e9sident honoraire de l\u2019Universit\u00e9 de Montpellier, et de Jean-Michel Marin, doyen de la facult\u00e9 des sciences, que Jean-Pierre Gabaudan a d\u00e9voil\u00e9 la plaque comm\u00e9morative de l\u2019illustre Saint-Andr\u00e9en \u00e0 l\u2019entr\u00e9e de l\u2019amphith\u00e9\u00e2tre : \u00ab\u00a0Joseph-Valentin Boussinesq (1842-1929) \u2013 Math\u00e9maticien, physicien et hydraulicien.\u00a0\u00bb<\/p>\n<p>Correspondant Midi Libre : 06 76 62 66 11<\/p>\n","protected":false},"excerpt":{"rendered":"L\u2019un des amphith\u00e9\u00e2tres de l\u2019Universit\u00e9 des sciences de Montpellier porte le nom de Joseph-Valentin Boussinesq depuis le 4&hellip;\n","protected":false},"author":2,"featured_media":585257,"comment_status":"","ping_status":"","sticky":false,"template":"","format":"standard","meta":{"footnotes":""},"categories":[9599],"tags":[1111,11,1777,674,1011,27,7089,2208,12,2680,25,69880,1857],"class_list":{"0":"post-585256","1":"post","2":"type-post","3":"status-publish","4":"format-standard","5":"has-post-thumbnail","7":"category-montpellier","8":"tag-actu","9":"tag-actualites","10":"tag-eu","11":"tag-europe","12":"tag-fr","13":"tag-france","14":"tag-herault","15":"tag-montpellier","16":"tag-news","17":"tag-occitanie","18":"tag-republique-francaise","19":"tag-saintandredesangonis","20":"tag-sociu00e9tu00e9"},"share_on_mastodon":{"url":"https:\/\/pubeurope.com\/@fr\/115681135425828676","error":""},"_links":{"self":[{"href":"https:\/\/www.europesays.com\/fr\/wp-json\/wp\/v2\/posts\/585256","targetHints":{"allow":["GET"]}}],"collection":[{"href":"https:\/\/www.europesays.com\/fr\/wp-json\/wp\/v2\/posts"}],"about":[{"href":"https:\/\/www.europesays.com\/fr\/wp-json\/wp\/v2\/types\/post"}],"author":[{"embeddable":true,"href":"https:\/\/www.europesays.com\/fr\/wp-json\/wp\/v2\/users\/2"}],"replies":[{"embeddable":true,"href":"https:\/\/www.europesays.com\/fr\/wp-json\/wp\/v2\/comments?post=585256"}],"version-history":[{"count":0,"href":"https:\/\/www.europesays.com\/fr\/wp-json\/wp\/v2\/posts\/585256\/revisions"}],"wp:featuredmedia":[{"embeddable":true,"href":"https:\/\/www.europesays.com\/fr\/wp-json\/wp\/v2\/media\/585257"}],"wp:attachment":[{"href":"https:\/\/www.europesays.com\/fr\/wp-json\/wp\/v2\/media?parent=585256"}],"wp:term":[{"taxonomy":"category","embeddable":true,"href":"https:\/\/www.europesays.com\/fr\/wp-json\/wp\/v2\/categories?post=585256"},{"taxonomy":"post_tag","embeddable":true,"href":"https:\/\/www.europesays.com\/fr\/wp-json\/wp\/v2\/tags?post=585256"}],"curies":[{"name":"wp","href":"https:\/\/api.w.org\/{rel}","templated":true}]}}