{"id":585269,"date":"2025-12-08T00:41:27","date_gmt":"2025-12-08T00:41:27","guid":{"rendered":"https:\/\/www.europesays.com\/fr\/585269\/"},"modified":"2025-12-08T00:41:27","modified_gmt":"2025-12-08T00:41:27","slug":"un-marche-de-noel-couvert-de-470-m2-ouvre-ses-portes-au-port-du-rhin","status":"publish","type":"post","link":"https:\/\/www.europesays.com\/fr\/585269\/","title":{"rendered":"un march\u00e9 de No\u00ebl couvert de 470 m2 ouvre ses portes au Port du Rhin"},"content":{"rendered":"<p><strong>Apr\u00e8s le Kaleisdoscoop, tiers-lieu qui bouge au Port du Rhin, c\u2019est au tour du Kaleido\u2019shop de faire parler de lui. K\u00e9sako ? Une nouvelle halle marchande sous forme de corners, qui sera inaugur\u00e9e pour un march\u00e9 de No\u00ebl local, \u00e9thique et responsable, le tout bien au chaud. On vous pr\u00e9sente tout \u00e7a ! <\/strong><\/p>\n<p><strong>Le Kaleisdoscoop, c\u2019est un tiers-lieu qui rassemble plus de 40 structures engag\u00e9es autour d\u2019une \u00e9conomie humaine et locale, avec de nombreux \u00e9v\u00e9nements toute l\u2019ann\u00e9e. <\/strong>Peut-\u00eatre avez-vous d\u00e9j\u00e0 eu l\u2019occasion de mettre les pieds \u00e0 la Coopette, boutique solidaire et engag\u00e9e qui se trouve au rez-de-chauss\u00e9e.<\/p>\n<p>Celle-ci laisse d\u00e9sormais sa place au <strong>Kaleido\u2019shop<\/strong> : elle ne dispara\u00eet pas, mais se transforme en boutique collaborative <strong>\u00e0 partir du 9 d\u00e9cembre.<\/strong> Le principe\u00a0? <strong>470 m\u00e8tres carr\u00e9s qui accueilleront un march\u00e9 de No\u00ebl couvert responsable, avant de devenir, d\u2019ici quelques semaines, une halle marchande sous forme de corners. <\/strong>De quoi profiter de l\u2019ambiance de No\u00ebl, loin de la foule : on vous explique.<\/p>\n<p>    <img width=\"800\" height=\"534\" src=\"https:\/\/www.europesays.com\/fr\/wp-content\/uploads\/2025\/05\/kaleidoscoop-2816-800x534.jpg\" class=\"attachment-image-size-L size-image-size-L\" alt=\"kaleidoscoop\" decoding=\"async\" loading=\"lazy\"  \/>         \u00a9 Christophe Urbain &#8211; Kaleidoscoop \/ Document remis <\/p>\n<p>Un march\u00e9 de No\u00ebl \u00e9thique, local et tout doux<\/p>\n<p><strong>Du 9 au 20 d\u00e9cembre, le Kaleido\u2019shop se met aux couleurs de No\u00ebl<\/strong>, avec un march\u00e9 \u00e0 d\u00e9couvrir bien au chaud. <strong>Au programme : une quinzaine de stands,<\/strong> dont un coin \u00ab Made in coop \u00bb qui met en avant les diff\u00e9rents talents du quartier, allant <strong>des Ateliers \u00c9clair\u00e9s \u00e0 la Basse-cour des Miracles, en passant par le Garage coop.<\/strong><\/p>\n<p>Quant aux autres corners, on nous souffle dans l\u2019oreillette qu\u2019ils seront bient\u00f4t d\u00e9voil\u00e9s, mais comprendront des <strong>stands de cr\u00e9ation, de l\u2019artisanat local, des v\u00eatements responsables fabriqu\u00e9s en France, du tatouage, des bi\u00e8res et vins bios et locaux, un atelier de r\u00e9paration de v\u00e9lo\u2026<\/strong> Bref, de quoi placer No\u00ebl sous le signe de <strong>l\u2019\u00e9thique<\/strong>\u00a0!<\/p>\n<p>                <img width=\"750\" height=\"500\" src=\"https:\/\/www.europesays.com\/fr\/wp-content\/uploads\/2025\/12\/kaleidoshop-kaleidoscoop-2-750x500.jpg\" class=\"attachment-gallery size-gallery\" alt=\"Kaleidoshop kaleidoscoop (2)\" data-full-url=\"https:\/\/pokaa.fr\/wp-content\/uploads\/2025\/12\/05\/kaleidoshop-kaleidoscoop-2.jpg\" decoding=\"async\" loading=\"lazy\"  \/>            <\/p>\n<p>                <img width=\"750\" height=\"500\" src=\"https:\/\/www.europesays.com\/fr\/wp-content\/uploads\/2025\/12\/kaleidoshop-kaleidoscoop-3-750x500.jpg\" class=\"attachment-gallery size-gallery\" alt=\"Kaleidoshop kaleidoscoop (3)\" data-full-url=\"https:\/\/pokaa.fr\/wp-content\/uploads\/2025\/12\/05\/kaleidoshop-kaleidoscoop-3.jpg\" decoding=\"async\" loading=\"lazy\"  \/>            <\/p>\n<p>                    \u00a9 Kaleido&rsquo;shop \/ Documents remis<\/p>\n<p>Pour prolonger la magie de No\u00ebl, de nombreux \u00e9v\u00e9nements vont ponctuer ce march\u00e9 \u00e9ph\u00e9m\u00e8re. <strong>Tout d\u2019abord, des ateliers comme des cours de yoga ou de pilates, la fabrication d\u2019un sapin 100% r\u00e9emploi, une initiation \u00e0 la vannerie\u2026.<\/strong><\/p>\n<p>Mais aussi, <strong>des spectacles.<\/strong> Par exemple, <strong>la compagnie Directo Cin\u00e9ma sera sur place le 13 d\u00e9cembre avec un show gratuit, <\/strong>qui fera le portrait de 8 habitant(e)s du quartier du Port du Rhin, entre r\u00e9cits, musique, peinture \u00e0 l\u2019encre et ombres. Le 18 d\u00e9cembre, c\u2019est une soir\u00e9e <strong>Klub Yoga<\/strong> qui vous attend pour\u2026 <strong>Du yoga en techno<\/strong>, oui oui. Une soir\u00e9e<strong> d\u00e9gustation de vin sera \u00e9galement organis\u00e9e le\u00a019<\/strong>, anim\u00e9e par P\u00e9pin et Achill\u00e9e.<\/p>\n<p>    <img width=\"800\" height=\"533\" src=\"https:\/\/www.europesays.com\/fr\/wp-content\/uploads\/2025\/12\/kaleidoshop-kaleidoscoop-1-800x533.jpg\" class=\"attachment-image-size-L size-image-size-L\" alt=\"Kaleidoshop kaleidoscoop (1)\" decoding=\"async\" loading=\"lazy\"  \/>         \u00a9 Kaleido&rsquo;shop \/ Document remis <\/p>\n<p>Pour d\u00e9couvrir <strong>tout le programme et vous inscrire, c\u2019est <a href=\"https:\/\/www.helloasso.com\/associations\/kaleidoscoop\" target=\"_blank\" rel=\"noopener\">par ici<\/a>. <\/strong>Oh, et on vous a dit qu\u2019\u00e0 votre arriv\u00e9e sur le march\u00e9<strong>, on vous offre d\u2019office un vin ou un jus de pomme chaud\u00a0?<\/strong> Si vous n\u2019\u00e9tiez pas encore convaincu(e)s, voil\u00e0 de quoi faire.<\/p>\n<p>    <img width=\"800\" height=\"453\" src=\"https:\/\/www.europesays.com\/fr\/wp-content\/uploads\/2025\/12\/phobe7689b6-7ba1-11e4-9e4a-4b4c91a0e749-805x453.jpg\" class=\"attachment-image-size-L size-image-size-L\" alt=\"Vin-chaud\" decoding=\"async\" loading=\"lazy\"  \/><br \/>\nUn food-court pour les plus gourmand(e)s<\/p>\n<p>Pour faire valser nos papilles, un <strong>food court<\/strong> proposera de nombreuses p\u00e9pites. Sur toute la dur\u00e9e du march\u00e9, on retrouvera les d\u00e9lices libanais de <strong>Naimah<\/strong>, Nala et ses <strong>Saveurs ensoleill\u00e9es, <\/strong>ainsi que les biscuits d\u00e9cor\u00e9s \u00e0 la main de<strong> Craquer Croquer.\u00a0<\/strong><\/p>\n<p>La seconde semaine, d\u2019autres traiteur\/ses seront l\u00e0, \u00e0 tour de r\u00f4le.<strong> Gouacamo-l\u00e9<\/strong>\u00a0sera de la partie, avec ses plats mexicains qui sentent bon le voyage. <strong>\u00c0 Table c\u2019est chou<\/strong>, ainsi que l\u2019<strong>Atelier Nanyang<\/strong> et le <strong>Go\u00fbt Levantin<\/strong> viendront \u00e9galement nous faire voyager aux quatre coins du monde.<\/p>\n<p>                <img width=\"526\" height=\"500\" src=\"https:\/\/www.europesays.com\/fr\/wp-content\/uploads\/2025\/12\/craquer-croquer-526x500.png\" class=\"attachment-gallery size-gallery\" alt=\"Craquer croquer\" data-full-url=\"https:\/\/pokaa.fr\/wp-content\/uploads\/2025\/12\/05\/craquer-croquer.png\" decoding=\"async\" loading=\"lazy\"  \/>            <\/p>\n<p>                <img width=\"327\" height=\"500\" src=\"https:\/\/www.europesays.com\/fr\/wp-content\/uploads\/2025\/12\/gouacamo-le-327x500.png\" class=\"attachment-gallery size-gallery\" alt=\"Gouacamo-le\" data-full-url=\"https:\/\/pokaa.fr\/wp-content\/uploads\/2025\/12\/05\/gouacamo-le.png\" decoding=\"async\" loading=\"lazy\"  \/>            <\/p>\n<p>                <img width=\"760\" height=\"500\" src=\"https:\/\/www.europesays.com\/fr\/wp-content\/uploads\/2025\/12\/le-gout-levantin-760x500.png\" class=\"attachment-gallery size-gallery\" alt=\"Le go\u00fbt levantin\" data-full-url=\"https:\/\/pokaa.fr\/wp-content\/uploads\/2025\/12\/05\/le-gout-levantin.png\" decoding=\"async\" loading=\"lazy\"  \/>            <\/p>\n<p>                    1. Craquer Croquer. ; 2. Gouacamo-l\u00e9. ; 3. Le Go\u00fbt Levantin \/ Captures d&rsquo;\u00e9cran<\/p>\n<p>Le Kaleido&rsquo;shop, une halle marchande humaine et locale<\/p>\n<p>On vous l\u2019a dit, apr\u00e8s le 20 d\u00e9cembre, la Coopette laissera place au Kaleido\u2019shop \u00e0 l\u2019ann\u00e9e, sous forme de halle marchande. On y retrouvera <strong>26 corners de 9 m\u00e8tres carr\u00e9s, ainsi que deux grands espaces de 60 m\u00e8tres carr\u00e9s.<\/strong> Certains seront r\u00e9serv\u00e9s \u00e0 des structures de l\u2019innovation sociale, d\u2019autres partag\u00e9s pour des incubateurs, associations ou collectifs.<\/p>\n<p>Aussi<strong>, une formule pop-up sera accessible<\/strong>, pour tester des projets, lancer des produits ou organiser un \u00e9v\u00e9nement\u00a0: bref, c\u2019est le moment de faire parler votre cr\u00e9ativit\u00e9. L\u2019objectif global, c\u2019est d\u2019assurer <strong>une rotation des stands \u00e0 l\u2019ann\u00e9e, pour des nouvelles exp\u00e9riences en continu.<\/strong><\/p>\n<p>Et surtout, le Kaleido\u2019shop, c\u2019est un lieu en \u00e9volution constante, au gr\u00e9 des envies, projets, initiatives locales. Si vous voulez rejoindre l\u2019aventure, vous pouvez t\u00e9l\u00e9charger <strong>le dossier de pr\u00e9sentation complet ici, et vous manifester <a href=\"https:\/\/form.typeform.com\/to\/d8iH4REI\" target=\"_blank\" rel=\"noopener\">par-l\u00e0<\/a>. <\/strong><\/p>\n<p><strong>Alors, vous venez d\u00e9couvrir ce nouveau concept\u00a0?<\/strong><\/p>\n<p>    <img width=\"800\" height=\"533\" src=\"https:\/\/www.europesays.com\/fr\/wp-content\/uploads\/2025\/12\/kaleidoshop-kaleidoscoop-4-800x533.jpg\" class=\"attachment-image-size-L size-image-size-L\" alt=\"Kaleidoshop kaleidoscoop (4)\" decoding=\"async\" loading=\"lazy\"  \/>         \u00a9 Kaleido&rsquo;shop \/ Document remis <\/p>\n<p>            Ouverture du Kaleido&rsquo;shop<\/p>\n","protected":false},"excerpt":{"rendered":"Apr\u00e8s le Kaleisdoscoop, tiers-lieu qui bouge au Port du Rhin, c\u2019est au tour du Kaleido\u2019shop de faire parler&hellip;\n","protected":false},"author":2,"featured_media":585270,"comment_status":"","ping_status":"","sticky":false,"template":"","format":"standard","meta":{"footnotes":""},"categories":[2820],"tags":[1111,11,1777,674,1011,27,775,21177,69882,36053,12,28134,25,640],"class_list":{"0":"post-585269","1":"post","2":"type-post","3":"status-publish","4":"format-standard","5":"has-post-thumbnail","7":"category-strasbourg","8":"tag-actu","9":"tag-actualites","10":"tag-eu","11":"tag-europe","12":"tag-fr","13":"tag-france","14":"tag-grand-est","15":"tag-kaleidoscoop","16":"tag-kaleidoshop","17":"tag-marche-de-noel","18":"tag-news","19":"tag-port-du-rhin","20":"tag-republique-francaise","21":"tag-strasbourg"},"share_on_mastodon":{"url":"https:\/\/pubeurope.com\/@fr\/115681172335780089","error":""},"_links":{"self":[{"href":"https:\/\/www.europesays.com\/fr\/wp-json\/wp\/v2\/posts\/585269","targetHints":{"allow":["GET"]}}],"collection":[{"href":"https:\/\/www.europesays.com\/fr\/wp-json\/wp\/v2\/posts"}],"about":[{"href":"https:\/\/www.europesays.com\/fr\/wp-json\/wp\/v2\/types\/post"}],"author":[{"embeddable":true,"href":"https:\/\/www.europesays.com\/fr\/wp-json\/wp\/v2\/users\/2"}],"replies":[{"embeddable":true,"href":"https:\/\/www.europesays.com\/fr\/wp-json\/wp\/v2\/comments?post=585269"}],"version-history":[{"count":0,"href":"https:\/\/www.europesays.com\/fr\/wp-json\/wp\/v2\/posts\/585269\/revisions"}],"wp:featuredmedia":[{"embeddable":true,"href":"https:\/\/www.europesays.com\/fr\/wp-json\/wp\/v2\/media\/585270"}],"wp:attachment":[{"href":"https:\/\/www.europesays.com\/fr\/wp-json\/wp\/v2\/media?parent=585269"}],"wp:term":[{"taxonomy":"category","embeddable":true,"href":"https:\/\/www.europesays.com\/fr\/wp-json\/wp\/v2\/categories?post=585269"},{"taxonomy":"post_tag","embeddable":true,"href":"https:\/\/www.europesays.com\/fr\/wp-json\/wp\/v2\/tags?post=585269"}],"curies":[{"name":"wp","href":"https:\/\/api.w.org\/{rel}","templated":true}]}}