{"id":585283,"date":"2025-12-08T00:51:16","date_gmt":"2025-12-08T00:51:16","guid":{"rendered":"https:\/\/www.europesays.com\/fr\/585283\/"},"modified":"2025-12-08T00:51:16","modified_gmt":"2025-12-08T00:51:16","slug":"previsions-du-lundi-8-decembre-2025-2","status":"publish","type":"post","link":"https:\/\/www.europesays.com\/fr\/585283\/","title":{"rendered":"pr\u00e9visions du lundi 8 d\u00e9cembre 2025"},"content":{"rendered":"<p>Le soleil sera dominant, la promesse d&rsquo;une belle journ\u00e9e \u00e0 Toulouse ! Les temp\u00e9ratures seront de 9\u00b0C au plus bas et de 18\u00b0C au maximum. Un petit vent de sud-est soufflera. Dans la matin\u00e9e, les temp\u00e9ratures seront de 12\u00b0C. L&rsquo;apr\u00e8s-midi, c&rsquo;est une hausse de plusieurs degr\u00e9s que vont conna\u00eetre les temp\u00e9ratures. Les valeurs seront comprises entre 14 et 18\u00b0C. Le ciel sera relativement lumineux, avec quelques \u00e9claircies le soir. Le thermom\u00e8tre affichera 12\u00b0C en moyenne. Une nuit claire vous attendra entre lundi et mardi.<\/p>\n<p>Une chute des temp\u00e9ratures est pr\u00e9vue \u00e0 Toulouse, demain. Il fera environ 13\u00b0C. Un vent de sud-est, atteignant 24 km\/h, soufflera. Des \u00e9claircies appara\u00eetront dans la matin\u00e9e. Il va faire 12\u00b0C en moyenne. Demain apr\u00e8s-midi, les Toulousains vont pouvoir profiter d&rsquo;un soleil radieux. Les temp\u00e9ratures afficheront entre 12 et 16\u00b0C. Apr\u00e8s un bref passage nuageux, on annonce des \u00e9claircies pour cette soir\u00e9e. Les valeurs tourneront autour des 12\u00b0C.<\/p>\n<p>Des changements sont pr\u00e9vus les jours qui suivent. Le temps sera nuageux mercredi mais il conna\u00eetra une am\u00e9lioration jeudi.<\/p>\n<p><\/p>\n","protected":false},"excerpt":{"rendered":"Le soleil sera dominant, la promesse d&rsquo;une belle journ\u00e9e \u00e0 Toulouse ! Les temp\u00e9ratures seront de 9\u00b0C au&hellip;\n","protected":false},"author":2,"featured_media":585284,"comment_status":"","ping_status":"","sticky":false,"template":"","format":"standard","meta":{"footnotes":""},"categories":[2816],"tags":[1111,11,1777,674,1011,27,12,2680,2119,25,2312],"class_list":{"0":"post-585283","1":"post","2":"type-post","3":"status-publish","4":"format-standard","5":"has-post-thumbnail","7":"category-toulouse","8":"tag-actu","9":"tag-actualites","10":"tag-eu","11":"tag-europe","12":"tag-fr","13":"tag-france","14":"tag-news","15":"tag-occitanie","16":"tag-previsions-meteo","17":"tag-republique-francaise","18":"tag-toulouse"},"share_on_mastodon":{"url":"https:\/\/pubeurope.com\/@fr\/115681210069294559","error":""},"_links":{"self":[{"href":"https:\/\/www.europesays.com\/fr\/wp-json\/wp\/v2\/posts\/585283","targetHints":{"allow":["GET"]}}],"collection":[{"href":"https:\/\/www.europesays.com\/fr\/wp-json\/wp\/v2\/posts"}],"about":[{"href":"https:\/\/www.europesays.com\/fr\/wp-json\/wp\/v2\/types\/post"}],"author":[{"embeddable":true,"href":"https:\/\/www.europesays.com\/fr\/wp-json\/wp\/v2\/users\/2"}],"replies":[{"embeddable":true,"href":"https:\/\/www.europesays.com\/fr\/wp-json\/wp\/v2\/comments?post=585283"}],"version-history":[{"count":0,"href":"https:\/\/www.europesays.com\/fr\/wp-json\/wp\/v2\/posts\/585283\/revisions"}],"wp:featuredmedia":[{"embeddable":true,"href":"https:\/\/www.europesays.com\/fr\/wp-json\/wp\/v2\/media\/585284"}],"wp:attachment":[{"href":"https:\/\/www.europesays.com\/fr\/wp-json\/wp\/v2\/media?parent=585283"}],"wp:term":[{"taxonomy":"category","embeddable":true,"href":"https:\/\/www.europesays.com\/fr\/wp-json\/wp\/v2\/categories?post=585283"},{"taxonomy":"post_tag","embeddable":true,"href":"https:\/\/www.europesays.com\/fr\/wp-json\/wp\/v2\/tags?post=585283"}],"curies":[{"name":"wp","href":"https:\/\/api.w.org\/{rel}","templated":true}]}}