{"id":585285,"date":"2025-12-08T00:53:14","date_gmt":"2025-12-08T00:53:14","guid":{"rendered":"https:\/\/www.europesays.com\/fr\/585285\/"},"modified":"2025-12-08T00:53:14","modified_gmt":"2025-12-08T00:53:14","slug":"previsions-du-lundi-8-decembre-2025-3","status":"publish","type":"post","link":"https:\/\/www.europesays.com\/fr\/585285\/","title":{"rendered":"pr\u00e9visions du lundi 8 d\u00e9cembre 2025"},"content":{"rendered":"<p>Aujourd&rsquo;hui, Lille devra encore attendre avant que les nuages ne se dissipent. Le thermom\u00e8tre affichera 13\u00b0C en moyenne. Un vent de sud-ouest, enregistrant 21 km\/h, soufflera. Le temps va progressivement se couvrir tout au long de la matin\u00e9e avec l&rsquo;arriv\u00e9e de l\u00e9gers nuages. Les temp\u00e9ratures tourneront autour des 13\u00b0C. L&rsquo;apr\u00e8s-midi va rester voil\u00e9 \u00e0 cause de nuages qui perdurent dans le ciel. Il faudra anticiper des perturbations, les Lillois se retrouveront sous des pluies \u00e9parses. Les valeurs seront comprises entre 13 et 14\u00b0C. Dans la soir\u00e9e, des pluies \u00e9parses sont pr\u00e9vues. Il fera environ 14\u00b0C. Le passage de lundi \u00e0 mardi s&rsquo;effectuera sous un ciel clair.<\/p>\n<p>Demain, le vent va peu \u00e0 peu \u00e9loigner les nuages \u00e0 Lille. Une baisse des temp\u00e9ratures est attendue. On pr\u00e9voit des temp\u00e9ratures avoisinant 12\u00b0C. La ville sera touch\u00e9e par un vent de sud de 23 km\/h. Le matin, les valeurs afficheront entre 10 et 12\u00b0C. Les temp\u00e9ratures iront de 13 \u00e0 14\u00b0C sur l&rsquo;ensemble de l&rsquo;apr\u00e8s-midi. Dans la soir\u00e9e, les temp\u00e9ratures avoisineront les 13\u00b0C.<\/p>\n<p>Un temps mitig\u00e9 est \u00e0 pr\u00e9voir pour les jours \u00e0 venir. La m\u00e9t\u00e9o sera nuageuse mercredi mais elle conna\u00eetra une am\u00e9lioration jeudi.<\/p>\n<p><\/p>\n","protected":false},"excerpt":{"rendered":"Aujourd&rsquo;hui, Lille devra encore attendre avant que les nuages ne se dissipent. Le thermom\u00e8tre affichera 13\u00b0C en moyenne.&hellip;\n","protected":false},"author":2,"featured_media":585286,"comment_status":"","ping_status":"","sticky":false,"template":"","format":"standard","meta":{"footnotes":""},"categories":[2815],"tags":[1111,11,1777,674,1011,27,811,1307,12,2119,25],"class_list":{"0":"post-585285","1":"post","2":"type-post","3":"status-publish","4":"format-standard","5":"has-post-thumbnail","7":"category-lille","8":"tag-actu","9":"tag-actualites","10":"tag-eu","11":"tag-europe","12":"tag-fr","13":"tag-france","14":"tag-hauts-de-france","15":"tag-lille","16":"tag-news","17":"tag-previsions-meteo","18":"tag-republique-francaise"},"share_on_mastodon":{"url":"https:\/\/pubeurope.com\/@fr\/115681218308177079","error":""},"_links":{"self":[{"href":"https:\/\/www.europesays.com\/fr\/wp-json\/wp\/v2\/posts\/585285","targetHints":{"allow":["GET"]}}],"collection":[{"href":"https:\/\/www.europesays.com\/fr\/wp-json\/wp\/v2\/posts"}],"about":[{"href":"https:\/\/www.europesays.com\/fr\/wp-json\/wp\/v2\/types\/post"}],"author":[{"embeddable":true,"href":"https:\/\/www.europesays.com\/fr\/wp-json\/wp\/v2\/users\/2"}],"replies":[{"embeddable":true,"href":"https:\/\/www.europesays.com\/fr\/wp-json\/wp\/v2\/comments?post=585285"}],"version-history":[{"count":0,"href":"https:\/\/www.europesays.com\/fr\/wp-json\/wp\/v2\/posts\/585285\/revisions"}],"wp:featuredmedia":[{"embeddable":true,"href":"https:\/\/www.europesays.com\/fr\/wp-json\/wp\/v2\/media\/585286"}],"wp:attachment":[{"href":"https:\/\/www.europesays.com\/fr\/wp-json\/wp\/v2\/media?parent=585285"}],"wp:term":[{"taxonomy":"category","embeddable":true,"href":"https:\/\/www.europesays.com\/fr\/wp-json\/wp\/v2\/categories?post=585285"},{"taxonomy":"post_tag","embeddable":true,"href":"https:\/\/www.europesays.com\/fr\/wp-json\/wp\/v2\/tags?post=585285"}],"curies":[{"name":"wp","href":"https:\/\/api.w.org\/{rel}","templated":true}]}}