{"id":585287,"date":"2025-12-08T00:54:15","date_gmt":"2025-12-08T00:54:15","guid":{"rendered":"https:\/\/www.europesays.com\/fr\/585287\/"},"modified":"2025-12-08T00:54:15","modified_gmt":"2025-12-08T00:54:15","slug":"les-accates-le-village-qui-resiste-au-beton","status":"publish","type":"post","link":"https:\/\/www.europesays.com\/fr\/585287\/","title":{"rendered":"les Accates, le village qui r\u00e9siste au\u00a0b\u00e9ton"},"content":{"rendered":"<p>\u00ab\u00a0Ici, vous n\u2019avez pas l\u2019impression d\u2019\u00eatre \u00e0 Marseille.\u00a0\u00bb Un sentiment partag\u00e9 <a href=\"https:\/\/www.laprovence.com\/article\/region\/270977176996614\/aux-accates-a-marseille-les-habitants-vent-debout-contre-un-projet-de-construction-de-65-logements\" target=\"_blank\" rel=\"noopener\">aux Accates<\/a>, o\u00f9 la vie ressemble \u00e0 celle d\u2019un petit village proven\u00e7al. Quand on arpente les rues pentues et \u00e9troites, comme celle de la place Jeanne d\u2019Arc, l\u2019impasse qui monte jusqu\u2019\u00e0 l\u2019\u00e9cole ou la traverse des Fen\u00eatres rouges, on est en effet loin de la grande ville, de son dynamisme architectural et de son effervescence.<\/p>\n<p>Car l\u2019ancien hameau du 11e arrondissement, o\u00f9 cohabitent un peu plus de 2\u00a0000 \u00e2mes, a r\u00e9sist\u00e9 \u00e0 la b\u00e9tonisation\u00a0: pas d\u2019immeubles ici, mais des maisons individuelles &#8211; autant de belles et grandes villas que de pavillons cossus dans des lotissements &#8211; qui sont sorties de terre, l\u00e0 o\u00f9 poussaient les oliviers et les noyers mais surtout les vignes. <a href=\"https:\/\/www.laprovence.com\/article\/region\/25750982264774\/a-marseille-les-habitants-des-accates-demandent-un-chemin-pieton-securise\" target=\"_blank\" rel=\"noopener\">Un combat que les Accatois<\/a> continuent de mener, comme lors de leur forte mobilisation d\u2019avril dernier pour s\u2019opposer \u00e0 un projet de sept immeubles et 65 logements \u00e0 la Jouv\u00e8ne.<\/p>\n<p>Le d\u00e9veloppement industriel de Marseille a \u00e9pargn\u00e9 ce quartier, lui permettant de conserver son calme et sa qui\u00e9tude. Un \u00ab\u00a0esprit pagnolesque\u00a0\u00bb dit-on m\u00eame au restaurant les 3 Fr\u00e8res, ouvert par Guillaume, Jean et L\u00e9o Servant, n\u00e9s aux Accates et jamais partis. Sur la place de l&#8230;<\/p>\n<p><a target=\"_self\" aria-label=\"Acc\u00e9der au dossier Quartiers de Marseille\" class=\"w-full h-full flex flex-row rounded-lg\" data-xiti-chapter1=\"dossier\" data-xiti-chapter2=\"tag\" type=\"navigation\" href=\"https:\/\/www.laprovence.com\/dossiers\/126201\/quartiers-de-marseille\" rel=\"noopener\"><img alt=\"Illustration du dossier Quartiers de Marseille\" loading=\"lazy\" decoding=\"async\" data-nimg=\"fill\" class=\"rounded-lg\" style=\"position:absolute;height:100%;width:100%;left:0;top:0;right:0;bottom:0;object-fit:cover;color:transparent\"   src=\"https:\/\/www.europesays.com\/fr\/wp-content\/uploads\/2025\/10\/quartiers-marseille-min.png\"\/><\/a><\/p>\n","protected":false},"excerpt":{"rendered":"\u00ab\u00a0Ici, vous n\u2019avez pas l\u2019impression d\u2019\u00eatre \u00e0 Marseille.\u00a0\u00bb Un sentiment partag\u00e9 aux Accates, o\u00f9 la vie ressemble \u00e0&hellip;\n","protected":false},"author":2,"featured_media":585288,"comment_status":"","ping_status":"","sticky":false,"template":"","format":"standard","meta":{"footnotes":""},"categories":[2814],"tags":[17,21648,1111,11,1777,674,1011,27,151,884,12,882,5116,3583,16,25,69884,6456],"class_list":{"0":"post-585287","1":"post","2":"type-post","3":"status-publish","4":"format-standard","5":"has-post-thumbnail","7":"category-marseille","8":"tag-17","9":"tag-accates","10":"tag-actu","11":"tag-actualites","12":"tag-eu","13":"tag-europe","14":"tag-fr","15":"tag-france","16":"tag-les","17":"tag-marseille","18":"tag-news","19":"tag-provence-alpes-cote-dazur","20":"tag-quartiers","21":"tag-qui","22":"tag-region","23":"tag-republique-francaise","24":"tag-resiste","25":"tag-village"},"share_on_mastodon":{"url":"https:\/\/pubeurope.com\/@fr\/115681222516775767","error":""},"_links":{"self":[{"href":"https:\/\/www.europesays.com\/fr\/wp-json\/wp\/v2\/posts\/585287","targetHints":{"allow":["GET"]}}],"collection":[{"href":"https:\/\/www.europesays.com\/fr\/wp-json\/wp\/v2\/posts"}],"about":[{"href":"https:\/\/www.europesays.com\/fr\/wp-json\/wp\/v2\/types\/post"}],"author":[{"embeddable":true,"href":"https:\/\/www.europesays.com\/fr\/wp-json\/wp\/v2\/users\/2"}],"replies":[{"embeddable":true,"href":"https:\/\/www.europesays.com\/fr\/wp-json\/wp\/v2\/comments?post=585287"}],"version-history":[{"count":0,"href":"https:\/\/www.europesays.com\/fr\/wp-json\/wp\/v2\/posts\/585287\/revisions"}],"wp:featuredmedia":[{"embeddable":true,"href":"https:\/\/www.europesays.com\/fr\/wp-json\/wp\/v2\/media\/585288"}],"wp:attachment":[{"href":"https:\/\/www.europesays.com\/fr\/wp-json\/wp\/v2\/media?parent=585287"}],"wp:term":[{"taxonomy":"category","embeddable":true,"href":"https:\/\/www.europesays.com\/fr\/wp-json\/wp\/v2\/categories?post=585287"},{"taxonomy":"post_tag","embeddable":true,"href":"https:\/\/www.europesays.com\/fr\/wp-json\/wp\/v2\/tags?post=585287"}],"curies":[{"name":"wp","href":"https:\/\/api.w.org\/{rel}","templated":true}]}}