{"id":585289,"date":"2025-12-08T00:55:15","date_gmt":"2025-12-08T00:55:15","guid":{"rendered":"https:\/\/www.europesays.com\/fr\/585289\/"},"modified":"2025-12-08T00:55:15","modified_gmt":"2025-12-08T00:55:15","slug":"previsions-du-lundi-8-decembre-2025-4","status":"publish","type":"post","link":"https:\/\/www.europesays.com\/fr\/585289\/","title":{"rendered":"pr\u00e9visions du lundi 8 d\u00e9cembre 2025"},"content":{"rendered":"<p>Cette journ\u00e9e rimera avec grand soleil pour Marseille. Le mercure affichera 13\u00b0C en moyenne. Les temp\u00e9ratures seront de 10\u00b0C au minimum et de 14\u00b0C au plus haut la matin\u00e9e. Un vent de nord-est soufflera doucement. Les valeurs s&rsquo;\u00e9chelonneront entre 13 et 15\u00b0C l&rsquo;apr\u00e8s-midi. Des \u00e9claircies sont attendues : on passera une soir\u00e9e cl\u00e9mente. Il va faire 13\u00b0C en moyenne. Un ciel limpide est attendu dans la nuit reliant lundi et mardi.<\/p>\n<p>C&rsquo;est un soleil \u00e9clatant qui va se montrer demain sur Marseille. Une m\u00e9t\u00e9o plus chaude est pr\u00e9vue puisque le mercure va enregistrer une hausse. Il fera en moyenne 14\u00b0C. Une l\u00e9g\u00e8re brise d&rsquo;est sera ressentie par les habitants. Dans la matin\u00e9e, les temp\u00e9ratures tourneront autour des 13\u00b0C. Les maximales iront jusqu&rsquo;\u00e0 16\u00b0C dans l&rsquo;apr\u00e8s-midi tandis que les minimales seront de 13\u00b0C. Le ciel sera relativement lumineux, avec quelques \u00e9claircies demain soir. Les temp\u00e9ratures seront de 13\u00b0C.<\/p>\n<p>Les jours passent et se ressemblent. On s&rsquo;attend \u00e0 des journ\u00e9es ensoleill\u00e9es, accompagn\u00e9es par des temp\u00e9ratures dans les 14\u00b0C en moyenne.<\/p>\n<p><\/p>\n","protected":false},"excerpt":{"rendered":"Cette journ\u00e9e rimera avec grand soleil pour Marseille. Le mercure affichera 13\u00b0C en moyenne. Les temp\u00e9ratures seront de&hellip;\n","protected":false},"author":2,"featured_media":585290,"comment_status":"","ping_status":"","sticky":false,"template":"","format":"standard","meta":{"footnotes":""},"categories":[2814],"tags":[1111,11,1777,674,1011,27,884,12,2119,882,25],"class_list":{"0":"post-585289","1":"post","2":"type-post","3":"status-publish","4":"format-standard","5":"has-post-thumbnail","7":"category-marseille","8":"tag-actu","9":"tag-actualites","10":"tag-eu","11":"tag-europe","12":"tag-fr","13":"tag-france","14":"tag-marseille","15":"tag-news","16":"tag-previsions-meteo","17":"tag-provence-alpes-cote-dazur","18":"tag-republique-francaise"},"share_on_mastodon":{"url":"https:\/\/pubeurope.com\/@fr\/115681225778071751","error":""},"_links":{"self":[{"href":"https:\/\/www.europesays.com\/fr\/wp-json\/wp\/v2\/posts\/585289","targetHints":{"allow":["GET"]}}],"collection":[{"href":"https:\/\/www.europesays.com\/fr\/wp-json\/wp\/v2\/posts"}],"about":[{"href":"https:\/\/www.europesays.com\/fr\/wp-json\/wp\/v2\/types\/post"}],"author":[{"embeddable":true,"href":"https:\/\/www.europesays.com\/fr\/wp-json\/wp\/v2\/users\/2"}],"replies":[{"embeddable":true,"href":"https:\/\/www.europesays.com\/fr\/wp-json\/wp\/v2\/comments?post=585289"}],"version-history":[{"count":0,"href":"https:\/\/www.europesays.com\/fr\/wp-json\/wp\/v2\/posts\/585289\/revisions"}],"wp:featuredmedia":[{"embeddable":true,"href":"https:\/\/www.europesays.com\/fr\/wp-json\/wp\/v2\/media\/585290"}],"wp:attachment":[{"href":"https:\/\/www.europesays.com\/fr\/wp-json\/wp\/v2\/media?parent=585289"}],"wp:term":[{"taxonomy":"category","embeddable":true,"href":"https:\/\/www.europesays.com\/fr\/wp-json\/wp\/v2\/categories?post=585289"},{"taxonomy":"post_tag","embeddable":true,"href":"https:\/\/www.europesays.com\/fr\/wp-json\/wp\/v2\/tags?post=585289"}],"curies":[{"name":"wp","href":"https:\/\/api.w.org\/{rel}","templated":true}]}}