{"id":585291,"date":"2025-12-08T00:56:11","date_gmt":"2025-12-08T00:56:11","guid":{"rendered":"https:\/\/www.europesays.com\/fr\/585291\/"},"modified":"2025-12-08T00:56:11","modified_gmt":"2025-12-08T00:56:11","slug":"dardilly-inaugure-son-nouveau-quartier-de-lesplanade-pense-comme-une-place-de-village-moderne","status":"publish","type":"post","link":"https:\/\/www.europesays.com\/fr\/585291\/","title":{"rendered":"Dardilly inaugure son nouveau quartier de l\u2019Esplanade, pens\u00e9 comme une \u201cplace de village\u201d moderne"},"content":{"rendered":"<p>L\u2019op\u00e9ration, d\u00e9sormais achev\u00e9e avec la livraison des espaces publics, propose une centaine de logements, des commerces et une grande place arbor\u00e9e.<\/p>\n<p>Implant\u00e9 entre les Noyeraies et le Bourg, le quartier se veut un prolongement naturel du centre-ville, avec une esplanade centrale entour\u00e9e de caf\u00e9s et restaurants, un \u201cchemin des \u00e9coliers\u201d longeant l\u2019\u00e9cole des Noyeraies et plusieurs aires de jeux. L\u2019id\u00e9e selon les collectivit\u00e9s est de favoriser les d\u00e9placements \u00e0 pied et les rencontres entre habitants.<\/p>\n<p>Au total, 133 logements sont pr\u00e9vus, dont 116 d\u00e9j\u00e0 livr\u00e9s. Ils m\u00ealent accession libre, locatif social et Bail r\u00e9el solidaire (BRS), ce dernier constituant seulement le deuxi\u00e8me programme engag\u00e9 en BRS sur la M\u00e9tropole. Les b\u00e2timents ont \u00e9t\u00e9 pens\u00e9s pour r\u00e9duire les consommations d\u2019\u00e9nergie : forte inertie thermique, appartements traversants, toitures v\u00e9g\u00e9talis\u00e9es.<\/p>\n<p><strong>Un quartier largement v\u00e9g\u00e9talis\u00e9<\/strong><\/p>\n<p>Revu en 2020 pour augmenter la place de la nature, le projet compte d\u00e9sormais 117 arbres, contre 70 \u00e0 l\u2019origine, et 3 500 m2 de pleine terre. Des brumisateurs, bornes-fontaines et un bassin de r\u00e9tention permettent de cr\u00e9er des \u00eelots de fra\u00eecheur et une gestion locale de l\u2019eau, dont une partie servira \u00e0 l\u2019arrosage communal.<\/p>\n<p>L\u2019Esplanade int\u00e8gre de larges cheminements pi\u00e9tons, pistes cyclables, et 27 arceaux v\u00e9lo. Pour les automobilistes, un ensemble de trois parkings (Cimeti\u00e8re, Liasse, futur parking Esplanade) offrira au total 180 places, toutes \u00e0 moins de cinq minutes \u00e0 pied, avec maintien de la gratuit\u00e9. Le stationnement r\u00e9glement\u00e9 vise \u00e0 favoriser la rotation pr\u00e8s des commerces.<\/p>\n<p>Le co\u00fbt total du projet s\u2019\u00e9l\u00e8ve \u00e0 14 millions d\u2019euros, dont 6,5 millions financ\u00e9s par la M\u00e9tropole et 1,5 million par la Ville de Dardilly.<\/p>\n","protected":false},"excerpt":{"rendered":"L\u2019op\u00e9ration, d\u00e9sormais achev\u00e9e avec la livraison des espaces publics, propose une centaine de logements, des commerces et une&hellip;\n","protected":false},"author":2,"featured_media":585292,"comment_status":"","ping_status":"","sticky":false,"template":"","format":"standard","meta":{"footnotes":""},"categories":[1889],"tags":[1111,11,2813,2190,2430,1109,251,1112,2811,1777,674,118,1011,27,1922,1110,1114,2428,2810,12,241,316,25,2812,517,800],"class_list":{"0":"post-585291","1":"post","2":"type-post","3":"status-publish","4":"format-standard","5":"has-post-thumbnail","7":"category-lyon","8":"tag-actu","9":"tag-actualites","10":"tag-article","11":"tag-asvel","12":"tag-auvergne-rhone-alpes","13":"tag-breves","14":"tag-culture","15":"tag-depeches","16":"tag-economique","17":"tag-eu","18":"tag-europe","19":"tag-faits-divers","20":"tag-fr","21":"tag-france","22":"tag-info","23":"tag-informations","24":"tag-infos","25":"tag-lyon","26":"tag-lyonmag","27":"tag-news","28":"tag-ol","29":"tag-politique","30":"tag-republique-francaise","31":"tag-sociale","32":"tag-sport","33":"tag-transports"},"share_on_mastodon":{"url":"","error":""},"_links":{"self":[{"href":"https:\/\/www.europesays.com\/fr\/wp-json\/wp\/v2\/posts\/585291","targetHints":{"allow":["GET"]}}],"collection":[{"href":"https:\/\/www.europesays.com\/fr\/wp-json\/wp\/v2\/posts"}],"about":[{"href":"https:\/\/www.europesays.com\/fr\/wp-json\/wp\/v2\/types\/post"}],"author":[{"embeddable":true,"href":"https:\/\/www.europesays.com\/fr\/wp-json\/wp\/v2\/users\/2"}],"replies":[{"embeddable":true,"href":"https:\/\/www.europesays.com\/fr\/wp-json\/wp\/v2\/comments?post=585291"}],"version-history":[{"count":0,"href":"https:\/\/www.europesays.com\/fr\/wp-json\/wp\/v2\/posts\/585291\/revisions"}],"wp:featuredmedia":[{"embeddable":true,"href":"https:\/\/www.europesays.com\/fr\/wp-json\/wp\/v2\/media\/585292"}],"wp:attachment":[{"href":"https:\/\/www.europesays.com\/fr\/wp-json\/wp\/v2\/media?parent=585291"}],"wp:term":[{"taxonomy":"category","embeddable":true,"href":"https:\/\/www.europesays.com\/fr\/wp-json\/wp\/v2\/categories?post=585291"},{"taxonomy":"post_tag","embeddable":true,"href":"https:\/\/www.europesays.com\/fr\/wp-json\/wp\/v2\/tags?post=585291"}],"curies":[{"name":"wp","href":"https:\/\/api.w.org\/{rel}","templated":true}]}}