{"id":585301,"date":"2025-12-08T01:03:15","date_gmt":"2025-12-08T01:03:15","guid":{"rendered":"https:\/\/www.europesays.com\/fr\/585301\/"},"modified":"2025-12-08T01:03:15","modified_gmt":"2025-12-08T01:03:15","slug":"celio-implante-en-grand-son-nouveau-concept-au-forum-des-halles","status":"publish","type":"post","link":"https:\/\/www.europesays.com\/fr\/585301\/","title":{"rendered":"Celio implante en grand son nouveau concept au Forum des Halles"},"content":{"rendered":"<p>\n                                    <b>Publi\u00e9 le<\/b><br \/>\n                                    <\/p>\n<p>                                        8 d\u00e9cembre 2025<\/p>\n<p class=\"article-content col-md-8 offset-md-1\">\n                                <a class=\"fnwAddLinks\" href=\"https:\/\/fr.fashionnetwork.com\/tags-celio\" title=\"Celio\" target=\"_blank\" rel=\"noopener\">Celio<\/a> donne un nouvel \u00e9lan \u00e0 son univers \u00ab\u00a0normal\u00a0\u00bb et ouvre un flagship de 1.200 m\u00e8tres carr\u00e9s au niveau -1 du centre commercial du <a class=\"fnwAddLinks\" href=\"https:\/\/fr.fashionnetwork.com\/tags-forum-des-halles\" title=\"Forum des Halles\" target=\"_blank\" rel=\"noopener\">Forum des Halles<\/a> au centre de Paris. La marque va c\u00f4toyer <a class=\"fnwAddLinks\" href=\"https:\/\/fr.fashionnetwork.com\/tags-lacoste\" title=\"Lacoste\" target=\"_blank\" rel=\"noopener\">Lacoste<\/a> et Herschell, Finsbury et <a class=\"fnwAddLinks\" href=\"https:\/\/fr.fashionnetwork.com\/tags-sandro\" title=\"Sandro\" target=\"_blank\" rel=\"noopener\">Sandro<\/a>. Et pour la premi\u00e8re fois va tester une offre mixte dans son nouveau concept. L\u2019enseigne, acteur majeur du pr\u00eat-\u00e0-porter masculin en France, annonce en effet ce lundi le d\u00e9ploiement de son nouveau concept de magasins.<\/p>\n<p><img decoding=\"async\" class=\"news-image\" style=\"width:100%;\" src=\"https:\/\/www.europesays.com\/fr\/wp-content\/uploads\/2025\/12\/b322.jpg\" alt=\"Le magasin Celio des Quatre Temps \u00e0 La D\u00e9fense Le magasin Celio des Quatre Temps \u00e0 La D\u00e9fense - Ateliers AUAV\" loading=\"lazy\"\/>Le magasin Celio des Quatre Temps \u00e0 La D\u00e9fense Le magasin Celio des Quatre Temps \u00e0 La D\u00e9fense &#8211; Ateliers AUAV &#8211; Ateliers AUAV<\/p>\n<p class=\"col-md-8 offset-md-1 article-content--texte\">Depuis qu\u2019elle a engag\u00e9 sa communication \u00ab\u00a0Be Normal\u00a0\u00bb, il y a cinq ans, la marque s\u2019emploie \u00e0 surprendre sa client\u00e8le et \u00e0 attirer de nouveaux clients, avec une proposition de capsules dynamiques autour des mangas, d\u2019une offre affin\u00e9e, notamment avec sa proposition hivernale avec Chamonix Mont Blanc et en s\u2019associant avec des personnalit\u00e9s, comme l\u2019an dernier avec le cr\u00e9ateur de contenus Inoxtag et cette ann\u00e9e l\u2019influenceur automobile GMK. Et en 2025, cette transformation se concr\u00e9tise donc avec ce nouveau concept qui revoit les codes du magasin Celio.<\/p>\n<p>Les pr\u00e9misses de cette \u00e9volution avaient \u00e9t\u00e9 per\u00e7us \u00e0 l\u2019\u00e9t\u00e9 2024 quand Marc Grosman, pr\u00e9sident de Celio, et S\u00e9bastien Bismuth, son DG, avaient inaugur\u00e9 un premier magasin proposant une offre Celio-<a class=\"fnwAddLinks\" href=\"https:\/\/fr.fashionnetwork.com\/tags-camaieu\" title=\"Cama\u00efeu\" target=\"_blank\" rel=\"noopener\">Cama\u00efeu<\/a> dans le centre <a class=\"fnwAddLinks\" href=\"https:\/\/fr.fashionnetwork.com\/tags-euralille\" title=\"Euralille\" target=\"_blank\" rel=\"noopener\">Euralille<\/a>.<\/p>\n<p class=\"col-md-8 offset-md-1 article-content--texte\">Avec de grandes vitrines, beaucoup de lumi\u00e8re, un espace d\u00e9gag\u00e9, de nombreux mannequins, quelques grands \u00e9crans et l\u2019utilisation de mat\u00e9riaux naturels, la marque laisse donc de c\u00f4t\u00e9 son concept rouge et blanc. Test\u00e9 depuis cet \u00e9t\u00e9 dans le centre des <a class=\"fnwAddLinks\" href=\"https:\/\/fr.fashionnetwork.com\/tags-quatre-temps\" title=\"Quatre Temps\" target=\"_blank\" rel=\"noopener\">Quatre Temps<\/a> \u00e0 La D\u00e9fense, l\u2019entreprise a d\u00e9but\u00e9 son expansion dans le r\u00e9seau de centres commerciaux Westfield, qui vient d\u2019\u00eatre d\u00e9ploy\u00e9e dans les centres Westfield d\u2019<a class=\"fnwAddLinks\" href=\"https:\/\/fr.fashionnetwork.com\/tags-aeroville\" title=\"A\u00e9roville\" target=\"_blank\" rel=\"noopener\">A\u00e9roville<\/a> et de Val d\u2019Europe.<\/p>\n<p><img decoding=\"async\" class=\"news-image\" style=\"width:100%;max-width:726px;\" src=\"https:\/\/www.europesays.com\/fr\/wp-content\/uploads\/2025\/12\/2f08.jpg\" alt=\"Int\u00e9rieur du concept Celio 3.0 de La D\u00e9fense Int\u00e9rieur du concept Celio 3.0 de La D\u00e9fense - Ateliers AUAV\" loading=\"lazy\"\/>Int\u00e9rieur du concept Celio 3.0 de La D\u00e9fense Int\u00e9rieur du concept Celio 3.0 de La D\u00e9fense &#8211; Ateliers AUAV &#8211; Ateliers AUAV<\/p>\n<p>\u00ab\u00a0L\u2019ouverture de notre magasin \u00e0 La D\u00e9fense a marqu\u00e9 une premi\u00e8re \u00e9tape d\u00e9cisive dans le d\u00e9ploiement de notre nouveau concept. Avec celui du <a class=\"fnwAddLinks\" href=\"https:\/\/fr.fashionnetwork.com\/tags-forum\" title=\"Forum\" target=\"_blank\" rel=\"noopener\">Forum<\/a> des Halles, en plein c\u0153ur de Paris, nous changeons d\u2019\u00e9chelle. Ce magasin de 1.200 m\u00e8tres carr\u00e9s ne se contente pas de reprendre les codes de notre concept: il les fait \u00e9voluer, il les adapte, il les enrichit, avance dans un communiqu\u00e9 S\u00e9bastien Bismuth, directeur g\u00e9n\u00e9ral de Celio. Le Forum est aussi le lieu o\u00f9 nous d\u00e9ployons, pour la premi\u00e8re fois sur une grande surface parisienne, notre offre femme. C\u2019est une \u00e9tape structurante qui affirme notre ambition de devenir un acteur global, capable d\u2019accompagner tous les publics, hommes et femmes, avec la m\u00eame exigence et la m\u00eame cr\u00e9ativit\u00e9. Je suis convaincu qu\u2019un concept ne doit jamais \u00eatre fig\u00e9 ni dupliqu\u00e9 \u00e0 l\u2019identique.\u00a0\u00bb<\/p>\n<p>Les bases de ce nouveau concept ont \u00e9t\u00e9 \u00e9labor\u00e9es avec les \u00e9quipes de Celio et des experts collaborateurs de longue date de l\u2019enseigne fond\u00e9e en 1978 par les fr\u00e8res Grosman: Laura Chavy fondatrice des Ateliers AUAV, et Olivier Saguez fondateur de l\u2019agence Saguez &amp; Partners.<\/p>\n<p>\u00ab\u00a0Ce nouveau concept s\u2019inscrit dans une dynamique de progr\u00e8s continu. Il traduit notre volont\u00e9 d\u2019offrir toujours plus de clart\u00e9, de modernit\u00e9 et de confort d&rsquo;achat aux client(e)s\u00a0\u00bb, estime Amanda Desravines, consultante senior en charge du concept chez Celio.<\/p>\n<p>Un concept qui ne se pr\u00e9sente pas en rupture avec l\u2019univers existant dans le r\u00e9seau de 280 magasins fran\u00e7ais de l\u2019enseigne, et en particulier au niveau -3 du Forum des Halles, mais comme une \u00e9volution appuyant sur les points cl\u00e9s de la marque.<\/p>\n<p>\u00ab\u00a0\u00c0 l\u2019int\u00e9rieur, un univers sobre, \u00e9l\u00e9gant et structur\u00e9 prend place autour d\u2019un m\u00e9tal omnipr\u00e9sent qui neutralise l\u2019environnement pour mieux r\u00e9v\u00e9ler la qualit\u00e9 des produits, leurs mati\u00e8res, leurs couleurs et leurs coupes. Le bois, int\u00e9gr\u00e9 dans les zones de service, apporte chaleur et confort, dessinant un \u00e9crin de qualit\u00e9, moderne, et accessible\u00a0\u00bb, d\u00e9taille la marque dans son communiqu\u00e9.<\/p>\n<p>Avec pragmatisme, l\u2019\u00e9quipe de S\u00e9bastien Bismuth entend exploiter certains \u00e9l\u00e9ments du concept comme le mobilier m\u00e9tal, l\u2019\u00e9clairage, les \u00e9crans ou la micro-architecture, pour progressivement aligner le r\u00e9seau existant \u00e0 l\u2019ambiance de ces nouveaux points de vente sans avoir \u00e0 investir dans la refonte totale des magasins. Au-del\u00e0 d\u2019apporter une modernisation, la direction semble aussi miser sur des espaces plus spacieux qui lui permettent de proposer une grande profondeur d\u2019offre, comme par exemple \u00e0 Dijon o\u00f9 l\u2019enseigne s\u2019agrandit, alors que plusieurs magasins du r\u00e9seau install\u00e9s dans des villes de taille modeste ont ferm\u00e9 durant cette ann\u00e9e et que la soci\u00e9t\u00e9 a \u00e9galement repris quelques points de vente <a class=\"fnwAddLinks\" href=\"https:\/\/fr.fashionnetwork.com\/tags-jennyfer\" title=\"Jennyfer\" target=\"_blank\" rel=\"noopener\">Jennyfer<\/a>.\u00a0<\/p>\n<p><img decoding=\"async\" class=\"news-image\" style=\"width:100%;\" src=\"https:\/\/www.europesays.com\/fr\/wp-content\/uploads\/2025\/12\/bd96.jpg\" alt=\"La boutique de La D\u00e9fense - Ateliers AUAV\" loading=\"lazy\"\/>La boutique de La D\u00e9fense &#8211; Ateliers AUAV &#8211; Ateliers AUAV<\/p>\n<p>Une strat\u00e9gie de magasins plus spacieux qui correspond \u00e0 la pr\u00e9sentation de diff\u00e9rentes lignes mais aussi parce que l\u2019entreprise fran\u00e7aise semble vouloir \u00e9prouver plus avant son potentiel mixe avec Celio pour l\u2019homme et Be Cama\u00efeu pour la femme. L\u2019offre femme \u00e9tait propos\u00e9e dans vingt magasins Bi-store, avec la banni\u00e8re Be Cama\u00efeu. Au Forum des Halles, elle va b\u00e9n\u00e9ficier d\u2019une exposition encore plus grande, dans un centre qui a attir\u00e9 l\u2019an pass\u00e9 plus de 62 millions de visiteurs.<\/p>\n<p>\u00ab\u00a0Ce que nous construisons avec Celio, ce n\u2019est pas un mod\u00e8le standard, mais une vision vivante du retail, capable de s\u2019ajuster \u00e0 chaque lieu et d\u2019en r\u00e9v\u00e9ler le potentiel. C\u2019est dans cet esprit que nous avons initi\u00e9 une collaboration sur mesure entre notre architecte Laura Chavy et Olivier Saguez, pour cr\u00e9er un magasin qui refl\u00e8te pleinement l\u2019ambition du Forum, affirme le directeur g\u00e9n\u00e9ral de la marque. C\u2019est en acceptant de se r\u00e9inventer en permanence que l\u2019on renforce la d\u00e9sirabilit\u00e9 d\u2019une marque. Et d\u2019autres projets \u00e0 venir continueront d\u2019explorer cette voie.\u00a0\u00bb<\/p>\n<p><img decoding=\"async\" class=\"news-image\" style=\"width:100%;max-width:726px;\" src=\"https:\/\/www.europesays.com\/fr\/wp-content\/uploads\/2025\/12\/3ac4.jpg\" alt=\"L'environnement m\u00e9tal entend mettre en exergue les mati\u00e8res, couleurs et coupes des v\u00eatements L'environnement m\u00e9tal entend mettre en exergue les mati\u00e8res, couleurs et coupes des v\u00eatements - Ateliers AUAV\" loading=\"lazy\"\/>L&rsquo;environnement m\u00e9tal entend mettre en exergue les mati\u00e8res, couleurs et coupes des v\u00eatements L&rsquo;environnement m\u00e9tal entend mettre en exergue les mati\u00e8res, couleurs et coupes des v\u00eatements &#8211; Ateliers AUAV &#8211; Ateliers AUAV<\/p>\n<p>La direction, qui continuera de d\u00e9velopper l\u2019enseigne sur de nouveaux march\u00e9s avec des partenaires, explique qu\u2019elle communiquera ses r\u00e9sultats 2025 dans quelques semaines. Celio avait annonc\u00e9 un chiffre d\u2019affaires proche des 600 millions d\u2019euros en 2023 et confirm\u00e9 une l\u00e9g\u00e8re croissance en 2024. Signe de son d\u00e9veloppement, l\u2019enseigne, qui compte au total plus de 1.200 magasins dans le monde, le partenaire logistique du groupe devrait finaliser d\u00e9but 2026 un agrandissement de plus 12.000 m\u00e8tres carr\u00e9s de son entrep\u00f4t dans l&rsquo;Oise pour une surface de pr\u00e8s de 55.000 m\u00e8tres carr\u00e9s.<br \/>\u00a0\n                            <\/p>\n<p>\n                                Tous droits de reproduction et de repr\u00e9sentation r\u00e9serv\u00e9s.<br \/>\u00a9 2025 FashionNetwork.com\n                            <\/p>\n","protected":false},"excerpt":{"rendered":"Publi\u00e9 le 8 d\u00e9cembre 2025 Celio donne un nouvel \u00e9lan \u00e0 son univers \u00ab\u00a0normal\u00a0\u00bb et ouvre un flagship&hellip;\n","protected":false},"author":2,"featured_media":585302,"comment_status":"","ping_status":"","sticky":false,"template":"","format":"standard","meta":{"footnotes":""},"categories":[1888],"tags":[11,69888,2424,10047,4237,537,2423,1777,69887,674,5556,49951,1011,27,35095,6478,2425,985,12,2298,626,2426,2427,69886,25,2421,49368,2422,48642],"class_list":{"0":"post-585301","1":"post","2":"type-post","3":"status-publish","4":"format-standard","5":"has-post-thumbnail","7":"category-paris","8":"tag-actualites","9":"tag-aeroville","10":"tag-beaute","11":"tag-camaieu","12":"tag-celio","13":"tag-contact","14":"tag-cosmetiques","15":"tag-eu","16":"tag-euralille","17":"tag-europe","18":"tag-forum","19":"tag-forum-des-halles","20":"tag-fr","21":"tag-france","22":"tag-jennyfer","23":"tag-lacoste","24":"tag-luxe","25":"tag-mode","26":"tag-news","27":"tag-parfum","28":"tag-paris","29":"tag-professionnel","30":"tag-professionnels","31":"tag-quatre-temps","32":"tag-republique-francaise","33":"tag-reseau","34":"tag-sandro","35":"tag-textile","36":"tag-westfield-shopping-towns"},"share_on_mastodon":{"url":"https:\/\/pubeurope.com\/@fr\/115681258453007382","error":""},"_links":{"self":[{"href":"https:\/\/www.europesays.com\/fr\/wp-json\/wp\/v2\/posts\/585301","targetHints":{"allow":["GET"]}}],"collection":[{"href":"https:\/\/www.europesays.com\/fr\/wp-json\/wp\/v2\/posts"}],"about":[{"href":"https:\/\/www.europesays.com\/fr\/wp-json\/wp\/v2\/types\/post"}],"author":[{"embeddable":true,"href":"https:\/\/www.europesays.com\/fr\/wp-json\/wp\/v2\/users\/2"}],"replies":[{"embeddable":true,"href":"https:\/\/www.europesays.com\/fr\/wp-json\/wp\/v2\/comments?post=585301"}],"version-history":[{"count":0,"href":"https:\/\/www.europesays.com\/fr\/wp-json\/wp\/v2\/posts\/585301\/revisions"}],"wp:featuredmedia":[{"embeddable":true,"href":"https:\/\/www.europesays.com\/fr\/wp-json\/wp\/v2\/media\/585302"}],"wp:attachment":[{"href":"https:\/\/www.europesays.com\/fr\/wp-json\/wp\/v2\/media?parent=585301"}],"wp:term":[{"taxonomy":"category","embeddable":true,"href":"https:\/\/www.europesays.com\/fr\/wp-json\/wp\/v2\/categories?post=585301"},{"taxonomy":"post_tag","embeddable":true,"href":"https:\/\/www.europesays.com\/fr\/wp-json\/wp\/v2\/tags?post=585301"}],"curies":[{"name":"wp","href":"https:\/\/api.w.org\/{rel}","templated":true}]}}