{"id":585303,"date":"2025-12-08T01:04:16","date_gmt":"2025-12-08T01:04:16","guid":{"rendered":"https:\/\/www.europesays.com\/fr\/585303\/"},"modified":"2025-12-08T01:04:16","modified_gmt":"2025-12-08T01:04:16","slug":"retour-gagnant-pour-paris-parisbasketball","status":"publish","type":"post","link":"https:\/\/www.europesays.com\/fr\/585303\/","title":{"rendered":"Retour gagnant pour Paris &#8211; ParisBasketball"},"content":{"rendered":"<p><strong>Pour son grand retour \u00e0 l\u2019adidas arena, le Paris Basketball encha\u00eene un 6e succ\u00e8s de rang en Betclic \u00c9LITE contre Saint-Quentin (99-69)<\/strong>.<\/p>\n<p>Plus de trois semaines apr\u00e8s son dernier match \u00e0 domicile, le Paris Basketball retrouvait son public ce dimanche \u00e0 l\u2019occasion de la 9e journ\u00e9e de championnat.<\/p>\n<p>Historiquement en difficult\u00e9 face \u00e0 Saint-Quentin, Paris commence fort avec un 7\/10 derri\u00e8re l\u2019arc dans le 1QT. \u00c0 l\u2019image d\u2019un <a href=\"https:\/\/parisbasketball.com\/player\/jared-rhoden-2\/\" data-type=\"link\" data-id=\"https:\/\/parisbasketball.com\/player\/jared-rhoden-2\/\" target=\"_blank\" rel=\"noopener\">Jared Rhoden<\/a> \u00a0\u00e0 10 points en \u00e0 peine 4 minutes, nos joueurs se trouvent bien et prennent constamment de vitesse les visiteurs. Menant de +16 points au d\u00e9but du 2QT (36-20), la team de Francesco Tabellini r\u00e9cite son basket jusqu\u2019\u00e0 la mi-temps (48-34).<\/p>\n<p>Si Saint-Quentin r\u00e9duit son retard, le Paris Basketball conserve un matelas de 10 points durant l\u2019ensemble du 3QT (69-56) gr\u00e2ce \u00e0 sa domination physique (48 rebonds contre 25). Appliqu\u00e9s de la premi\u00e8re \u00e0 la derni\u00e8re minute dans une adidas arena \u00e9lectrique, nos Parisiens r\u00e9galent leurs supporters avec une large victoire (99-69).<\/p>\n<p><img loading=\"lazy\" decoding=\"async\" width=\"768\" height=\"1025\" src=\"https:\/\/www.europesays.com\/fr\/wp-content\/uploads\/2025\/12\/WhatsApp-Image-2025-12-07-at-20.53.00-edited.jpeg\" alt=\"\" class=\"wp-image-51603 size-full\"  \/><\/p>\n<p>Ce mardi \u00e0 21h contre Le Portel, le Paris Basketball aura l\u2019opportunit\u00e9 de prendre les r\u00eanes de la Betclic \u00c9LITE. Alors s\u00e9curisez vos places pour l\u2019<a href=\"https:\/\/parisbasketball.com\/2025\/12\/__trashed\/\" data-type=\"link\" data-id=\"https:\/\/parisbasketball.com\/2025\/12\/__trashed\/\" target=\"_blank\" rel=\"noopener\">US Night<\/a> en cliquant sur ce <a href=\"https:\/\/www.ticketmaster.fr\/fr\/manifestation\/paris-basketball-vs-st-quentin-billet\/idmanif\/638541\/idtier\/38817285\" data-type=\"link\" data-id=\"https:\/\/www.ticketmaster.fr\/fr\/manifestation\/paris-basketball-vs-st-quentin-billet\/idmanif\/638541\/idtier\/38817285\" target=\"_blank\" rel=\"noopener\">lien<\/a>.<\/p>\n<blockquote class=\"instagram-media\" data-instgrm-captioned=\"\" data-instgrm-permalink=\"https:\/\/www.instagram.com\/p\/DR-ZUHRDDEJ\/?utm_source=ig_embed&amp;utm_campaign=loading\" data-instgrm-version=\"14\" style=\" background:#FFF; border:0; border-radius:3px; box-shadow:0 0 1px 0 rgba(0,0,0,0.5),0 1px 10px 0 rgba(0,0,0,0.15); margin: 1px; max-width:540px; min-width:326px; padding:0; width:99.375%; width:-webkit-calc(100% - 2px); width:calc(100% - 2px);\"\/>\n<p>\t\t<script async src=\"\/\/www.instagram.com\/embed.js\"><\/script><\/p>\n","protected":false},"excerpt":{"rendered":"Pour son grand retour \u00e0 l\u2019adidas arena, le Paris Basketball encha\u00eene un 6e succ\u00e8s de rang en Betclic&hellip;\n","protected":false},"author":2,"featured_media":585304,"comment_status":"","ping_status":"","sticky":false,"template":"","format":"standard","meta":{"footnotes":""},"categories":[1888],"tags":[11,1777,674,1011,27,12,626,25],"class_list":{"0":"post-585303","1":"post","2":"type-post","3":"status-publish","4":"format-standard","5":"has-post-thumbnail","7":"category-paris","8":"tag-actualites","9":"tag-eu","10":"tag-europe","11":"tag-fr","12":"tag-france","13":"tag-news","14":"tag-paris","15":"tag-republique-francaise"},"share_on_mastodon":{"url":"https:\/\/pubeurope.com\/@fr\/115681261453302521","error":""},"_links":{"self":[{"href":"https:\/\/www.europesays.com\/fr\/wp-json\/wp\/v2\/posts\/585303","targetHints":{"allow":["GET"]}}],"collection":[{"href":"https:\/\/www.europesays.com\/fr\/wp-json\/wp\/v2\/posts"}],"about":[{"href":"https:\/\/www.europesays.com\/fr\/wp-json\/wp\/v2\/types\/post"}],"author":[{"embeddable":true,"href":"https:\/\/www.europesays.com\/fr\/wp-json\/wp\/v2\/users\/2"}],"replies":[{"embeddable":true,"href":"https:\/\/www.europesays.com\/fr\/wp-json\/wp\/v2\/comments?post=585303"}],"version-history":[{"count":0,"href":"https:\/\/www.europesays.com\/fr\/wp-json\/wp\/v2\/posts\/585303\/revisions"}],"wp:featuredmedia":[{"embeddable":true,"href":"https:\/\/www.europesays.com\/fr\/wp-json\/wp\/v2\/media\/585304"}],"wp:attachment":[{"href":"https:\/\/www.europesays.com\/fr\/wp-json\/wp\/v2\/media?parent=585303"}],"wp:term":[{"taxonomy":"category","embeddable":true,"href":"https:\/\/www.europesays.com\/fr\/wp-json\/wp\/v2\/categories?post=585303"},{"taxonomy":"post_tag","embeddable":true,"href":"https:\/\/www.europesays.com\/fr\/wp-json\/wp\/v2\/tags?post=585303"}],"curies":[{"name":"wp","href":"https:\/\/api.w.org\/{rel}","templated":true}]}}