{"id":585310,"date":"2025-12-08T01:08:25","date_gmt":"2025-12-08T01:08:25","guid":{"rendered":"https:\/\/www.europesays.com\/fr\/585310\/"},"modified":"2025-12-08T01:08:25","modified_gmt":"2025-12-08T01:08:25","slug":"charles-iii-et-camilla-devoilent-leur-carte-de-voeux","status":"publish","type":"post","link":"https:\/\/www.europesays.com\/fr\/585310\/","title":{"rendered":"Charles III et Camilla d\u00e9voilent leur carte de voeux"},"content":{"rendered":"<p>Ils apparaissent c\u00f4te \u00e0 c\u00f4te, sous un ciel d\u2019azur dont ils ont peu l\u2019habitude en Grande-Bretagne. <a target=\"_blank\" href=\"https:\/\/www.pointdevue.fr\/grand-angle\/biographies\/reine-camilla\" rel=\"noopener\">Camilla<\/a> entoure le bras de son \u00e9poux, un sourire \u00e9clatant aux l\u00e8vres. Elle porte une robe-manteau blanche et beige d&rsquo;Anna Valentine et une broche en forme de muguet. Le roi est lui aussi splendide en costume bleu \u00e0 fines rayures et cravate grise. <a target=\"_blank\" href=\"https:\/\/www.pointdevue.fr\/royal\/royaume-uni\/charles-iii-et-camilla-plus-complices-que-jamais-sur-leurs-nouveaux-portraits-officiels-devoiles-en-italie\" rel=\"noopener\">Nous sommes le 7 avril, dans les jardins de la Villa Wolkonsky<\/a>, r\u00e9sidence de l&rsquo;ambassadeur britannique \u00e0 Rome. <a target=\"_blank\" href=\"https:\/\/www.pointdevue.fr\/royal\/royaume-uni\/amoureux-et-en-pleine-forme-charles-iii-et-camilla-acclames-au-colisee-a-rome\" rel=\"noopener\"><strong>Le roi et la reine d\u2019Angleterre, en visite d\u2019Etat en Italie<\/strong><\/a><strong>, f\u00eateront le surlendemain leurs noces de porcelaine\u2026. 20 ans d\u2019un mariage indestructible.<\/strong> \u00a0<\/p>\n<p><img decoding=\"async\" src=\"https:\/\/www.europesays.com\/fr\/wp-content\/uploads\/2025\/12\/ABACA_BRPAPhotos20250407_531NfLezY7nLN.jpg\" alt=\"PA Photos\/ABACA\"\/><strong>Le 7 avril \u00e0 Rome&#8230; un instant complice<\/strong> \u00a9 \u00a0PA Photos\/ABACA<\/p>\n<p><strong>C\u2019est cette photographie prise par Chris Jackson que <\/strong><a target=\"_blank\" href=\"https:\/\/www.pointdevue.fr\/grand-angle\/biographies\/charles-iii\" rel=\"noopener\"><strong>Charles III<\/strong><\/a><strong> et Camilla ont choisie de pr\u00e9senter encadr\u00e9e d\u2019une bordure bordeaux et accompagn\u00e9e du traditionnel message \u00ab\u00a0Nous vous souhaitons un tr\u00e8s joyeux No\u00ebl et une bonne ann\u00e9e\u00a0\u00bb<\/strong>. Chaque ann\u00e9e, le couple royal envoie des cartes de v\u0153ux \u00e0 ses proches mais aussi \u00e0 ses partenaires professionnels, qu\u2019il s\u2019agisse de personnalit\u00e9s politiques ou encore d\u2019employ\u00e9s des milieux associatifs.\u00a0<\/p>\n<p>Pour Charles III et la famille royale d\u2019Angleterre, 2025 \u00e9tait encore une ann\u00e9e pleine de d\u00e9fi. Le roi et sa belle fille, <a target=\"_blank\" href=\"https:\/\/www.pointdevue.fr\/grand-angle\/biographies\/kate-middleton\" rel=\"noopener\">la princesse de Galles<\/a>, doivent encore se battre contre le cancer et le cas d\u2019<a target=\"_blank\" href=\"https:\/\/www.pointdevue.fr\/grand-angle\/biographies\/prince-andrew\" rel=\"noopener\">Andrew Moutbatten-Windsor<\/a> continue de faire pol\u00e9mique.\u00a0<\/p>\n<p><img decoding=\"async\" src=\"https:\/\/www.europesays.com\/fr\/wp-content\/uploads\/2025\/12\/ABACA_956291_005tYF5Q6kaYh.jpg\" alt=\"Blondet Eliot\/ABACA\"\/><strong>Durant la visite du pr\u00e9sident Emmanuel Macron, le 8 juillet<\/strong> \u00a9 \u00a0Blondet Eliot\/ABACA<\/p>\n<p>Pourtant, Charles et Camilla n\u2019ont pas m\u00e9nag\u00e9 leurs efforts. En avril, ils \u00e9taient en Italie. <a target=\"_blank\" href=\"https:\/\/www.pointdevue.fr\/royal\/royaume-uni\/charles-iii-et-camilla-au-canada-visite-en-terrain-mine\" rel=\"noopener\">Ils se sont rendus au Canada en mai<\/a>, puis <a target=\"_blank\" href=\"https:\/\/www.pointdevue.fr\/royal\/royaume-uni\/charles-et-camilla-au-vatican-les-5-temps-forts-de-leur-visite-historique\" rel=\"noopener\">ont rencontr\u00e9 le pape au Vatican en octobre<\/a>. Par ailleurs, pour la premi\u00e8re fois en pr\u00e8s de 40\u00a0ans, le Royaume-Uni a re\u00e7u trois visites d&rsquo;\u00c9tat en une seule ann\u00e9e\u00a0: <a target=\"_blank\" href=\"https:\/\/www.pointdevue.fr\/royal\/royaume-uni\/cornichons-galettes-bretonnes-et-confitures-decouvrez-le-panier-gourmand-offert-par-emmanuel-macron-a-charles-iii\" rel=\"noopener\">celle du pr\u00e9sident fran\u00e7ais Emmanuel Macron<\/a>, <a target=\"_blank\" href=\"https:\/\/www.pointdevue.fr\/royal\/royaume-uni\/visite-detat-de-donald-trump-au-royaume-uni-charles-iii-un-roi-politique\" rel=\"noopener\">celle du pr\u00e9sident am\u00e9ricain Donald Trump<\/a>, et enfin, la semaine derni\u00e8re, <a target=\"_blank\" href=\"https:\/\/www.pointdevue.fr\/royal\/royaume-uni\/ambiance-chaleureuse-pour-charles-iii-et-la-reine-camilla-au-banquet-detat-en-allemagne\" rel=\"noopener\">celle du pr\u00e9sident allemand Frank-Walter Steinmeier<\/a> !\u00a0<\/p>\n","protected":false},"excerpt":{"rendered":"Ils apparaissent c\u00f4te \u00e0 c\u00f4te, sous un ciel d\u2019azur dont ils ont peu l\u2019habitude en Grande-Bretagne. Camilla entoure&hellip;\n","protected":false},"author":2,"featured_media":585311,"comment_status":"","ping_status":"","sticky":false,"template":"","format":"standard","meta":{"footnotes":""},"categories":[1588],"tags":[11,1777,674,12,473,1853,1851,1850,1852],"class_list":{"0":"post-585310","1":"post","2":"type-post","3":"status-publish","4":"format-standard","5":"has-post-thumbnail","7":"category-royaume-uni","8":"tag-actualites","9":"tag-eu","10":"tag-europe","11":"tag-news","12":"tag-royaume-uni","13":"tag-royaume-uni-de-grande-bretagne-et-dirlande-du-nord","14":"tag-uk","15":"tag-united-kingdom","16":"tag-united-kingdom-of-great-britain-and-northern-ireland"},"share_on_mastodon":{"url":"https:\/\/pubeurope.com\/@fr\/115681278128718739","error":""},"_links":{"self":[{"href":"https:\/\/www.europesays.com\/fr\/wp-json\/wp\/v2\/posts\/585310","targetHints":{"allow":["GET"]}}],"collection":[{"href":"https:\/\/www.europesays.com\/fr\/wp-json\/wp\/v2\/posts"}],"about":[{"href":"https:\/\/www.europesays.com\/fr\/wp-json\/wp\/v2\/types\/post"}],"author":[{"embeddable":true,"href":"https:\/\/www.europesays.com\/fr\/wp-json\/wp\/v2\/users\/2"}],"replies":[{"embeddable":true,"href":"https:\/\/www.europesays.com\/fr\/wp-json\/wp\/v2\/comments?post=585310"}],"version-history":[{"count":0,"href":"https:\/\/www.europesays.com\/fr\/wp-json\/wp\/v2\/posts\/585310\/revisions"}],"wp:featuredmedia":[{"embeddable":true,"href":"https:\/\/www.europesays.com\/fr\/wp-json\/wp\/v2\/media\/585311"}],"wp:attachment":[{"href":"https:\/\/www.europesays.com\/fr\/wp-json\/wp\/v2\/media?parent=585310"}],"wp:term":[{"taxonomy":"category","embeddable":true,"href":"https:\/\/www.europesays.com\/fr\/wp-json\/wp\/v2\/categories?post=585310"},{"taxonomy":"post_tag","embeddable":true,"href":"https:\/\/www.europesays.com\/fr\/wp-json\/wp\/v2\/tags?post=585310"}],"curies":[{"name":"wp","href":"https:\/\/api.w.org\/{rel}","templated":true}]}}