{"id":585316,"date":"2025-12-08T01:11:11","date_gmt":"2025-12-08T01:11:11","guid":{"rendered":"https:\/\/www.europesays.com\/fr\/585316\/"},"modified":"2025-12-08T01:11:11","modified_gmt":"2025-12-08T01:11:11","slug":"cette-fois-la-guerre-numerique-des-etats-unis-contre-leurope-est-lancee","status":"publish","type":"post","link":"https:\/\/www.europesays.com\/fr\/585316\/","title":{"rendered":"Cette fois, la guerre num\u00e9rique des Etats-Unis contre l\u2019Europe est lanc\u00e9e"},"content":{"rendered":"<p>Les hostilit\u00e9s sont lanc\u00e9es. Pour de bon. L\u2019annonce vendredi par la Commission europ\u00e9enne d\u2019une amende de 120\u00a0millions d\u2019euros contre X pour non-respect de plusieurs r\u00e9glementations a d\u00e9clench\u00e9 une col\u00e8re noire de l\u2019autre c\u00f4t\u00e9 de l\u2019Atlantique. Cet \u00e9v\u00e9nement \u00e9tait attendu: sans cesse l\u2019Union europ\u00e9enne avertit des g\u00e9ants am\u00e9ricains de la tech pour non-respect de r\u00e8glements, ouvre des enqu\u00eates et prononce des sanctions. Au point qu\u2019il est \u00e9tonnant qu\u2019il ait fallu attendre un an apr\u00e8s l\u2019\u00e9lection de Donald Trump pour que l\u2019affrontement d\u00e9bute r\u00e9ellement. Ces douze derniers mois, les dirigeants de Meta, Apple ou Google \u2013 et m\u00eame Elon Musk \u2013 avaient r\u00e9fr\u00e9n\u00e9 leurs attaques contre Bruxelles, ce qui avait pu surprendre.<\/p>\n<p>Mais la tr\u00eave est termin\u00e9e. Rappelons que l\u2019UE accuse le r\u00e9seau social X, propri\u00e9t\u00e9 d\u2019Elon Musk, de tromperie sur la v\u00e9rification des utilisateurs, de transparence insuffisante autour des publicit\u00e9s ou encore de non-respect de l\u2019obligation d\u2019acc\u00e8s aux donn\u00e9es internes par des chercheurs agr\u00e9\u00e9s.<\/p>\n","protected":false},"excerpt":{"rendered":"Les hostilit\u00e9s sont lanc\u00e9es. Pour de bon. L\u2019annonce vendredi par la Commission europ\u00e9enne d\u2019une amende de 120\u00a0millions d\u2019euros&hellip;\n","protected":false},"author":2,"featured_media":585317,"comment_status":"","ping_status":"","sticky":false,"template":"","format":"standard","meta":{"footnotes":""},"categories":[1586],"tags":[11,18738,654,1777,674,1779,1011,27,12,1427,301,25,1778,364],"class_list":{"0":"post-585316","1":"post","2":"type-post","3":"status-publish","4":"format-standard","5":"has-post-thumbnail","7":"category-europe","8":"tag-actualites","9":"tag-cyber","10":"tag-donnees-personnelles","11":"tag-eu","12":"tag-europe","13":"tag-european-union","14":"tag-fr","15":"tag-france","16":"tag-news","17":"tag-opinions","18":"tag-premium","19":"tag-republique-francaise","20":"tag-ue","21":"tag-union-europeenne"},"share_on_mastodon":{"url":"https:\/\/pubeurope.com\/@fr\/115681288817793682","error":""},"_links":{"self":[{"href":"https:\/\/www.europesays.com\/fr\/wp-json\/wp\/v2\/posts\/585316","targetHints":{"allow":["GET"]}}],"collection":[{"href":"https:\/\/www.europesays.com\/fr\/wp-json\/wp\/v2\/posts"}],"about":[{"href":"https:\/\/www.europesays.com\/fr\/wp-json\/wp\/v2\/types\/post"}],"author":[{"embeddable":true,"href":"https:\/\/www.europesays.com\/fr\/wp-json\/wp\/v2\/users\/2"}],"replies":[{"embeddable":true,"href":"https:\/\/www.europesays.com\/fr\/wp-json\/wp\/v2\/comments?post=585316"}],"version-history":[{"count":0,"href":"https:\/\/www.europesays.com\/fr\/wp-json\/wp\/v2\/posts\/585316\/revisions"}],"wp:featuredmedia":[{"embeddable":true,"href":"https:\/\/www.europesays.com\/fr\/wp-json\/wp\/v2\/media\/585317"}],"wp:attachment":[{"href":"https:\/\/www.europesays.com\/fr\/wp-json\/wp\/v2\/media?parent=585316"}],"wp:term":[{"taxonomy":"category","embeddable":true,"href":"https:\/\/www.europesays.com\/fr\/wp-json\/wp\/v2\/categories?post=585316"},{"taxonomy":"post_tag","embeddable":true,"href":"https:\/\/www.europesays.com\/fr\/wp-json\/wp\/v2\/tags?post=585316"}],"curies":[{"name":"wp","href":"https:\/\/api.w.org\/{rel}","templated":true}]}}