{"id":585321,"date":"2025-12-08T01:14:17","date_gmt":"2025-12-08T01:14:17","guid":{"rendered":"https:\/\/www.europesays.com\/fr\/585321\/"},"modified":"2025-12-08T01:14:17","modified_gmt":"2025-12-08T01:14:17","slug":"coup-detat-dejoue-au-benin-la-france-appelle-ses-ressortissants-a-la-plus-grande-prudence","status":"publish","type":"post","link":"https:\/\/www.europesays.com\/fr\/585321\/","title":{"rendered":"Coup d&rsquo;\u00c9tat d\u00e9jou\u00e9 au B\u00e9nin : la France appelle ses ressortissants \u00e0 la plus grande prudence"},"content":{"rendered":"<ul class=\"jsx-862013697 ArticleChapo__List\">\n<li class=\"jsx-862013697 ArticleChapo__List_Item flex\">Une tentative de coup d&rsquo;\u00c9tat a \u00e9t\u00e9 d\u00e9jou\u00e9e ce dimanche \u00e0 Cotonou, capitale \u00e9conomique du B\u00e9nin.<\/li>\n<li class=\"jsx-862013697 ArticleChapo__List_Item flex\">Des militaires avaient affirm\u00e9 \u00e0 la t\u00e9l\u00e9vision avoir destitu\u00e9 le pr\u00e9sident Patrice Talon, au pouvoir depuis 10 ans.<\/li>\n<li class=\"jsx-862013697 ArticleChapo__List_Item flex\">Depuis Paris, le Quai d&rsquo;Orsay appelle les ressortissants fran\u00e7ais \u00e0 la plus grande prudence.<\/li>\n<\/ul>\n<p data-module=\"article-paragraph\" class=\"jsx-3046738180 Paragraph Paragraph__End\">Paris se dit mobilis\u00e9. Quelques heures apr\u00e8s <a href=\"https:\/\/www.tf1info.fr\/international\/tentative-de-coup-d-etat-que-s-est-il-passe-au-benin-2411339.html\" target=\"_blank\" rel=\"noopener\">une tentative de coup d\u2019\u00c9tat d\u00e9jou\u00e9e \u00e0 Cotonou<\/a>, la capitale \u00e9conomique du B\u00e9nin, le Quai d\u2019Orsay appelle ses ressortissants \u00ab\u00a0\u00e0 la plus grande prudence\u00a0\u00bb, annonce son porte-parole dans un communiqu\u00e9. Il pr\u00e9cise que la France \u00ab\u00a0appelle au respect de l\u2019ordre constitutionnel et au fonctionnement normal des institutions et est mobilis\u00e9e pour veiller \u00e0 la s\u00e9curit\u00e9 de la communaut\u00e9 fran\u00e7aise pr\u00e9sente au B\u00e9nin\u00a0\u00bb.<\/p>\n<p data-module=\"article-paragraph\" class=\"jsx-3046738180 Paragraph Paragraph__End\">Les autorit\u00e9s du B\u00e9nin ont affirm\u00e9 ce dimanche avoir d\u00e9jou\u00e9 un coup d&rsquo;\u00c9tat, quelques heures apr\u00e8s l&rsquo;irruption dans la matin\u00e9e de militaires \u00e0 la t\u00e9l\u00e9vision affirmant avoir destitu\u00e9 le pr\u00e9sident Patrice Talon. Ce dernier doit passer la main en avril lors d&rsquo;un scrutin pr\u00e9sidentiel, apr\u00e8s deux mandats \u00e0 la t\u00eate de ce petit pays c\u00f4tier d\u2019Afrique de l&rsquo;Ouest \u00e0 la croissance \u00e9conomique solide, mais min\u00e9 par des violences jihadistes meurtri\u00e8res dans sa partie nord.<\/p>\n<p>Les auteurs du putsch ont \u00e9t\u00e9 arr\u00eat\u00e9s<\/p>\n<p data-module=\"article-paragraph\" class=\"jsx-3046738180 Paragraph Paragraph__End\">Cotonou, o\u00f9 sont situ\u00e9es de nombreuses institutions, notamment la pr\u00e9sidence de la R\u00e9publique, \u00e9tait calme dimanche apr\u00e8s-midi et les habitants vaquaient \u00e0 leurs occupations. Seuls les quartiers de la pr\u00e9sidence et du camp militaire voisin de Gu\u00e9zo demeuraient bloqu\u00e9s par les forces de s\u00e9curit\u00e9. Selon des sources militaires, une douzaine de soldats ont \u00e9t\u00e9 arr\u00eat\u00e9s. Parmi eux figurent les auteurs de la tentative de putsch.<\/p>\n<p data-module=\"article-paragraph\" class=\"jsx-3046738180 Paragraph\">Cette tentative de putsch intervient dans une Afrique de l\u2019Ouest secou\u00e9e par l&rsquo;instabilit\u00e9 politique depuis le d\u00e9but de la d\u00e9cennie avec <a href=\"https:\/\/www.tf1info.fr\/international\/possible-tentative-coup-d-etat-dejoue-soutenu-par-un-etat-occidental-au-mali-en-afrique-par-la-junte-ce-que-l-on-sait-2220098.html\" target=\"_blank\" rel=\"noopener\">des coups d&rsquo;\u00c9tat au Mali<\/a>, au Burkina Faso et au Niger, deux voisins du B\u00e9nin, ainsi qu&rsquo;en Guin\u00e9e et plus r\u00e9cemment, fin novembre, en Guin\u00e9e-Bissau. L&rsquo;Union africaine (UA) a condamn\u00e9 \u00ab\u00a0fermement et sans \u00e9quivoque\u00a0\u00bb cette tentative de coup d\u2019\u00c9tat, appelant \u00ab\u00a0tous les acteurs impliqu\u00e9s \u00e0 cesser imm\u00e9diatement toutes actions ill\u00e9gales\u00a0\u00bb.<\/p>\n<p data-module=\"article-paragraph\" class=\"jsx-3046738180 Paragraph Paragraph__End\">De son c\u00f4t\u00e9, la Cedeao (Communaut\u00e9 \u00e9conomique des \u00c9tats de l&rsquo;Afrique de l&rsquo;Ouest) a annonc\u00e9 le \u00ab\u00a0d\u00e9ploiement imm\u00e9diat\u00a0\u00bb de troupes du Nigeria, de la Sierra Leone, de la C\u00f4te d&rsquo;Ivoire et du Ghana pour soutenir \u00ab\u00a0le gouvernement et l&rsquo;arm\u00e9e r\u00e9publicaine\u00a0\u00bb du B\u00e9nin et \u00ab\u00a0pr\u00e9server l&rsquo;ordre constitutionnel\u00a0\u00bb. Dans la soir\u00e9e, le Nigeria a confirm\u00e9 avoir men\u00e9 des frappes et d\u00e9ploy\u00e9 des troupes chez son voisin.<\/p>\n<p><a href=\"https:\/\/www.tf1info.fr\/international\/tentative-de-coup-d-etat-que-s-est-il-passe-au-benin-2411339.html\" rel=\"noopener\" class=\"jsx-3308031228 Link flex\" target=\"_blank\"><img decoding=\"async\" src=\"https:\/\/www.europesays.com\/fr\/wp-content\/uploads\/2025\/12\/patrice-talon-2024-3454ec-0@1x.jpeg\" alt=\"AFP\" loading=\"lazy\" importance=\"low\" fetchpriority=\"low\" class=\"\" aria-hidden=\"true\"\/><\/p>\n<p class=\"jsx-3657663356 ReadMoreArticle__Title\">Lire aussi<\/p>\n<p class=\"jsx-3657663356\">Tentative de coup d&rsquo;\u00c9tat\u00a0: que s&rsquo;est-il pass\u00e9 au B\u00e9nin ?<\/p>\n<p><\/a><\/p>\n<p data-module=\"article-paragraph\" class=\"jsx-3046738180 Paragraph Paragraph__End\">Patrice Talon, au pouvoir depuis 2016, arrivera en 2026 au terme de son second mandat, le maximum autoris\u00e9 par la Constitution. Son dauphin d\u00e9sign\u00e9, l&rsquo;actuel ministre des Finances Romuald Wadagni, fait figure d&rsquo;ultra-favori pour la pr\u00e9sidentielle d&rsquo;avril 2026, le principal parti d&rsquo;opposition ayant \u00e9t\u00e9 \u00e9cart\u00e9 de la course.<\/p>\n<p data-module=\"article-paragraph\" class=\"jsx-3046738180 Paragraph Paragraph__End\">\u00ab\u00a0Il y a une tension perceptible dans le pays depuis des mois du fait des \u00e9lections\u00a0\u00bb, pointe Anatole Zinsou, informaticien \u00e0 Cotonou qui d\u00e9plore \u00ab\u00a0l&rsquo;exclusion\u00a0\u00bb de certains acteurs des processus \u00e9lectoraux. S&rsquo;il est salu\u00e9 pour le d\u00e9veloppement \u00e9conomique du B\u00e9nin, Patrice Talon est r\u00e9guli\u00e8rement accus\u00e9 d&rsquo;avoir op\u00e9r\u00e9 un virage autoritaire dans un pays autrefois salu\u00e9 pour le dynamisme de sa d\u00e9mocratie.<\/p>\n<p>J.V.<\/p>\n","protected":false},"excerpt":{"rendered":"Une tentative de coup d&rsquo;\u00c9tat a \u00e9t\u00e9 d\u00e9jou\u00e9e ce dimanche \u00e0 Cotonou, capitale \u00e9conomique du B\u00e9nin. Des militaires&hellip;\n","protected":false},"author":2,"featured_media":585322,"comment_status":"","ping_status":"","sticky":false,"template":"","format":"standard","meta":{"footnotes":""},"categories":[4],"tags":[1111,11,879,1921,1011,27,1922,12,25,133,1920],"class_list":{"0":"post-585321","1":"post","2":"type-post","3":"status-publish","4":"format-standard","5":"has-post-thumbnail","7":"category-france","8":"tag-actu","9":"tag-actualites","10":"tag-afrique","11":"tag-article-video","12":"tag-fr","13":"tag-france","14":"tag-info","15":"tag-news","16":"tag-republique-francaise","17":"tag-video","18":"tag-video-international"},"share_on_mastodon":{"url":"https:\/\/pubeurope.com\/@fr\/115681300670738078","error":""},"_links":{"self":[{"href":"https:\/\/www.europesays.com\/fr\/wp-json\/wp\/v2\/posts\/585321","targetHints":{"allow":["GET"]}}],"collection":[{"href":"https:\/\/www.europesays.com\/fr\/wp-json\/wp\/v2\/posts"}],"about":[{"href":"https:\/\/www.europesays.com\/fr\/wp-json\/wp\/v2\/types\/post"}],"author":[{"embeddable":true,"href":"https:\/\/www.europesays.com\/fr\/wp-json\/wp\/v2\/users\/2"}],"replies":[{"embeddable":true,"href":"https:\/\/www.europesays.com\/fr\/wp-json\/wp\/v2\/comments?post=585321"}],"version-history":[{"count":0,"href":"https:\/\/www.europesays.com\/fr\/wp-json\/wp\/v2\/posts\/585321\/revisions"}],"wp:featuredmedia":[{"embeddable":true,"href":"https:\/\/www.europesays.com\/fr\/wp-json\/wp\/v2\/media\/585322"}],"wp:attachment":[{"href":"https:\/\/www.europesays.com\/fr\/wp-json\/wp\/v2\/media?parent=585321"}],"wp:term":[{"taxonomy":"category","embeddable":true,"href":"https:\/\/www.europesays.com\/fr\/wp-json\/wp\/v2\/categories?post=585321"},{"taxonomy":"post_tag","embeddable":true,"href":"https:\/\/www.europesays.com\/fr\/wp-json\/wp\/v2\/tags?post=585321"}],"curies":[{"name":"wp","href":"https:\/\/api.w.org\/{rel}","templated":true}]}}