{"id":585325,"date":"2025-12-08T01:17:11","date_gmt":"2025-12-08T01:17:11","guid":{"rendered":"https:\/\/www.europesays.com\/fr\/585325\/"},"modified":"2025-12-08T01:17:11","modified_gmt":"2025-12-08T01:17:11","slug":"les-resultats-de-cette-premiere-journee","status":"publish","type":"post","link":"https:\/\/www.europesays.com\/fr\/585325\/","title":{"rendered":"les r\u00e9sultats de cette premi\u00e8re journ\u00e9e"},"content":{"rendered":"<p>                    Par<br \/>\n        <strong><br \/>\n            <a href=\"https:\/\/actu.fr\/auteur\/nicolas-dendri-actu-fr\" title=\"Consulter tous les articles de Nicolas Dendri\" target=\"_blank\" rel=\"noopener\">Nicolas Dendri<\/a><br \/>\n                    <\/strong><\/p>\n<p>        Publi\u00e9 le<\/p>\n<p>            7 d\u00e9c. 2025 \u00e0 19h30        <\/p>\n<p>Les clubs fran\u00e7ais ont plus ou moins brill\u00e9 pour cette premi\u00e8re journ\u00e9e de <a href=\"https:\/\/actu.fr\/rugby\/coupe-deurope\" target=\"_blank\" rel=\"noopener\">Challenge Cup<\/a>. Trois sur six au total pour les \u00e9quipes de l\u2019Hexagone avec une premi\u00e8re victoire cette saison pour <strong>Perpignan<\/strong>. <strong>Montpellier<\/strong> est all\u00e9 s\u2019imposer en G\u00e9orgie quand le <strong>Stade Fran\u00e7ais<\/strong> est venu \u00e0 bout de Cardiff au stade Jean-Bouin.\u00a0<\/p>\n<p>Premi\u00e8re victoire pour Perpignan<\/p>\n<p class=\" wall-content\">Les Catalans ont retrouv\u00e9 ENFIN le go\u00fbt de la victoire. Il aura fallu attendre la Challenge Cup pour que Perpignan d\u00e9croche son premier succ\u00e8s de la saison 2025-2026. Qui plus est bonifi\u00e9 ! Les hommes de Laurent Labit l\u2019ont emport\u00e9<strong> 41-17<\/strong> contre les Dragons gallois.\u00a0<\/p>\n<p class=\" wall-content\">Les Sang et Or ont ouvert le score gr\u00e2ce \u00e0 un magnifique essai de <strong>James Hall<\/strong> bien servi par Freddy Duguivalu suite \u00e0 une offensive lanc\u00e9e depuis le camp perpignanais. Au total, ils ont inscrit six essais. De quoi retrouver le moral avant un d\u00e9placement en Italie pour affronter le Benneton Trevise pour la deuxi\u00e8me journ\u00e9e de Challenge Cup.\u00a0<\/p>\n<p class=\" wall-content\">\n<p>La d\u00e9culott\u00e9e du Racing 92<\/p>\n<p class=\" wall-content\">Pour cette premi\u00e8re journ\u00e9e de Challenge Cup, Patrice Collazo avait d\u00e9cid\u00e9 de faire tourner son effectif. Le <strong>Racing 92<\/strong> s\u2019est donc d\u00e9plac\u00e9 avec plusieurs jeunes joueurs en Ulster. La province irlandaise du Nord n\u2019a pas fait de d\u00e9tails en s\u2019imposant sur le score de <strong>61 \u00e0 7<\/strong>.\u00a0<\/p>\n<p class=\" wall-content\">Les Racingmen ont tenu une mi-temps. Au bout des 40 premi\u00e8res minutes, les Franciliens n\u2019\u00e9taient men\u00e9s que de sept points (14-7). En seconde p\u00e9riode, les Ulstermen ont d\u00e9roul\u00e9 d\u00e8s le retour des vestiaires en inscrivant un total de <strong>sept essais<\/strong>. Un score tr\u00e8s lourd pour le Racing 92.\u00a0\u00a0<\/p>\n<p>Clin d\u2019oeil : un drop de mammouth\u00a0<\/p>\n<p class=\" wall-content\">Lors du match entre les Lions de Johannesbourg et Benneton Tr\u00e9vise, les Italiens se sont illustr\u00e9s en s\u2019imposant contre les Sud-Africains. Pour sceller leur victoire 18-26, les Transalpins ont m\u00eame pass\u00e9 un drop \u00e0 deux minutes de la fin.\u00a0<\/p>\n<p class=\" wall-content\">Sur un renvoi d\u2019en-but, <strong>Tomas Albornoz<\/strong> s\u2019est saisi du ballon \u00e0 hauteur de la ligne m\u00e9diane sur le c\u00f4t\u00e9 droit. L\u2019ouvreur argentin s\u2019est stopp\u00e9 et a ajust\u00e9 un drop \u00e0 plus de 50 m\u00e8tres des poteaux. La puissance et la pr\u00e9cision y \u00e9taient ! Un coup de pied de mammouth du demi d\u2019ouverture aux 21 s\u00e9lections avec les Pumas.\u00a0<\/p>\n<p>Votre r\u00e9gion, votre actu !<\/p>\n<p>Recevez chaque jour les infos qui comptent pour vous.<\/p>\n<p>\t<a href=\"https:\/\/actu.fr\/newsletter\" class=\"ac-btn ac-btn--corner ac-btn--medium ac-btn--blue800\" target=\"_blank\" rel=\"noopener\">S&rsquo;incrire<\/a><\/p>\n<p class=\" wall-content\">\n<p>Tous les r\u00e9sultats de la Challenge Cup<\/p>\n<ul class=\" wall-content\">\n<li>Ulster \u2013 Racing 92 : 61-7<\/li>\n<li>Lions \u2013 Benetton : 18-26\u00a0<\/li>\n<li>Stade Fran\u00e7ais \u2013 Cardiff : 38-17<\/li>\n<li>Black Lion \u2013 Montpellier : 13-24<\/li>\n<li>Lyon \u2013 Newcastle : 14-23<\/li>\n<li>Parme \u2013 Montauban : 41-17\u00a0<\/li>\n<li>Perpignan \u2013 Dragons : 41-17\u00a0<\/li>\n<li>Ospreys \u2013 Connacht : 24-21<\/li>\n<li>Exeter \u2013 Cheetahs : 42-12<\/li>\n<\/ul>\n<p class=\" wall-content\">Personnalisez votre actualit\u00e9 en ajoutant vos villes et m\u00e9dias en favori avec <a href=\"https:\/\/moncompte.actu.fr\" title=\"D\u00e9couvez Mon Actu\" rel=\"nofollow noopener\" data-trk=\"{&quot;cta&quot;:{&quot;action&quot;:&quot;https:\\\/\\\/moncompte.actu.fr&quot;,&quot;category&quot;:&quot;mon compte&quot;,&quot;from&quot;:&quot;article footer&quot;,&quot;name&quot;:&quot;Mon actu&quot;,&quot;type&quot;:&quot;cta&quot;}}\" target=\"_blank\">Mon Actu<\/a>.<\/p>\n","protected":false},"excerpt":{"rendered":"Par Nicolas Dendri Publi\u00e9 le 7 d\u00e9c. 2025 \u00e0 19h30 Les clubs fran\u00e7ais ont plus ou moins brill\u00e9&hellip;\n","protected":false},"author":2,"featured_media":585326,"comment_status":"","ping_status":"","sticky":false,"template":"","format":"standard","meta":{"footnotes":""},"categories":[1416],"tags":[4401,1089,1011,27,3788,5421,479,1468,60,10744],"class_list":{"0":"post-585325","1":"post","2":"type-post","3":"status-publish","4":"format-standard","5":"has-post-thumbnail","7":"category-rugby","8":"tag-challenge-cup","9":"tag-coupe-deurope","10":"tag-fr","11":"tag-france","12":"tag-pro","13":"tag-racing-92","14":"tag-rugby","15":"tag-rugby-football","16":"tag-sports","17":"tag-usap-perpignan"},"share_on_mastodon":{"url":"https:\/\/pubeurope.com\/@fr\/115681312418062507","error":""},"_links":{"self":[{"href":"https:\/\/www.europesays.com\/fr\/wp-json\/wp\/v2\/posts\/585325","targetHints":{"allow":["GET"]}}],"collection":[{"href":"https:\/\/www.europesays.com\/fr\/wp-json\/wp\/v2\/posts"}],"about":[{"href":"https:\/\/www.europesays.com\/fr\/wp-json\/wp\/v2\/types\/post"}],"author":[{"embeddable":true,"href":"https:\/\/www.europesays.com\/fr\/wp-json\/wp\/v2\/users\/2"}],"replies":[{"embeddable":true,"href":"https:\/\/www.europesays.com\/fr\/wp-json\/wp\/v2\/comments?post=585325"}],"version-history":[{"count":0,"href":"https:\/\/www.europesays.com\/fr\/wp-json\/wp\/v2\/posts\/585325\/revisions"}],"wp:featuredmedia":[{"embeddable":true,"href":"https:\/\/www.europesays.com\/fr\/wp-json\/wp\/v2\/media\/585326"}],"wp:attachment":[{"href":"https:\/\/www.europesays.com\/fr\/wp-json\/wp\/v2\/media?parent=585325"}],"wp:term":[{"taxonomy":"category","embeddable":true,"href":"https:\/\/www.europesays.com\/fr\/wp-json\/wp\/v2\/categories?post=585325"},{"taxonomy":"post_tag","embeddable":true,"href":"https:\/\/www.europesays.com\/fr\/wp-json\/wp\/v2\/tags?post=585325"}],"curies":[{"name":"wp","href":"https:\/\/api.w.org\/{rel}","templated":true}]}}