{"id":585327,"date":"2025-12-08T01:18:13","date_gmt":"2025-12-08T01:18:13","guid":{"rendered":"https:\/\/www.europesays.com\/fr\/585327\/"},"modified":"2025-12-08T01:18:13","modified_gmt":"2025-12-08T01:18:13","slug":"la-france-ose-un-choix-inattendu","status":"publish","type":"post","link":"https:\/\/www.europesays.com\/fr\/585327\/","title":{"rendered":"La France ose un choix inattendu"},"content":{"rendered":"<p><strong>L&rsquo;ATP et la WTA ont d\u00e9voil\u00e9 la<br \/>\nliste des capitaines pour la United Cup qui se d\u00e9roulera dans moins<br \/>\nd&rsquo;un mois en Australie, et Lucas Pouille sera celui de la<br \/>\nFrance.<\/strong><\/p>\n<p>Le 3 janvier prochain \u00e0 Perth, l\u2019\u00e9quipe de France d\u00e9butera sa<br \/>\nUnited Cup avec un match contre la Suisse. A cette occasion, sauf<br \/>\nen cas de blessure durant la pr\u00e9paration estivale, Lo\u00efs Boisson<br \/>\nd\u00e9fiera Belinda Bencic puis Arthur Rinderknech affrontera Stan<br \/>\nWawrinka, avant un double mixte pour d\u00e9partager, si besoin, les<br \/>\ndeux \u00e9quipes. Et sur la chaise de capitaine, on retrouvera Lucas<br \/>\nPouille. L\u2019ATP et la WTA ont en effet d\u00e9voil\u00e9 la liste des<br \/>\ncapitaines pour cette comp\u00e9tition par \u00e9quipes mixtes, et le 556e<br \/>\nmondial sera celui des Bleus, succ\u00e9dant \u00e0 Edouard Roger-Vasselin et<br \/>\nFabrice Martin, qui l\u2019avaient \u00e9t\u00e9 lors des trois premi\u00e8res<br \/>\n\u00e9ditions.<\/p>\n<p>Pouille est toujours<br \/>\njoueur<\/p>\n<p>Victime d\u2019une rupture du tendon d\u2019Achille en f\u00e9vrier dernier<br \/>\nlors du Challenger de Lille et ensuite touch\u00e9 au poignet, Lucas<br \/>\nPouille, qui f\u00eatera ses 32 ans en f\u00e9vrier, souhaite reprendre le<br \/>\nfil de sa carri\u00e8re de joueur en 2026. Mais depuis plusieurs mois,<br \/>\nil a d\u00e9cid\u00e9 de se lancer dans le coaching en aidant, dans le box ou<br \/>\n\u00e0 distance, Arthur Rinderknech, le d\u00e9sormais n\u00b01 fran\u00e7ais et 29e<br \/>\nmondial, qui a disput\u00e9 la finale du Masters 1000 de Shanghai en<br \/>\noctobre dernier. \u00ab\u00a0J\u2019ai envie de continuer avec Arthur.<br \/>\nL\u2019id\u00e9e, c\u2019est de faire la pr\u00e9pa fonci\u00e8re, de partir en Australie et<br \/>\nde faire les premiers mois de l\u2019ann\u00e9e ensemble\u00a0\u00bb,<br \/>\nconfiait Lucas Pouille en octobre dernier.<\/p>\n<p>Double casquette pour<br \/>\nWawrinka<\/p>\n<p>Le Nordiste sera donc bel et bien du voyage \u00e0 Perth pour \u00eatre au<br \/>\nplus pr\u00e8s de son poulain, mais \u00e9galement prodiguer de pr\u00e9cieux<br \/>\nconseils \u00e0 la n\u00b01 fran\u00e7aise Lo\u00efs Boisson, qui va devoir confirmer<br \/>\nen 2026 son potentiel aper\u00e7u en 2025. A noter que parmi les<br \/>\ncapitaines de cette quatri\u00e8me \u00e9dition de la United Cup, on retrouve<br \/>\nquatre p\u00e8res de joueurs : celui d\u2019Alexander Zverev pour<br \/>\nl\u2019Allemagne, celui de Casper Ruud pour la Norv\u00e8ge, celui de Flavio<br \/>\nCobolli pour l\u2019Italie et celui de Stefanos Tsitsipas pour la Gr\u00e8ce.<br \/>\nStan Wawrinka sera quant \u00e0 lui \u00e0 la fois capitaine et joueur pour<br \/>\nla Suisse.<\/p>\n","protected":false},"excerpt":{"rendered":"L&rsquo;ATP et la WTA ont d\u00e9voil\u00e9 la liste des capitaines pour la United Cup qui se d\u00e9roulera dans&hellip;\n","protected":false},"author":2,"featured_media":585328,"comment_status":"","ping_status":"","sticky":false,"template":"","format":"standard","meta":{"footnotes":""},"categories":[1415],"tags":[709,6829,1011,27,21533,27435,63383,57681,60,1467,43775],"class_list":{"0":"post-585327","1":"post","2":"type-post","3":"status-publish","4":"format-standard","5":"has-post-thumbnail","7":"category-tennis","8":"tag-boisson","9":"tag-cup","10":"tag-fr","11":"tag-france","12":"tag-perth","13":"tag-pouille","14":"tag-rinderknech","15":"tag-sport365-fr","16":"tag-sports","17":"tag-tennis","18":"tag-united"},"share_on_mastodon":{"url":"https:\/\/pubeurope.com\/@fr\/115681316218897129","error":""},"_links":{"self":[{"href":"https:\/\/www.europesays.com\/fr\/wp-json\/wp\/v2\/posts\/585327","targetHints":{"allow":["GET"]}}],"collection":[{"href":"https:\/\/www.europesays.com\/fr\/wp-json\/wp\/v2\/posts"}],"about":[{"href":"https:\/\/www.europesays.com\/fr\/wp-json\/wp\/v2\/types\/post"}],"author":[{"embeddable":true,"href":"https:\/\/www.europesays.com\/fr\/wp-json\/wp\/v2\/users\/2"}],"replies":[{"embeddable":true,"href":"https:\/\/www.europesays.com\/fr\/wp-json\/wp\/v2\/comments?post=585327"}],"version-history":[{"count":0,"href":"https:\/\/www.europesays.com\/fr\/wp-json\/wp\/v2\/posts\/585327\/revisions"}],"wp:featuredmedia":[{"embeddable":true,"href":"https:\/\/www.europesays.com\/fr\/wp-json\/wp\/v2\/media\/585328"}],"wp:attachment":[{"href":"https:\/\/www.europesays.com\/fr\/wp-json\/wp\/v2\/media?parent=585327"}],"wp:term":[{"taxonomy":"category","embeddable":true,"href":"https:\/\/www.europesays.com\/fr\/wp-json\/wp\/v2\/categories?post=585327"},{"taxonomy":"post_tag","embeddable":true,"href":"https:\/\/www.europesays.com\/fr\/wp-json\/wp\/v2\/tags?post=585327"}],"curies":[{"name":"wp","href":"https:\/\/api.w.org\/{rel}","templated":true}]}}