{"id":585332,"date":"2025-12-08T01:24:23","date_gmt":"2025-12-08T01:24:23","guid":{"rendered":"https:\/\/www.europesays.com\/fr\/585332\/"},"modified":"2025-12-08T01:24:23","modified_gmt":"2025-12-08T01:24:23","slug":"neymar-joue-sa-peau-bruna-biancardi-et-sa-fille-debarquent","status":"publish","type":"post","link":"https:\/\/www.europesays.com\/fr\/585332\/","title":{"rendered":"Neymar joue sa peau, Bruna Biancardi et sa fille d\u00e9barquent"},"content":{"rendered":"<p>C\u2019est peut-\u00eatre le dernier match de la carri\u00e8re de Neymar avec Santos. A l\u2019occasion de l\u2019ultime journ\u00e9e du championnat br\u00e9silien, le club de Rio de Janeiro joue son maintien avec la r\u00e9ception de Cruzeiro. En grande forme lors des derni\u00e8res rencontres, Neymar a atteint le cap des 150 buts marqu\u00e9s avec Santos, ce qui lui a valu de recevoir un prix avant le match.\u00a0<\/p>\n<p><img decoding=\"async\" width=\"500\" height=\"280\" loading=\"lazy\" src=\"https:\/\/www.europesays.com\/fr\/wp-content\/uploads\/2025\/12\/iconsport-279351-0009-6935d59294d01.jpg@webp.webp\" class=\"w-auto h-auto\" alt=\"ICONSPORT_279351_0009\"\/><\/p>\n<p>Un avant-match marqu\u00e9 aussi par l\u2019apparition au bord du terrain de sa compagne et de la m\u00e8re de sa fille, Bruna Biancardi. Cette derni\u00e8re a fait sensation aupr\u00e8s de la foule m\u00eame si Neymar ne doit pas trop se d\u00e9concentrer. En effet, Santos joue son maintien et a besoin au moins d\u2019un match nul contre la formation de Leonardo Jardim pour assurer son maintien. Dans un championnat br\u00e9silien o\u00f9 les 13 premiers peuvent esp\u00e9rer se qualifier pour une comp\u00e9tition continentale, une victoire pourrait sauver la saison de la formation du \u00ab\u00a0Ney\u00a0\u00bb.\u00a0<\/p>\n","protected":false},"excerpt":{"rendered":"C\u2019est peut-\u00eatre le dernier match de la carri\u00e8re de Neymar avec Santos. A l\u2019occasion de l\u2019ultime journ\u00e9e du&hellip;\n","protected":false},"author":2,"featured_media":585333,"comment_status":"","ping_status":"","sticky":false,"template":"","format":"standard","meta":{"footnotes":""},"categories":[1359],"tags":[58,59,68351,1011,27,973],"class_list":{"0":"post-585332","1":"post","2":"type-post","3":"status-publish","4":"format-standard","5":"has-post-thumbnail","7":"category-people","8":"tag-divertissement","9":"tag-entertainment","10":"tag-foot-mondial","11":"tag-fr","12":"tag-france","13":"tag-people"},"share_on_mastodon":{"url":"https:\/\/pubeurope.com\/@fr\/115681340596112984","error":""},"_links":{"self":[{"href":"https:\/\/www.europesays.com\/fr\/wp-json\/wp\/v2\/posts\/585332","targetHints":{"allow":["GET"]}}],"collection":[{"href":"https:\/\/www.europesays.com\/fr\/wp-json\/wp\/v2\/posts"}],"about":[{"href":"https:\/\/www.europesays.com\/fr\/wp-json\/wp\/v2\/types\/post"}],"author":[{"embeddable":true,"href":"https:\/\/www.europesays.com\/fr\/wp-json\/wp\/v2\/users\/2"}],"replies":[{"embeddable":true,"href":"https:\/\/www.europesays.com\/fr\/wp-json\/wp\/v2\/comments?post=585332"}],"version-history":[{"count":0,"href":"https:\/\/www.europesays.com\/fr\/wp-json\/wp\/v2\/posts\/585332\/revisions"}],"wp:featuredmedia":[{"embeddable":true,"href":"https:\/\/www.europesays.com\/fr\/wp-json\/wp\/v2\/media\/585333"}],"wp:attachment":[{"href":"https:\/\/www.europesays.com\/fr\/wp-json\/wp\/v2\/media?parent=585332"}],"wp:term":[{"taxonomy":"category","embeddable":true,"href":"https:\/\/www.europesays.com\/fr\/wp-json\/wp\/v2\/categories?post=585332"},{"taxonomy":"post_tag","embeddable":true,"href":"https:\/\/www.europesays.com\/fr\/wp-json\/wp\/v2\/tags?post=585332"}],"curies":[{"name":"wp","href":"https:\/\/api.w.org\/{rel}","templated":true}]}}