{"id":585334,"date":"2025-12-08T01:25:12","date_gmt":"2025-12-08T01:25:12","guid":{"rendered":"https:\/\/www.europesays.com\/fr\/585334\/"},"modified":"2025-12-08T01:25:12","modified_gmt":"2025-12-08T01:25:12","slug":"le-photographe-britannique-martin-parr-celebre-pour-son-esthetique-saturee-est-decede-samedi-a-lage-de-73-ans","status":"publish","type":"post","link":"https:\/\/www.europesays.com\/fr\/585334\/","title":{"rendered":"Le photographe britannique Martin Parr, c\u00e9l\u00e8bre pour son esth\u00e9tique satur\u00e9e, est d\u00e9c\u00e9d\u00e9 samedi \u00e0 l\u2019\u00e2ge de 73 ans"},"content":{"rendered":"<p>Le photographe britannique Martin Parr, reconnaissable par son esth\u00e9tique aux couleurs satur\u00e9es et son regard plein d\u2019ironie sur ses compatriotes ou la soci\u00e9t\u00e9 de consommation, est mort samedi \u00e0 l\u2019\u00e2ge de 73\u00a0ans, a annonc\u00e9 sa fondation.<\/p>\n<p>\u00ab\u00a0C\u2019est avec une grande tristesse que nous annon\u00e7ons que Martin Parr (1952-2025) est d\u00e9c\u00e9d\u00e9 [samedi] \u00e0 son domicile \u00e0 Bristol\u00a0\u00bb, a-t-elle indiqu\u00e9 dimanche en m\u00eame temps que Magnum Photos, prestigieuse agence pour laquelle le photographe a longtemps travaill\u00e9.<\/p>\n<p>La cause de son d\u00e9c\u00e8s n\u2019a pas \u00e9t\u00e9 pr\u00e9cis\u00e9e, mais le photographe avait re\u00e7u un diagnostic de my\u00e9lome, un cancer h\u00e9matologique, en mai 2021.<\/p>\n<p>Corps cramoisis par le soleil, garden parties chapeaut\u00e9es\u2026 Martin Parr a acc\u00e9d\u00e9 au rang de star gr\u00e2ce \u00e0 son esth\u00e9tique inspir\u00e9e de la publicit\u00e9, avec gros plans et couleurs satur\u00e9es, sa touche british et ses th\u00e8mes de pr\u00e9dilection, comme le tourisme de masse ou le consum\u00e9risme.<\/p>\n<p>La notori\u00e9t\u00e9 de cet observateur de la vie britannique d\u00e9passe largement le cercle des amateurs de photographie, et son \u0153uvre, parfois tax\u00e9e de kitsch, lui a valu autant d\u2019admirateurs que de d\u00e9tracteurs.<\/p>\n<p>N\u00e9 dans le Surrey le 23\u00a0mai 1952, Martin Parr a \u00e9t\u00e9 initi\u00e9 \u00e0 la photographie par un grand-p\u00e8re passionn\u00e9. Lorsqu\u2019il d\u00e9bute dans les ann\u00e9es\u00a01970, apr\u00e8s des \u00e9tudes \u00e0 l\u2019Universit\u00e9 de Manchester, il r\u00e9alise des photos en noir et blanc, \u00e0 l\u2019instar des grands ma\u00eetres de l\u2019\u00e9poque, comme Henri Cartier-Bresson.<\/p>\n<p>Mais il est irr\u00e9m\u00e9diablement attir\u00e9 par des objets atypiques comme les cartes postales\u2026 et la couleur. \u00ab\u00a0Une fois que j\u2019ai essay\u00e9 la couleur, je ne suis plus jamais revenu en arri\u00e8re\u00a0\u00bb, racontait-il en 2022 \u00e0 l\u2019Agence France-Presse (AFP).<\/p>\n<p>C\u2019est au milieu des ann\u00e9es\u00a01980 qu\u2019il se fait remarquer avec Last Resort, clich\u00e9s de vacanciers de la classe moyenne \u00e0 Brighton, avec fish and chips, baigneurs \u00e0 la peau rougie et f\u00eates foraines pour enfants.<\/p>\n<p>Bon et mauvais go\u00fbt<\/p>\n<p>Cette s\u00e9rie pr\u00e9figure la suite de son \u0153uvre, avec son recours au flash m\u00eame en ext\u00e9rieur, et a marqu\u00e9 un tournant dans le style de la photographie documentaire britannique, m\u00eame si certains lui ont reproch\u00e9 son regard sur la classe ouvri\u00e8re de son pays.<\/p>\n<p>\u00ab\u00a0J\u2019aime et je hais l\u2019Angleterre en m\u00eame temps\u00a0\u00bb, d\u00e9clarait-il, apr\u00e8s le Brexit en 2016, auquel il s\u2019opposait. \u00ab\u00a0Ce que je fais dans ma photographie est de capturer cette ambigu\u00eft\u00e9 [\u2026] Je veux pouvoir exprimer les contradictions anglaises\u00a0: il y a du bon go\u00fbt et du mauvais go\u00fbt, et j\u2019essaye de m\u00e9langer les deux dans mes photographies.\u00a0\u00bb<\/p>\n<p>Apr\u00e8s un parcours sem\u00e9 d\u2019emb\u00fbches, Martin Parr devient membre \u00e0 part enti\u00e8re de l\u2019agence Magnum en 1994. Henri Cartier-Bresson s\u2019opposait \u00e0 son entr\u00e9e, avant de revenir sur sa d\u00e9cision. \u00ab\u00a0Nous appartenons \u00e0 deux syst\u00e8mes solaires diff\u00e9rents \u2014 et pourquoi pas\u00a0?\u00a0\u00bb finira-t-il par \u00e9crire \u00e0 Parr\u2026 qui sera \u00e0 la t\u00eate de Magnum, de 2013 \u00e0 2017.<\/p>\n<p>Pr\u00e9f\u00e9rant capturer le quotidien que de fr\u00e9quenter les zones de guerre, ce photographe portant chaussettes et sandales a aussi d\u00e9velopp\u00e9 une pratique du selfie avant l\u2019heure des r\u00e9seaux sociaux.<\/p>\n<p>Le tourisme de masse a sans nul doute \u00e9t\u00e9 le fil rouge de sa carri\u00e8re, ses photos de touristes faisant semblant de retenir la tour de Pise ou de Japonais mass\u00e9s sur une plage artificielle faisant le tour du monde.<\/p>\n<p>Il a aussi immortalis\u00e9 le consum\u00e9risme, les loisirs, le luxe, la malbouffe\u2026 et leurs \u00e9volutions sur quasiment un demi-si\u00e8cle.<\/p>\n<p>\u00ab\u00a0Nous sommes tous trop riches et nous consommons beaucoup trop de choses\u00a0\u00bb, observait le photographe d\u00e9but novembre dans une interview \u00e0 l\u2019AFP, \u00e0 l\u2019occasion de la sortie de son autobiographie visuelle avec 150 clich\u00e9s, baptis\u00e9e\u00a0Compl\u00e8tement paresseux et \u00e9tourdi.<\/p>\n<p>Grand collectionneur d\u2019objets insolites et de livres de photos, il a publi\u00e9 plus de 120\u00a0livres et poss\u00e9dait un fonds d\u2019archives de plus de 50\u00a0000 images, dont beaucoup sont archiv\u00e9es dans sa fondation, \u00e0 Bristol.<\/p>\n<p>Son \u0153uvre sera au centre d\u2019une r\u00e9trospective, Global Warning, \u00e0 partir du 30\u00a0janvier\u00a0au mus\u00e9e du Jeu de paume, \u00e0 Paris.<\/p>\n","protected":false},"excerpt":{"rendered":"Le photographe britannique Martin Parr, reconnaissable par son esth\u00e9tique aux couleurs satur\u00e9es et son regard plein d\u2019ironie sur&hellip;\n","protected":false},"author":2,"featured_media":585335,"comment_status":"","ping_status":"","sticky":false,"template":"","format":"standard","meta":{"footnotes":""},"categories":[1358],"tags":[1348,1384,1385,1386,58,59,1011,27],"class_list":{"0":"post-585334","1":"post","2":"type-post","3":"status-publish","4":"format-standard","5":"has-post-thumbnail","7":"category-arts-et-design","8":"tag-arts","9":"tag-arts-and-design","10":"tag-arts-et-design","11":"tag-design","12":"tag-divertissement","13":"tag-entertainment","14":"tag-fr","15":"tag-france"},"share_on_mastodon":{"url":"https:\/\/pubeurope.com\/@fr\/115681343744047278","error":""},"_links":{"self":[{"href":"https:\/\/www.europesays.com\/fr\/wp-json\/wp\/v2\/posts\/585334","targetHints":{"allow":["GET"]}}],"collection":[{"href":"https:\/\/www.europesays.com\/fr\/wp-json\/wp\/v2\/posts"}],"about":[{"href":"https:\/\/www.europesays.com\/fr\/wp-json\/wp\/v2\/types\/post"}],"author":[{"embeddable":true,"href":"https:\/\/www.europesays.com\/fr\/wp-json\/wp\/v2\/users\/2"}],"replies":[{"embeddable":true,"href":"https:\/\/www.europesays.com\/fr\/wp-json\/wp\/v2\/comments?post=585334"}],"version-history":[{"count":0,"href":"https:\/\/www.europesays.com\/fr\/wp-json\/wp\/v2\/posts\/585334\/revisions"}],"wp:featuredmedia":[{"embeddable":true,"href":"https:\/\/www.europesays.com\/fr\/wp-json\/wp\/v2\/media\/585335"}],"wp:attachment":[{"href":"https:\/\/www.europesays.com\/fr\/wp-json\/wp\/v2\/media?parent=585334"}],"wp:term":[{"taxonomy":"category","embeddable":true,"href":"https:\/\/www.europesays.com\/fr\/wp-json\/wp\/v2\/categories?post=585334"},{"taxonomy":"post_tag","embeddable":true,"href":"https:\/\/www.europesays.com\/fr\/wp-json\/wp\/v2\/tags?post=585334"}],"curies":[{"name":"wp","href":"https:\/\/api.w.org\/{rel}","templated":true}]}}